{"id":219559,"date":"2025-11-05T09:44:11","date_gmt":"2025-11-05T09:44:11","guid":{"rendered":"https:\/\/www.europesays.com\/es\/219559\/"},"modified":"2025-11-05T09:44:11","modified_gmt":"2025-11-05T09:44:11","slug":"de-su-espectacular-perdida-de-peso-a-su-relacion-con-yana-olina","status":"publish","type":"post","link":"https:\/\/www.europesays.com\/es\/219559\/","title":{"rendered":"de su espectacular p\u00e9rdida de peso a su relaci\u00f3n con Yana Olina"},"content":{"rendered":"<p data-journey-content=\"true\" data-node-id=\"3\" class=\"css-6wxqfj emevuu60\"><strong data-node-id=\"3.0\">Descubre todos los secretos de la nueva vida de David Bustamante.<\/strong> En el nuevo n\u00famero de DIEZ MINUTOS, analizamos todos los detalles de la etapa m\u00e1s dulce del cantante, justo cuando se cumplen 24 a\u00f1os de su debut en <a href=\"https:\/\/www.diezminutos.es\/operacion-triunfo\/\" target=\"_blank\" data-vars-ga-outbound-link=\"https:\/\/www.diezminutos.es\/operacion-triunfo\/\" data-vars-ga-ux-element=\"Hyperlink\" data-vars-ga-call-to-action=\"&#039;Operaci\u00f3n Triunfo&#039;\" data-node-id=\"3.2\" class=\"body-link css-177bzfx emevuu60\" rel=\"nofollow noopener\">&#8216;Operaci\u00f3n Triunfo&#8217;<\/a>. Justo hace un a\u00f1o, en noviembre de 2024, el c\u00e1ntabro<a href=\"https:\/\/www.diezminutos.es\/famosos-corazon\/famosos-espanoles\/a62749514\/david-bustamante-entrevista-disco-inedito-novia-yana-olina\/\" target=\"_blank\" data-vars-ga-outbound-link=\"https:\/\/www.diezminutos.es\/famosos-corazon\/famosos-espanoles\/a62749514\/david-bustamante-entrevista-disco-inedito-novia-yana-olina\/\" data-vars-ga-ux-element=\"Hyperlink\" data-vars-ga-call-to-action=\" se sinceraba con nuestra revista\" data-node-id=\"3.4\" class=\"body-link css-177bzfx emevuu60\" rel=\"nofollow noopener\"> se sinceraba con nuestra revista<\/a> para hablar de su nuevo disco y nos confes\u00f3 que estaba intentando dejar de fumar. \u00abTengo una ansiedad que me lo como todo. Me falta constancia\u00bb, revel\u00f3 entonces. Pero, ahora, justo un a\u00f1o despu\u00e9s, <strong data-node-id=\"3.6\">el cantante es un hombre nuevo, renovado, y no solo nos referimos a su p\u00e9rdida de peso.<\/strong> Bustamante atraviesa una etapa muy dulce: su \u00faltima gira est\u00e1 siendo una de las m\u00e1s exitosas de su carrera, se acaba de cambiar de casa, sigue feliz junto a Yana Olina y <strong data-node-id=\"3.8\">ha logrado ponerse en forma gracias al ejercicio f\u00edsico y a una dieta equilibrada.<\/strong> <\/p>\n<p data-journey-content=\"true\" data-node-id=\"6\" class=\"css-6wxqfj emevuu60\"><strong data-node-id=\"6.0\">David Bustamante<\/strong>, que en &#8216;El Hormiguero&#8217; <a href=\"https:\/\/www.diezminutos.es\/famosos-corazon\/famosos-espanoles\/a69047427\/david-bustamante-el-hormiguero-criticas-cambio-fisico\/\" target=\"_blank\" data-vars-ga-outbound-link=\"https:\/\/www.diezminutos.es\/famosos-corazon\/famosos-espanoles\/a69047427\/david-bustamante-el-hormiguero-criticas-cambio-fisico\/\" data-vars-ga-ux-element=\"Hyperlink\" data-vars-ga-call-to-action=\"contest\u00f3 a los que critican sus cambios de peso\" data-node-id=\"6.2\" class=\"body-link css-177bzfx emevuu60\" rel=\"nofollow noopener\">contest\u00f3 a los que critican sus cambios de peso<\/a>, <strong data-node-id=\"6.4\">ha perdido 20 kilos y explica cu\u00e1les son sus nuevas rutinas.<\/strong> \u00abCamino en ayunas todas las ma\u00f1anas y luego me voy a ver a mi tocayo (su entrenador David Navarro). Empezamos haciendo fuerza durante una hora de manera muy din\u00e1mica, pero a m\u00ed me duele el cuerpo siempre, es una maravilla, un &#8216;dologusto&#8217;. Por la noche hago una hora de cardio, ya sea nadando, jugando al tenis, al p\u00e1del\u2026\u00bb, confiesa el c\u00e1ntabro. Su entrenador asegura que el cantante es \u00abs\u00faper disciplinado\u00bb, aunque le cost\u00f3 entender la importancia del descanso. <\/p>\n<p><img draggable=\"true\" alt=\"david bustamante sin camiseta y con gorra presume de abdominales y torso\" title=\"David Bustamante presume de torso y abdominales\" loading=\"lazy\" width=\"3000\" height=\"4568\" decoding=\"async\" data-nimg=\"1\" style=\"color:transparent;width:100%;height:auto;\"   src=\"https:\/\/www.europesays.com\/es\/wp-content\/uploads\/2025\/11\/david-bustamante-torso-6909d383bc8b5.jpg\" class=\"css-0 e1g79fud0\"\/><\/p>\n<p>@davibusta\/\/Instagram<\/p>\n<p><img draggable=\"true\" alt=\"david bustamante posa con traje y una varita en una fiesta de la fundacion pequeno deseo en octubre de 2025\" title=\"David Bustamante\" loading=\"lazy\" width=\"3000\" height=\"5118\" decoding=\"async\" data-nimg=\"1\" style=\"color:transparent;width:100%;height:auto;\"   src=\"https:\/\/www.europesays.com\/es\/wp-content\/uploads\/2025\/11\/david-bustamante-cuerpo-entero-octubre-2025-6909d838a3850.jpg\" class=\"css-0 e1g79fud0\"\/><\/p>\n<p>Gtres\u200b<\/p>\n<p data-journey-content=\"true\" data-node-id=\"10\" class=\"body-tip css-zm1dlw emevuu60\"><strong data-node-id=\"10.0\">Puedes leer gratis esta noticia y otras exclusivas de los personajes m\u00e1s destacados del coraz\u00f3n. <a href=\"https:\/\/link.diezminutos.es\/join\/7qz\/diezminutos-signup?utm_source=signup_page&amp;utm_medium=general&amp;utm_campaign=general_footer\" target=\"_blank\" data-vars-ga-outbound-link=\"https:\/\/link.diezminutos.es\/join\/7qz\/diezminutos-signup?utm_source=signup_page&amp;utm_medium=general&amp;utm_campaign=general_footer\" data-vars-ga-ux-element=\"Hyperlink\" data-vars-ga-call-to-action=\"SUSCR\u00cdBETE A LA NEWSLETTER DE DIEZ MINUTOS\" data-node-id=\"10.0.1\" data-mrf-link=\"https:\/\/link.diezminutos.es\/join\/7qz\/diezminutos-signup?utm_source=signup_page&amp;utm_medium=general&amp;utm_campaign=general_footer\" class=\"body-link css-177bzfx emevuu60\" rel=\"nofollow noopener\">SUSCR\u00cdBETE A LA NEWSLETTER DE DIEZ MINUTOS<\/a><\/strong><\/p>\n<p data-journey-content=\"true\" data-node-id=\"14\" class=\"css-6wxqfj emevuu60\">Desde que est\u00e1 en forma, David Bustamante, que ha compartido sus \u00faltimos logros f\u00edsicos en sus redes sociales como puedes ver arriba y confes\u00f3 en DIEZ MINUTOS sus <a href=\"https:\/\/www.diezminutos.es\/moda-belleza\/belleza\/a62771068\/david-bustamante-secretos-belleza\/\" target=\"_blank\" data-vars-ga-outbound-link=\"https:\/\/www.diezminutos.es\/moda-belleza\/belleza\/a62771068\/david-bustamante-secretos-belleza\/\" data-vars-ga-ux-element=\"Hyperlink\" data-vars-ga-call-to-action=\"secretos de belleza\" data-node-id=\"14.1\" class=\"body-link css-177bzfx emevuu60\" rel=\"nofollow noopener\">secretos de belleza<\/a>, se siente m\u00e1s c\u00f3modo encima de los escenarios y su p\u00fablico lo nota. La gira &#8216;In\u00e9dito&#8217; ha sido un \u00e9xito y <strong data-node-id=\"14.3\">tiene por delante una fecha que le hace especial ilusi\u00f3n: llenar la Plaza de las Ventas, en Madrid, el pr\u00f3ximo 30 de noviembre.<\/strong> David lleva 24 a\u00f1os de carrera, y pocos artistas consiguen lo que \u00e9l ha hecho este a\u00f1o.<\/p>\n<p>David Bustamante, feliz al lado de Yana Olina: \u00abEstamos 24 horas juntos\u00bb <\/p>\n<p data-journey-content=\"true\" data-node-id=\"17\" class=\"css-6wxqfj emevuu60\">Adem\u00e1s de vivir un excelente momento profesional, <strong data-node-id=\"17.1\">David Bustamante vive un gran momento personal al lado de <a href=\"https:\/\/www.diezminutos.es\/famosos-corazon\/famosos-espanoles\/a64262878\/felicitacion-david-bustamante-yana-olina-mejor-de-los-refugios\/\" target=\"_blank\" data-vars-ga-outbound-link=\"https:\/\/www.diezminutos.es\/famosos-corazon\/famosos-espanoles\/a64262878\/felicitacion-david-bustamante-yana-olina-mejor-de-los-refugios\/\" data-vars-ga-ux-element=\"Hyperlink\" data-vars-ga-call-to-action=\"su novia, Yana Olina\" data-node-id=\"17.1.1\" class=\"body-link css-177bzfx emevuu60\" rel=\"nofollow noopener\">su novia, Yana Olina<\/a>.<\/strong> \u00abEstamos 24 horas juntos. Ella curra conmigo, viaja conmigo\u2026 todo. Somos un equipo y encima yo noto que no nos quemamos, y eso es muy dif\u00edcil de conseguir. Nosotros vivimos el presente, no nos preocupa eso de cumplir etapas. Ahora estamos enfocados en aprender de nuestros pasados y mirar al futuro con mucha ilusi\u00f3n, pero sin rutas a seguir\u00bb, nos confes\u00f3. <\/p>\n<p><img draggable=\"true\" alt=\"david bustamante yana olina\" title=\"david bustamante yana olina\" loading=\"lazy\" width=\"2200\" height=\"1242\" decoding=\"async\" data-nimg=\"1\" style=\"color:transparent;width:100%;height:auto;\"   src=\"https:\/\/www.europesays.com\/es\/wp-content\/uploads\/2025\/11\/bustamante-yana-67dfdefc994ec.jpg\" class=\"css-0 e1g79fud0\"\/><\/p>\n<p>Instagram<\/p>\n<p data-journey-content=\"true\" data-node-id=\"22\" class=\"css-6wxqfj emevuu60\"><strong data-node-id=\"22.0\">Adem\u00e1s, su relaci\u00f3n con su ex, Paula Echevarr\u00eda, es muy cordial <\/strong>y <a href=\"https:\/\/www.diezminutos.es\/famosos-corazon\/famosos-espanoles\/a64976379\/david-bustamante-reaccion-posado-hija-daniella-bustamante-paula-echevarria-photocall-premios-elle\/\" target=\"_blank\" data-vars-ga-outbound-link=\"https:\/\/www.diezminutos.es\/famosos-corazon\/famosos-espanoles\/a64976379\/david-bustamante-reaccion-posado-hija-daniella-bustamante-paula-echevarria-photocall-premios-elle\/\" data-vars-ga-ux-element=\"Hyperlink\" data-vars-ga-call-to-action=\"reman en la misma direcci\u00f3n en la educaci\u00f3n de su hija Daniella\" data-node-id=\"22.2\" class=\"body-link css-177bzfx emevuu60\" rel=\"nofollow noopener\">reman en la misma direcci\u00f3n en la educaci\u00f3n de su hija Daniella<\/a>. \u00abEstamos muy orgullosos de ella\u00bb, asegura el cantante. En el nuevo n\u00famero de DIEZ MINUTOS podr\u00e1s leer todos los secretos de la nueva vida de David Bustamante. \u00a1Corre al kiosco y no te quedes sin ella!<\/p>\n<p><img draggable=\"true\" alt=\"david bustamante en la portada de diez minutos\" title=\"Portada Diez Minutos 3873 David Bustamante nueva vida\" loading=\"lazy\" width=\"3000\" height=\"4091\" decoding=\"async\" data-nimg=\"1\" style=\"color:transparent;width:100%;height:auto;\"   src=\"https:\/\/www.europesays.com\/es\/wp-content\/uploads\/2025\/11\/portada-diez-minutos-3873-david-bustamante-6909d5eb61f59.jpg\" class=\"css-0 e1g79fud0\"\/><\/p>\n<p>Hearst<\/p>\n<p><img src=\"https:\/\/www.europesays.com\/es\/wp-content\/uploads\/2025\/11\/1762335851_163_efed3e56-411c-4c5f-aad1-8194ce4fe362_1700500172.file\" alt=\"Headshot of Redacci\u00f3n Diez Minutos\" title=\"Headshot of Redacci\u00f3n Diez Minutos\" width=\"100%\" height=\"100%\" decoding=\"async\" loading=\"lazy\" class=\"css-o0wq4v ev8dhu53\"\/><\/p>\n<p>\u00a0En Diez Minutos somos especialistas en cubrir todas las noticias del coraz\u00f3n y de la monarqu\u00eda para acercarte a las vidas de todos esos personajes a los que admiras.<\/p>\n<p>Descubre con nosotros la \u00faltima hora de los famosos nacionales e internacionales m\u00e1s relevantes: sus pol\u00e9micas, sus historias amorosas y familiares y sus proyectos profesionales con nuestras entrevistas, videos y reportajes. Tambi\u00e9n te mostramos el d\u00eda a d\u00eda de la realeza, cont\u00e1ndote con especial detalle la vida personal y familiar de nuestros Reyes: Felipe VI y Letizia y sus hijas Leonor y Sof\u00eda.<\/p>\n<p>Diez Minutos es mucho m\u00e1s que cr\u00f3nica social. Queremos hacerte la vida m\u00e1s f\u00e1cil y cuidar de ti. Por eso, publicamos una amplia selecci\u00f3n de contenidos pr\u00e1cticos para ayudarte en tu econom\u00eda dom\u00e9stica, en la decoraci\u00f3n de tu casa o en tu bienestar f\u00edsico y emocional. Tambi\u00e9n encontrar\u00e1s todo tipo de noticias y reportajes sobre el embarazo y la maternidad para facilitarte este proceso de la vida.<\/p>\n<p>La cocina es otra parte fundamental de esta gu\u00eda pr\u00e1ctica con la mejor selecci\u00f3n de recetas y consejos para llevar una dieta saludable y variada. Y todo ello sin olvidarnos de los contenidos de moda y belleza que te har\u00e1n estar a la \u00faltima en las tendencias del momento con numerosas propuestas, ofertas y novedades.<\/p>\n<p>Te lo contamos todo con la misma rigurosidad y cercan\u00eda con la que te llevamos acompa\u00f1ando desde hace 72 a\u00f1os, cuando un 1 de septiembre de 1951 la revista vio la luz por primera vez. Muchas cosas han cambiado en lo que se refiere a la parte t\u00e9cnica, pero lo que te aseguramos es que el equipo que forma esta redacci\u00f3n realiza su trabajo con entusiasmo y entrega pensando en cada uno de vosotros para que encontr\u00e9is aqu\u00ed el sitio ideal donde disfrutar de la vida.<\/p>\n<p>El equipo digital de Diez Minutos est\u00e1 formado por:<\/p>\n<p><a href=\"https:\/\/www.diezminutos.es\/author\/15369\/rosa-prieto\/\" rel=\"nofollow noopener\" target=\"_blank\">Rosa Prieto:<\/a> Directora digital.<\/p>\n<p><a href=\"https:\/\/www.diezminutos.es\/author\/18095\/silvia-criado\/\" rel=\"nofollow noopener\" target=\"_blank\">Silvia Criado:<\/a> Jefa de secci\u00f3n digital.<\/p>\n<p><a href=\"https:\/\/www.diezminutos.es\/author\/16262\/magdalena-pinero\/\" rel=\"nofollow noopener\" target=\"_blank\">Magdalena Pi\u00f1ero:<\/a> redactora digital.\u00a0<\/p>\n<p><a href=\"https:\/\/www.diezminutos.es\/author\/16270\/daniel-reyes\/\" rel=\"nofollow noopener\" target=\"_blank\">Daniel Reyes:<\/a> redactor digital.<\/p>\n<p><a href=\"https:\/\/www.diezminutos.es\/author\/221934\/ignacio-herruzo\/\" rel=\"nofollow noopener\" target=\"_blank\">Ignacio Herruzo<\/a>: redactor digital.<\/p>\n<p><a href=\"https:\/\/www.diezminutos.es\/author\/740003\/nora-camara\/\" rel=\"nofollow noopener\" target=\"_blank\">Nora C\u00e1mara<\/a>: redactora digital.\u00a0<\/p>\n","protected":false},"excerpt":{"rendered":"Descubre todos los secretos de la nueva vida de David Bustamante. En el nuevo n\u00famero de DIEZ MINUTOS,&hellip;\n","protected":false},"author":2,"featured_media":219560,"comment_status":"","ping_status":"","sticky":false,"template":"","format":"standard","meta":{"footnotes":""},"categories":[174],"tags":[255,58620,146,147,25,24,256,12719,23],"class_list":{"0":"post-219559","1":"post","2":"type-post","3":"status-publish","4":"format-standard","5":"has-post-thumbnail","7":"category-famosos","8":"tag-celebrities","9":"tag-discove","10":"tag-entertainment","11":"tag-entretenimiento","12":"tag-es","13":"tag-espana","14":"tag-famosos","15":"tag-print","16":"tag-spain"},"share_on_mastodon":{"url":"https:\/\/pubeurope.com\/@es\/115496449940334628","error":""},"_links":{"self":[{"href":"https:\/\/www.europesays.com\/es\/wp-json\/wp\/v2\/posts\/219559","targetHints":{"allow":["GET"]}}],"collection":[{"href":"https:\/\/www.europesays.com\/es\/wp-json\/wp\/v2\/posts"}],"about":[{"href":"https:\/\/www.europesays.com\/es\/wp-json\/wp\/v2\/types\/post"}],"author":[{"embeddable":true,"href":"https:\/\/www.europesays.com\/es\/wp-json\/wp\/v2\/users\/2"}],"replies":[{"embeddable":true,"href":"https:\/\/www.europesays.com\/es\/wp-json\/wp\/v2\/comments?post=219559"}],"version-history":[{"count":0,"href":"https:\/\/www.europesays.com\/es\/wp-json\/wp\/v2\/posts\/219559\/revisions"}],"wp:featuredmedia":[{"embeddable":true,"href":"https:\/\/www.europesays.com\/es\/wp-json\/wp\/v2\/media\/219560"}],"wp:attachment":[{"href":"https:\/\/www.europesays.com\/es\/wp-json\/wp\/v2\/media?parent=219559"}],"wp:term":[{"taxonomy":"category","embeddable":true,"href":"https:\/\/www.europesays.com\/es\/wp-json\/wp\/v2\/categories?post=219559"},{"taxonomy":"post_tag","embeddable":true,"href":"https:\/\/www.europesays.com\/es\/wp-json\/wp\/v2\/tags?post=219559"}],"curies":[{"name":"wp","href":"https:\/\/api.w.org\/{rel}","templated":true}]}}