{"id":219572,"date":"2025-11-05T09:53:09","date_gmt":"2025-11-05T09:53:09","guid":{"rendered":"https:\/\/www.europesays.com\/es\/219572\/"},"modified":"2025-11-05T09:53:09","modified_gmt":"2025-11-05T09:53:09","slug":"asi-sera-el-paso-del-cometa-3i-atlas-cerca-de-la-tierra","status":"publish","type":"post","link":"https:\/\/www.europesays.com\/es\/219572\/","title":{"rendered":"As\u00ed ser\u00e1 el paso del cometa 3I\/ATLAS cerca de la Tierra"},"content":{"rendered":"<p>El pr\u00f3ximo<strong> 19 de diciembre de 2025 <\/strong>se convertir\u00e1 en una fecha destacada para la comunidad astron\u00f3mica. Ese d\u00eda, el objeto interestelar <strong>3I\/ATLAS alcanzar\u00e1<\/strong> <strong>su punto de mayor cercan\u00eda a la Tierra,<\/strong> brindando una oportunidad \u00fanica para estudiar su composici\u00f3n, comportamiento y origen. Aunque no representa ning\u00fan riesgo para nuestro planeta, su paso permitir\u00e1 a los cient\u00edficos realizar observaciones detalladas que podr\u00edan arrojar luz sobre uno de los visitantes m\u00e1s enigm\u00e1ticos del espacio profundo.<\/p>\n<p>Un viajero de otra estrella<\/p>\n<p>Detectado por el sistema de alerta <strong>ATLAS<\/strong>, <strong>3I\/ATLAS es el tercer objeto interestelar confirmado que cruza nuestro Sistema Solar<\/strong>, despu\u00e9s de<strong> <\/strong>&#8216;Oumuamua en 2017 y el cometa Borisov en 2019. Su denominaci\u00f3n indica precisamente su condici\u00f3n: \u00ab3I\u00bb se traduce como \u00abtercero interestelar\u00bb.<\/p>\n<p>Los estudios sugieren que <strong>3I\/ATLAS<\/strong> se form\u00f3 <strong>hace m\u00e1s de diez millones de a\u00f1os<\/strong> en un sistema planetario lejano y que desde entonces ha recorrido vastas distancias a trav\u00e9s de la <strong>V\u00eda L\u00e1ctea<\/strong> hasta llegar a nuestro vecindario solar. Desde su descubrimiento, su trayectoria y aceleraci\u00f3n han generado debate entre los astr\u00f3nomos, debido a que no se ajustan completamente a los modelos f\u00edsicos que se aplican a <strong>cometas <\/strong>tradicionales.<\/p>\n<p>Cercan\u00eda hist\u00f3rica y sin precedentes<\/p>\n<p><strong>3I\/ATLAS alcanzar\u00e1 su m\u00ednima distancia de la Tierra<\/strong>, aproximadamente 1.8 unidades astron\u00f3micas, lo que equivale a unos <strong>270 millones de kil\u00f3metros<\/strong>. A pesar de encontrarse a una distancia segura, su proximidad permitir\u00e1 un seguimiento m\u00e1s detallado que nunca mediante telescopios profesionales y aficionados.<\/p>\n<p>            <a class=\"articulo-relacionado__media\" href=\"https:\/\/www.elindependiente.com\/futuro\/2025\/10\/30\/atlas-cometa-interestelar-sorprende-nasa\/\" title=\"3I\/ATLAS: el misterioso cometa interestelar que estudia la NASA tras cruzar el Sistema Solar a 220.000 km\/h\" rel=\"nofollow noopener\" target=\"_blank\"><\/p>\n<p>                <img loading=\"lazy\" decoding=\"async\" src=\"data:image\/svg+xml,%3Csvg%20xmlns=\" http:=\"\" width=\"390\" height=\"220\" alt=\"3I\/ATLAS: el misterioso cometa interestelar que estudia la NASA tras cruzar el Sistema Solar a 220.000 km\/h\" data-lazy-src=\"https:\/\/www.europesays.com\/es\/wp-content\/uploads\/2025\/11\/fotonoticia-20250722133248-1200-390x220.jpg\"\/><\/p>\n<p>\t\t\t            <\/a><\/p>\n<p>Agencias como la <strong><a href=\"https:\/\/www.elindependiente.com\/etiquetas\/nasa\/#google_vignette\" rel=\"nofollow noopener\" target=\"_blank\">NASA<\/a><\/strong>, la ESA y el Observatorio Europeo Austral (ESO) han planificado una campa\u00f1a internacional de observaci\u00f3n que se extender\u00e1 desde noviembre de 2025 hasta enero de 2026. El JPL de la NASA ha detectado que el objeto presenta una aceleraci\u00f3n no gravitacional, un fen\u00f3meno que ya se observ\u00f3 en &#8216;Oumuamua y que podr\u00eda explicarse por la expulsi\u00f3n de gas, aunque a\u00fan no hay certezas.<\/p>\n<p>La inc\u00f3gnita sobre su origen<\/p>\n<p>Desde su descubrimiento, 3I\/ATLAS ha despertado tanto la fascinaci\u00f3n como la cautela de los cient\u00edficos. Algunos investigadores han sugerido la posibilidad de que <strong>se trate de un objeto de origen artificial,<\/strong> como una sonda o fragmento tecnol\u00f3gico proveniente de otro sistema estelar, aunque no existen pruebas que confirmen esta hip\u00f3tesis.<\/p>\n<p>La mayor\u00eda de los expertos se mantiene prudente y coincide en que lo que s\u00ed es innegable es su <strong>brillo excepcional y su actividad mayor que la de Borisov<\/strong>, lo que lo convierte en un objetivo ideal para estudios astron\u00f3micos. Esto permitir\u00e1 analizar con detalle su composici\u00f3n y comportamiento, y permitir\u00e1 que los aficionados con telescopios medianos puedan observarlo como un objeto difuso de magnitud 12 o 13.<\/p>\n<p>C\u00f3mo localizarlo desde Espa\u00f1a<\/p>\n<p>Para quienes se encuentren en lugares como Madrid, el cometa <strong>ser\u00e1 complicado de observar sin instrumentos adecuados<\/strong>. Durante noviembre y principios de diciembre reaparecer\u00e1 en el cielo antes del amanecer tras su conjunci\u00f3n con el <strong>Sol.<\/strong> Aunque el 19 de diciembre es el d\u00eda de <strong>su menor distancia a la Tierra,<\/strong> esto no garantiza que sea el momento de mayor visibilidad.<\/p>\n<p>Se recomienda consultar efem\u00e9rides o mapas celestes para conocer su posici\u00f3n exacta y buscar un horizonte despejado hacia el Este-Sudeste. <strong>Un telescopio de<\/strong> <strong>al menos 200 mm de apertura<\/strong> ser\u00e1 necesario para distinguirlo. Es importante contar con un plan alternativo, ya que el objeto podr\u00eda encontrarse bajo en el cielo o su brillo a\u00fan atenuado por la<strong> luz solar.<\/strong><\/p>\n<p>Una ventana al universo lejano<\/p>\n<p><strong>El paso de este<\/strong> <strong>cometa interestelar<\/strong> representa una oportunidad cient\u00edfica excepcional. Los objetos interestelares transportan materiales y compuestos que se formaron en otras estrellas hace millones de a\u00f1os y act\u00faan como mensajeros naturales del espacio profundo. Su estudio puede proporcionar informaci\u00f3n valiosa sobre los procesos de formaci\u00f3n planetaria m\u00e1s all\u00e1 de<strong> nuestro Sistema Solar y sobre la historia qu\u00edmica del universo.<\/strong><\/p>\n<p>Aunque su naturaleza final sigue siendo un misterio,<strong> 3I\/ATLAS <\/strong>ofrece una cita imperdible para astr\u00f3nomos profesionales y aficionados. Su paso podr\u00eda revelar secretos sobre el origen de estos visitantes interestelares y, quiz\u00e1s, aportar pistas sobre la posibilidad de vida o estructuras artificiales en otras partes de la galaxia.<\/p>\n<p>            <a class=\"articulo-relacionado__media\" href=\"https:\/\/www.elindependiente.com\/futuro\/2025\/10\/22\/3i-atlas-cometa-interestelar-atraviesa-cielo\/\" title=\"El cometa 3I\/ATLAS: &quot;Una c\u00e1psula del tiempo interestelar&quot;\" rel=\"nofollow noopener\" target=\"_blank\"><\/p>\n<p>                <img loading=\"lazy\" decoding=\"async\" src=\"data:image\/svg+xml,%3Csvg%20xmlns=\" http:=\"\" width=\"390\" height=\"220\" alt=\"El cometa 3I\/ATLAS: &quot;Una c\u00e1psula del tiempo interestelar&quot;\" data-lazy-src=\"https:\/\/www.europesays.com\/es\/wp-content\/uploads\/2025\/10\/rss-efe6e2486e13a2fc022fc61e2ed28a6175087f1f257w-390x220.webp.webp\"\/><\/p>\n<p>\t\t\t            <\/a><\/p>\n<p>PUBLICIDAD<\/p>\n","protected":false},"excerpt":{"rendered":"El pr\u00f3ximo 19 de diciembre de 2025 se convertir\u00e1 en una fecha destacada para la comunidad astron\u00f3mica. Ese&hellip;\n","protected":false},"author":2,"featured_media":219573,"comment_status":"","ping_status":"","sticky":false,"template":"","format":"standard","meta":{"footnotes":""},"categories":[81],"tags":[119,123,124,25,24,117,121,122,975,492,23,118,120],"class_list":{"0":"post-219572","1":"post","2":"type-post","3":"status-publish","4":"format-standard","5":"has-post-thumbnail","7":"category-ciencia-y-tecnologia","8":"tag-ciencia","9":"tag-ciencia-y-tecnologia","10":"tag-cienciaytecnologia","11":"tag-es","12":"tag-espana","13":"tag-science","14":"tag-science-and-technology","15":"tag-scienceandtechnology","16":"tag-seo","17":"tag-sociedad","18":"tag-spain","19":"tag-technology","20":"tag-tecnologia"},"share_on_mastodon":{"url":"https:\/\/pubeurope.com\/@es\/115496485131014962","error":""},"_links":{"self":[{"href":"https:\/\/www.europesays.com\/es\/wp-json\/wp\/v2\/posts\/219572","targetHints":{"allow":["GET"]}}],"collection":[{"href":"https:\/\/www.europesays.com\/es\/wp-json\/wp\/v2\/posts"}],"about":[{"href":"https:\/\/www.europesays.com\/es\/wp-json\/wp\/v2\/types\/post"}],"author":[{"embeddable":true,"href":"https:\/\/www.europesays.com\/es\/wp-json\/wp\/v2\/users\/2"}],"replies":[{"embeddable":true,"href":"https:\/\/www.europesays.com\/es\/wp-json\/wp\/v2\/comments?post=219572"}],"version-history":[{"count":0,"href":"https:\/\/www.europesays.com\/es\/wp-json\/wp\/v2\/posts\/219572\/revisions"}],"wp:featuredmedia":[{"embeddable":true,"href":"https:\/\/www.europesays.com\/es\/wp-json\/wp\/v2\/media\/219573"}],"wp:attachment":[{"href":"https:\/\/www.europesays.com\/es\/wp-json\/wp\/v2\/media?parent=219572"}],"wp:term":[{"taxonomy":"category","embeddable":true,"href":"https:\/\/www.europesays.com\/es\/wp-json\/wp\/v2\/categories?post=219572"},{"taxonomy":"post_tag","embeddable":true,"href":"https:\/\/www.europesays.com\/es\/wp-json\/wp\/v2\/tags?post=219572"}],"curies":[{"name":"wp","href":"https:\/\/api.w.org\/{rel}","templated":true}]}}