{"id":219578,"date":"2025-11-05T09:56:12","date_gmt":"2025-11-05T09:56:12","guid":{"rendered":"https:\/\/www.europesays.com\/es\/219578\/"},"modified":"2025-11-05T09:56:12","modified_gmt":"2025-11-05T09:56:12","slug":"juan-carlos-i-aterriza-en-espana-el-dia-que-se-publican-sus-memorias-en-francia-esta-muy-contento-el-mundo","status":"publish","type":"post","link":"https:\/\/www.europesays.com\/es\/219578\/","title":{"rendered":"Juan Carlos I aterriza en Espa\u00f1a el d\u00eda que se publican sus memorias en Francia: &quot;Est\u00e1 muy contento&quot; &#8211; El Mundo"},"content":{"rendered":"<ol>\n<li><a href=\"https:\/\/news.google.com\/rss\/articles\/CBMiekFVX3lxTE1MRDF3WWpxc21JM2RqMzRXOE41TFdvUERuaUxtQTZncnd2M1k5NFhCZ0xIR2dWdmVVT1JZYU1yZ0xISTFUM0l0UXNROHhEc0pLdnAtZkZpSEllMlJKbkx5MnlhMTRZc3EzWXNybWVUUXFwLUhmYjU4Z3N30gF6QVVfeXFMT1BGUFV5U3hTanJtazdrS1M1REtwWnVNdnlzcWlic0hUTEpOQ0kzZHhhV2VubnpqTGNuUklvSXk0T2xzR2EwelVlUnRIUzNrcVpkMXhfQ2twTkpqdXh1NTRDQU12eHExMHhxMFc0RXBTbUVFckl2eFQxaHc?oc=5\" target=\"_blank\" rel=\"nofollow noopener\">Juan Carlos I aterriza en Espa\u00f1a el d\u00eda que se publican sus memorias en Francia: \u00abEst\u00e1 muy contento\u00bb<\/a>&nbsp;&nbsp;El Mundo<\/li>\n<li><a href=\"https:\/\/news.google.com\/rss\/articles\/CBMiigJBVV95cUxOUS1iN0RCdnVPcVhMNmJKTkdad3kxZm0zTW01WGVQQTlRajdmOU9mQURFVjJ2TjRld2d1eW41WFFVMXFTaks4blltbWY1ZmxJeDVmOWpsbVFDVFVxWUkyMjVlc0hFeHFRT0l2ZU4yN1h2MThvMmNqb2w2R1ZtYzB4OG5zd2Z5VnZPSEhyekYzczVwRmNDZXcwXzU5M3F1ZWZOWUNaNmVHSWVYaU05d3Ixc1NNU2RXQ3hHT1JsQmxmcmZlUDJLQmRFQm5lN2J2X2ZSVkRPNzRMOGprT0JVUElyTHRvbUlCeW9kYkpDZk9OZ3VTNEYtRWxQWWluYjJCOGYteFZvMTdqamNQZw?oc=5\" target=\"_blank\" rel=\"nofollow noopener\">Las memorias del rey em\u00e9rito | Juan Carlos a su hijo cuando le retir\u00f3 la asignaci\u00f3n: \u201cNo olvides que heredas un sistema que yo he construido\u201d<\/a>&nbsp;&nbsp;EL PA\u00cdS<\/li>\n<li><a href=\"https:\/\/news.google.com\/rss\/articles\/CBMisgFBVV95cUxOODhyMWhEcFBHTVN0d004YnRCWEpsQ21meEg5Qi1IOWtLSWhneHRuRk56RDF3ekJvMVdnbEpBSGtHXzVwTnRTeHpmSERSVjR3cF9meWgyRWpPM0RWakFUcDQwNkpGZnAxbzFINm9EeGtiUlVGWjVtVEdqTERfekFvRlhxdGJQS0tMRC1ZbDVoSXd3UWpCSFpKaDdrRlJ2a2ZxVDBHWHVfSEVpTVNDcXd0SlZB?oc=5\" target=\"_blank\" rel=\"nofollow noopener\">El reproche del rey em\u00e9rito despu\u00e9s de que Felipe VI le retirara la asignaci\u00f3n: \u00abSignifica que me repudias\u00bb<\/a>&nbsp;&nbsp;RTVE.es<\/li>\n<li><a href=\"https:\/\/news.google.com\/rss\/articles\/CBMiiAJBVV95cUxQOGtMUXFkUzFzeTh6ZlpEM3hNd25wZnpKMG5WcFFFV2lsdlExdDFBenlZVXBNRmk1dkxlNUI4Z3dGOFF0N25MNmNTSUZBSnZ1Q0Zsajc2bUdhVldiVDdiVjJraVRrWWJWbW9kcHZyQXN4c3BtbF91Xy1CNjhENjIwMGM2ZS16ejV4MDdLVnBKZGJBVHo3aEFVTlJKMHg3c2hVVlJXbHVLZVV6UDYwZkl6WWRLUnJLMmJKQXBOZUtFMm1mR2hleWJzcXY2SGt3MU02LXE2SWF4UDFZTUxMU0xoQWVHZjd6YThqTm1wemp5d1JXMjYzUmZXOFdYRnJFY1pKcm1sWkU2cVbSAYgCQVVfeXFMTTJSR3NGa2tZNnNTQ1F3OW1XVzkxTXRURFNfYU11cjlZRlUtcDVBOFRuR1NlQW5IMkl4RmMyVm9XUWc0Y3FQTjhhX2U4XzRmZ0tFUk1wOWtpSERBWGNBS0hCTEFJb19TUEd1WXM2VDB4M0JKZ2hWakdqWWhWNXcyV185M2JLY1pCOE1CSUNlT3BCZFk4TG95Sk5CdE1kNnFyR3NsZ3FETHFjRFNldjZtWVdTbTI2ekNEYWltcVpRWjJOTTFXTVhqM0x5b01wSzlKYndRVUlnZXd5bklSZnN6Z04xT0tpUF82a0xGUTJnVU0ydWI5dm9LSnpKU0hnZy11TDEyNFhRNnN2?oc=5\" target=\"_blank\" rel=\"nofollow noopener\">Cristina Pardo, tras las palabras de Juan Carlos I sobre la reina Letizia: \u00abMe sorprende que el libro se llame<\/a>&nbsp;&nbsp;LaSexta<\/li>\n<li><a href=\"https:\/\/news.google.com\/rss\/articles\/CBMipAFBVV95cUxNUmgwLWJJeE5jWVdNWnBfcHdvMFV0ZkFEcVVvdlJDcjljR3VfRDdiNEhuMFBNRzFueXV2TlN2OGxpSm1DQ2VZei00X1loalVHMXEzS0JkQ1J4T3BFNng2YzdHc0VIS3ppSUZHVjNQQmtIV2NibWM1b0JabzAtVzRheUdrTGFRa0V3SmhHWjJmTlhscFYzeWlnSFdNYTVGaTBzLVZhVg?oc=5\" target=\"_blank\" rel=\"nofollow noopener\">El em\u00e9rito advierte de que la monarqu\u00eda es \u00abfr\u00e1gil\u00bb y conf\u00eda \u00absu destino\u00bb en su hijo y nieta<\/a>&nbsp;&nbsp;ABC<\/li>\n<\/ol>\n","protected":false},"excerpt":{"rendered":"Juan Carlos I aterriza en Espa\u00f1a el d\u00eda que se publican sus memorias en Francia: \u00abEst\u00e1 muy contento\u00bb&nbsp;&nbsp;El&hellip;\n","protected":false},"author":2,"featured_media":219579,"comment_status":"","ping_status":"","sticky":false,"template":"","format":"standard","meta":{"footnotes":""},"categories":[8],"tags":[17,18,25,24,13,14,11,23487,19,20,9,10,15,16,23,12,21,22],"class_list":{"0":"post-219578","1":"post","2":"type-post","3":"status-publish","4":"format-standard","5":"has-post-thumbnail","7":"category-espana","8":"tag-breaking-news","9":"tag-breakingnews","10":"tag-es","11":"tag-espana","12":"tag-featured-news","13":"tag-featurednews","14":"tag-headlines","15":"tag-juan-carlos-i","16":"tag-latest-news","17":"tag-latestnews","18":"tag-news","19":"tag-noticias","20":"tag-noticias-destacadas","21":"tag-noticiasdestacadas","22":"tag-spain","23":"tag-titulares","24":"tag-ultimas-noticias","25":"tag-ultimasnoticias"},"share_on_mastodon":{"url":"https:\/\/pubeurope.com\/@es\/115496496970608787","error":""},"_links":{"self":[{"href":"https:\/\/www.europesays.com\/es\/wp-json\/wp\/v2\/posts\/219578","targetHints":{"allow":["GET"]}}],"collection":[{"href":"https:\/\/www.europesays.com\/es\/wp-json\/wp\/v2\/posts"}],"about":[{"href":"https:\/\/www.europesays.com\/es\/wp-json\/wp\/v2\/types\/post"}],"author":[{"embeddable":true,"href":"https:\/\/www.europesays.com\/es\/wp-json\/wp\/v2\/users\/2"}],"replies":[{"embeddable":true,"href":"https:\/\/www.europesays.com\/es\/wp-json\/wp\/v2\/comments?post=219578"}],"version-history":[{"count":0,"href":"https:\/\/www.europesays.com\/es\/wp-json\/wp\/v2\/posts\/219578\/revisions"}],"wp:featuredmedia":[{"embeddable":true,"href":"https:\/\/www.europesays.com\/es\/wp-json\/wp\/v2\/media\/219579"}],"wp:attachment":[{"href":"https:\/\/www.europesays.com\/es\/wp-json\/wp\/v2\/media?parent=219578"}],"wp:term":[{"taxonomy":"category","embeddable":true,"href":"https:\/\/www.europesays.com\/es\/wp-json\/wp\/v2\/categories?post=219578"},{"taxonomy":"post_tag","embeddable":true,"href":"https:\/\/www.europesays.com\/es\/wp-json\/wp\/v2\/tags?post=219578"}],"curies":[{"name":"wp","href":"https:\/\/api.w.org\/{rel}","templated":true}]}}