{"id":219621,"date":"2025-11-05T10:31:11","date_gmt":"2025-11-05T10:31:11","guid":{"rendered":"https:\/\/www.europesays.com\/es\/219621\/"},"modified":"2025-11-05T10:31:11","modified_gmt":"2025-11-05T10:31:11","slug":"reconocimiento-a-eduardo-lagarde-el-diario-vasco","status":"publish","type":"post","link":"https:\/\/www.europesays.com\/es\/219621\/","title":{"rendered":"Reconocimiento a Eduardo Lagarde | El Diario Vasco"},"content":{"rendered":"<p>La Comisi\u00f3n de Patrimonio de la delegaci\u00f3n guipuzcoana del Colegio Oficial de Arquitectos Vasco-Navarro (COAVN) utiliza todos los a\u00f1os una jornada de octubre para  &#8230; poner en valor la arquitectura del Movimiento Moderno. Como parte de su colaboraci\u00f3n con la Fundaci\u00f3n Docomomo, la comisi\u00f3n coloca una placa de reconocimiento en un edificio representativo de este estilo arquitect\u00f3nico, entre 1925 y 1965.<\/p>\n<p class=\"v-p\">Este a\u00f1o, se ha rendido homenaje a dos edificios: Villa Conchita y Villa Emilia, ambos ubicados en el barrio de Ondarreta, y que son obra del arquitecto <strong>Eduardo Lagarde<\/strong>. Ambas villas lucen ya esta distinci\u00f3n como ejemplos notables del patrimonio moderno de la ciudad.<\/p>\n<p class=\"v-p\">El homenaje comenz\u00f3 con las palabras de <strong>Edurne Aperribay<\/strong>, presidenta del COAVN Gipuzkoa. Y luego <strong>Estanislao Fern\u00e1ndez <\/strong>destac\u00f3 la estrecha colaboraci\u00f3n que mantiene la Fundaci\u00f3n Docomomo con el Colegio Oficial de Arquitectos.<\/p>\n<p class=\"v-p\">La intervenci\u00f3n de <strong>Eduardo Pagola<\/strong>, nieto del arquitecto al que se rindi\u00f3 reconocimiento, comparti\u00f3 con los asistentes una panor\u00e1mica de la prol\u00edfica obra de su abuelo, que no solo brill\u00f3 en el \u00e1mbito de la arquitectura sino tambi\u00e9n en la pintura y el cartelismo.<\/p>\n<p class=\"v-p\">La doctora en Historia <strong>Ana Azpiri<\/strong> ofreci\u00f3 una charla sobre Villa Conchita y Villa Emilia, resaltando el dise\u00f1o de Lagarde en la d\u00e9cada de 1930.<\/p>\n<p class=\"v-p\">El acto reuni\u00f3 a numerosos descendientes de Lagarde. All\u00ed estuvieron sus nietos <strong>Eduardo Pagola<\/strong> con <strong>Mar\u00eda Jos\u00e9 Usandizaga<\/strong>, <strong>Mar\u00eda Paz Pagola<\/strong> con <strong>Ram\u00f3n Amor\u00f3s<\/strong>, <strong>Jos\u00e9 Mar\u00eda Pagola<\/strong>, <strong>Ignacio Lagarde<\/strong>, <strong>Maguli Lagarde <\/strong>con <strong>Juan Carlos Caballero<\/strong>, <strong>Mar\u00eda Paz Gastaminza <\/strong>con <strong>Jos\u00e9 Mar\u00eda Echezarreta<\/strong>, una sobrina nieta, <strong>Kika Lagarde<\/strong> con <strong>Luis Carlos Molina<\/strong> y el biznieto <strong>Gabriel Malcorra<\/strong>.<\/p>\n<p class=\"v-p\">Tambi\u00e9n acudi\u00f3<strong> Sebas Aguirretxe<\/strong>, cuyo padre fue compa\u00f1ero de Eduardo Lagarde en la sociedad cultural GU. Entre los asistentes tambi\u00e9n se encontraban arquitectos como <strong>Jon Ch\u00e1varri<\/strong>, director del Departamento de Urbanismo, <strong>Juan Mart\u00edn<\/strong>, <strong>Emilio Varela<\/strong>, <strong>Jorge Caballero<\/strong>, <strong>Fernando Gajate<\/strong>, <strong>Santos Barea<\/strong>, <strong>Juan Bautista Echeverr\u00eda<\/strong>, <strong>Fernando Ruiz Lacasa<\/strong> o <strong>Jes\u00fas Berasategui<\/strong> junto a un nutrido grupo de estudiantes de Arquitectura. El broche final lo puso el grupo Poetika, que ofreci\u00f3 una actuaci\u00f3n concebida especialmente para la ocasi\u00f3n.<\/p>\n","protected":false},"excerpt":{"rendered":"La Comisi\u00f3n de Patrimonio de la delegaci\u00f3n guipuzcoana del Colegio Oficial de Arquitectos Vasco-Navarro (COAVN) utiliza todos los&hellip;\n","protected":false},"author":2,"featured_media":219622,"comment_status":"","ping_status":"","sticky":false,"template":"","format":"standard","meta":{"footnotes":""},"categories":[173],"tags":[229,233,231,230,232,234,13843,146,147,25,24,27912,13460,23],"class_list":{"0":"post-219621","1":"post","2":"type-post","3":"status-publish","4":"format-standard","5":"has-post-thumbnail","7":"category-arte-y-diseno","8":"tag-arte","9":"tag-arte-y-diseno","10":"tag-arts","11":"tag-arts-and-design","12":"tag-design","13":"tag-diseno","14":"tag-eduardo","15":"tag-entertainment","16":"tag-entretenimiento","17":"tag-es","18":"tag-espana","19":"tag-lagarde","20":"tag-reconocimiento","21":"tag-spain"},"share_on_mastodon":{"url":"https:\/\/pubeurope.com\/@es\/115496634451422758","error":""},"_links":{"self":[{"href":"https:\/\/www.europesays.com\/es\/wp-json\/wp\/v2\/posts\/219621","targetHints":{"allow":["GET"]}}],"collection":[{"href":"https:\/\/www.europesays.com\/es\/wp-json\/wp\/v2\/posts"}],"about":[{"href":"https:\/\/www.europesays.com\/es\/wp-json\/wp\/v2\/types\/post"}],"author":[{"embeddable":true,"href":"https:\/\/www.europesays.com\/es\/wp-json\/wp\/v2\/users\/2"}],"replies":[{"embeddable":true,"href":"https:\/\/www.europesays.com\/es\/wp-json\/wp\/v2\/comments?post=219621"}],"version-history":[{"count":0,"href":"https:\/\/www.europesays.com\/es\/wp-json\/wp\/v2\/posts\/219621\/revisions"}],"wp:featuredmedia":[{"embeddable":true,"href":"https:\/\/www.europesays.com\/es\/wp-json\/wp\/v2\/media\/219622"}],"wp:attachment":[{"href":"https:\/\/www.europesays.com\/es\/wp-json\/wp\/v2\/media?parent=219621"}],"wp:term":[{"taxonomy":"category","embeddable":true,"href":"https:\/\/www.europesays.com\/es\/wp-json\/wp\/v2\/categories?post=219621"},{"taxonomy":"post_tag","embeddable":true,"href":"https:\/\/www.europesays.com\/es\/wp-json\/wp\/v2\/tags?post=219621"}],"curies":[{"name":"wp","href":"https:\/\/api.w.org\/{rel}","templated":true}]}}