{"id":219644,"date":"2025-11-05T10:52:33","date_gmt":"2025-11-05T10:52:33","guid":{"rendered":"https:\/\/www.europesays.com\/es\/219644\/"},"modified":"2025-11-05T10:52:33","modified_gmt":"2025-11-05T10:52:33","slug":"jonathan-milan-brilla-en-singapur-y-conquista-el-tour-de-france-efgh-singapore-criterium-2025","status":"publish","type":"post","link":"https:\/\/www.europesays.com\/es\/219644\/","title":{"rendered":"Jonathan Milan brilla en Singapur y conquista el Tour de France EFGH Singapore Criterium 2025"},"content":{"rendered":"<p>&#13;<br \/>\n&#13;<\/p>\n<p><img loading=\"lazy\" decoding=\"async\" src=\"https:\/\/www.europesays.com\/es\/wp-content\/uploads\/2025\/11\/singapur-criterium-2025-aso-press.jpg\" width=\"556\" height=\"418\" class=\"setborder\" alt=\"Jonathan Milan brilla en Singapur y conquista el Tour de France EFGH Singapore Criterium 2025\" title=\"Jonathan Milan brilla en Singapur y conquista el Tour de France EFGH Singapore Criterium 2025\"\/><br \/>\n&#13;<br \/>\n&#13;<br \/>\n&#13;<br \/>\n<a href=\"https:\/\/www.esciclismo.com\/actualidad\/esciclismo\/\" rel=\"nofollow noopener\" target=\"_blank\">EsCiclismo.com<\/a> \u00b7 <a href=\"https:\/\/www.esciclismo.com\/actualidad\/carretera\/\" rel=\"nofollow noopener\" target=\"_blank\">Competici\u00f3n Carretera<\/a>  \u00b7 02\/11\/2025<\/p>\n<p>El ciclista italiano Jonathan Milan se impuso con autoridad en el Tour de France EFGH Singapore Criterium 2025, celebrado este domingo en el espectacular entorno urbano de Marina Bay. En una jornada marcada por una intensa tormenta previa a la carrera profesional, Milan, ganador del maillot verde en el \u00faltimo Tour de Francia, demostr\u00f3 su potencia al esprintar y venci\u00f3 a Biniam Girmay y Jasper Philipsen, dos excampeones de la clasificaci\u00f3n por puntos de la Grande Boucle.<\/p>\n<p>&#13;<br \/>\nEspect\u00e1culo tras la tormenta tropical&#13;<\/p>\n<p>Antes de que los profesionales tomaran la salida, los aficionados al ciclismo pudieron disfrutar de un d\u00eda completo de actividades con carreras amateur y pruebas populares como el \u00ab\u00c0 l&#8217;attaque\u00bb, que permiti\u00f3 al p\u00fablico recorrer el mismo circuito que los profesionales. El clima tropical oblig\u00f3 a cancelar la contrarreloj por equipos inicial, pero no impidi\u00f3 la celebraci\u00f3n del criterium principal, que se disput\u00f3 con normalidad y puntualidad.<\/p>\n<p>&#13;<\/p>\n<p><b id=\"P2\"\/>El circuito urbano bordeando Marina Bay ofreci\u00f3 un espect\u00e1culo vibrante, con escapadas sucesivas que animaron la carrera desde el inicio. Domen Novak (UAE Team Emirates XRG) protagoniz\u00f3 una de las primeras ofensivas, y m\u00e1s tarde un grupo compuesto por corredores como Adria Pericas, el campe\u00f3n franc\u00e9s Dorian Godon (Decathlon AG2R La Mondiale Team) y representantes del equipo local se unieron a la acci\u00f3n. El pelot\u00f3n, sin embargo, mantuvo el control y neutraliz\u00f3 cualquier intento antes del sprint intermedio.<\/p>\n<p>&#13;<br \/>\nBen Healy, el m\u00e1s combativo&#13;<\/p>\n<p><b id=\"P3\"\/>El irland\u00e9s Ben Healy (EF Education \u2013 EasyPost) fue uno de los grandes protagonistas del d\u00eda. Lanz\u00f3 un ataque ambicioso en la parte final, acompa\u00f1ado por corredores de nivel como Primoz Roglic, Tim Wellens, Ben O&#8217;Connor y el campe\u00f3n de Espa\u00f1a Iv\u00e1n Romeo. Su ofensiva, aunque valiente, fue neutralizada por un pelot\u00f3n decidido a resolver la carrera al esprint.<\/p>\n<p>&#13;<\/p>\n<p>Ya en la recta final junto al Esplanade Park, los mejores velocistas del pelot\u00f3n se prepararon para la llegada. Milan, bien colocado y con una estrategia afinada tras perder el sprint intermedio, se lanz\u00f3 tras la rueda de Biniam Girmay y consigui\u00f3 superarle en los \u00faltimos metros para adjudicarse la victoria. Jasper Philipsen, que se hab\u00eda impuesto en el sprint intermedio, complet\u00f3 el podio.<\/p>\n<p>&#13;<br \/>\nPremios y clasificaciones&#13;<\/p>\n<p>Adem\u00e1s del triunfo absoluto, Jonathan Milan fue reconocido como el mejor joven del d\u00eda, mientras que su equipo Lidl-Trek, gracias tambi\u00e9n al s\u00e9ptimo puesto de Edward Theuns, se llev\u00f3 la clasificaci\u00f3n por equipos. Ben Healy, por su combatividad y esfuerzo en la parte decisiva de la prueba, recibi\u00f3 el premio al ciclista m\u00e1s combativo. Jasper Philipsen, por su parte, se adjudic\u00f3 la clasificaci\u00f3n por puntos.<\/p>\n<p>&#13;<br \/>\nMilan cierra la temporada con fuerza&#13;<\/p>\n<p>Tras la prueba, Milan valor\u00f3 positivamente el resultado: \u00abEstoy contento con el final de temporada. Ha sido una carrera muy r\u00e1pida desde el principio, con condiciones clim\u00e1ticas inusuales, pero la carretera estaba en buen estado y me sent\u00ed bien sobre la bicicleta\u00bb. El italiano supo corregir errores y escoger la mejor rueda para el esprint decisivo, logrando una victoria que le permite inscribir su nombre junto al de Jonas Vingegaard, Jasper Philipsen y Mark Cavendish como ganadores del criterium de Singapur.<\/p>\n<p>&#13;<\/p>\n<p>Antes de iniciar su descanso, Milan afrontar\u00e1 su \u00faltima competici\u00f3n del a\u00f1o en el criterium de Saitama, que se disputar\u00e1 el pr\u00f3ximo domingo 9 de noviembre.<\/p>\n<p>&#13;<br \/>\nClasificaci\u00f3n final del Tour de France EFGH Singapore Criterium 2025&#13;<\/p>\n<p><b>Clasificaci\u00f3n individual:<\/b><br \/>&#13;<br \/>\n1. Jonathan Milan (ITA\/Lidl-Trek) &#8211; 1:15:32<br \/>&#13;<br \/>\n2. Biniam Girmay (ERI\/Intermarch\u00e9-Wanty) &#8211; m.t.<br \/>&#13;<br \/>\n3. Jasper Philipsen (BEL\/Alpecin-Deceuninck) &#8211; m.t.<br \/>&#13;<br \/>\n4. Primoz Roglic (SLO\/Red Bull-Bora-hansgrohe) &#8211; m.t.<br \/>&#13;<br \/>\n5. Tim Wellens (BEL\/UAE Emirates-XRG) &#8211; m.t.<br \/>&#13;<br \/>\n6. Ben O&#8217;Connor (AUS\/Decathlon-AG2R La Mondiale) &#8211; m.t.<br \/>&#13;<br \/>\n7. Edward Theuns (BEL\/Lidl-Trek) &#8211; m.t.<br \/>&#13;<br \/>\n8. Ivan Romeo (ESP\/Movistar) &#8211; m.t.<br \/>&#13;<br \/>\n9. Dorian Godon (FRA\/Decathlon-AG2R La Mondiale) &#8211; m.t.<br \/>&#13;<br \/>\n10. Carlos Verona (ESP\/Lidl-Trek) &#8211; m.t.<\/p>\n<p>&#13;<br \/>\n&#13;<br \/>\n&#13;<br \/>\nEsCiclismo &#8211; Todos los derechos reservados. Est\u00e1 prohibido todo tipo de reproducci\u00f3n sin autorizaci\u00f3n expresa escrita.<br \/>&#13;<br \/>\n&#13;<\/p>\n","protected":false},"excerpt":{"rendered":"&#13; &#13; &#13; &#13; &#13; EsCiclismo.com \u00b7 Competici\u00f3n Carretera \u00b7 02\/11\/2025 El ciclista italiano Jonathan Milan se impuso&hellip;\n","protected":false},"author":2,"featured_media":219645,"comment_status":"","ping_status":"","sticky":false,"template":"","format":"standard","meta":{"footnotes":""},"categories":[273],"tags":[5806,46402,4860,18152,313,1757,45312,312,2439,168,1053,58627,158,1083,25,24,5604,40752,317,5138,15112,5279,2872,13573,293,5549,16023,4911,8688,22611,2032,58628,23,167,2979,316,3667,1436,1049],"class_list":{"0":"post-219644","1":"post","2":"type-post","3":"status-publish","4":"format-standard","5":"has-post-thumbnail","7":"category-ciclismo","8":"tag-autoridad","9":"tag-bay","10":"tag-carrera","11":"tag-celebrado","12":"tag-ciclismo","13":"tag-ciclista","14":"tag-criterium","15":"tag-cycling","16":"tag-d","17":"tag-deportes","18":"tag-domingo","19":"tag-efgh","20":"tag-el","21":"tag-entorno","22":"tag-es","23":"tag-espana","24":"tag-espectacular","25":"tag-france","26":"tag-francia","27":"tag-ganador","28":"tag-impuso","29":"tag-intensa","30":"tag-italiano","31":"tag-jonathan","32":"tag-jornada","33":"tag-maillot","34":"tag-marcada","35":"tag-marina","36":"tag-milan","37":"tag-previa","38":"tag-profesional","39":"tag-singapore","40":"tag-spain","41":"tag-sports","42":"tag-tormenta","43":"tag-tour","44":"tag-ultimo","45":"tag-urbano","46":"tag-verde"},"share_on_mastodon":{"url":"https:\/\/pubeurope.com\/@es\/115496717109633490","error":""},"_links":{"self":[{"href":"https:\/\/www.europesays.com\/es\/wp-json\/wp\/v2\/posts\/219644","targetHints":{"allow":["GET"]}}],"collection":[{"href":"https:\/\/www.europesays.com\/es\/wp-json\/wp\/v2\/posts"}],"about":[{"href":"https:\/\/www.europesays.com\/es\/wp-json\/wp\/v2\/types\/post"}],"author":[{"embeddable":true,"href":"https:\/\/www.europesays.com\/es\/wp-json\/wp\/v2\/users\/2"}],"replies":[{"embeddable":true,"href":"https:\/\/www.europesays.com\/es\/wp-json\/wp\/v2\/comments?post=219644"}],"version-history":[{"count":0,"href":"https:\/\/www.europesays.com\/es\/wp-json\/wp\/v2\/posts\/219644\/revisions"}],"wp:featuredmedia":[{"embeddable":true,"href":"https:\/\/www.europesays.com\/es\/wp-json\/wp\/v2\/media\/219645"}],"wp:attachment":[{"href":"https:\/\/www.europesays.com\/es\/wp-json\/wp\/v2\/media?parent=219644"}],"wp:term":[{"taxonomy":"category","embeddable":true,"href":"https:\/\/www.europesays.com\/es\/wp-json\/wp\/v2\/categories?post=219644"},{"taxonomy":"post_tag","embeddable":true,"href":"https:\/\/www.europesays.com\/es\/wp-json\/wp\/v2\/tags?post=219644"}],"curies":[{"name":"wp","href":"https:\/\/api.w.org\/{rel}","templated":true}]}}