{"id":219658,"date":"2025-11-05T11:03:10","date_gmt":"2025-11-05T11:03:10","guid":{"rendered":"https:\/\/www.europesays.com\/es\/219658\/"},"modified":"2025-11-05T11:03:10","modified_gmt":"2025-11-05T11:03:10","slug":"llega-a-llanes-la-muestra-de-cine-documental-falares","status":"publish","type":"post","link":"https:\/\/www.europesays.com\/es\/219658\/","title":{"rendered":"Llega a Llanes la muestra de cine documental \u00abFalares\u00bb"},"content":{"rendered":"<p class=\"ft-text\">La muestra de cine documental \u00abFalares\u00bb llega esta semana a Llanes. Este jueves y viernes, 6 y 7 de noviembre los vecinos podr\u00e1n disfrutar en la Casa Municipal de Cultura de proyecciones gratuitas y abiertas al p\u00fablico en general hasta completar aforo, con t\u00edtulos premiados que dialogan sobre la memoria, el arte, la identidad y las transformaciones sociales.<\/p>\n<p class=\"ft-text\">El jueves la primera sesi\u00f3n ser\u00e1 a las 18:30 horas con \u00abFestina Lente\u00bb, de Ana G. Arg\u00fcelles. Se trata de un cortometraje documental con elementos experimentales que propone un ejercicio de memoria y reflexi\u00f3n. Inspirado en la \u201cmodernidad l\u00edquida\u201d y en el texto \u00abTipos de agua\u00bb de Anne Carson, el filme invita al espectador a un viaje sensorial a trav\u00e9s de diversas ciudades y sus aguas, explorando la fragilidad del recuerdo, el paso del tiempo y el amor como corriente que todo lo une. Fue reconocido con una Menci\u00f3n Especial Asturies Cutiometraxes en el Festival Internacional de Cine de Gij\u00f3n 2024 y ganador del premio Llaboral Cinemateca Curtios.<\/p>\n<p class=\"ft-text\">A las 19:30 horas \u00abReinosa 1987: El precio de la reconversi\u00f3n industrial\u00bb, de Richard Zubelzu. Es un documental que recupera los hechos ocurridos en la localidad c\u00e1ntabra de Reinosa durante la reconversi\u00f3n industrial de los a\u00f1os 80. A trav\u00e9s de testimonios y material de archivo, la pel\u00edcula reflexiona sobre el impacto social y humano de las decisiones pol\u00edticas que marcaron profundamente a toda una comunidad. Un relato necesario sobre la memoria obrera y la responsabilidad del Estado ante los derechos laborales.<\/p>\n<p class=\"ft-text\">El viernes a las 18:20 horas se proyectar\u00e1 \u00abHerminio\u00bb, de Pablo Casanueva. Una mirada \u00edntima a la relaci\u00f3n entre el escultor Herminio \u00c1lvarez y el paisaje que rodea su obra. La pel\u00edcula plantea una reflexi\u00f3n sobre el equilibrio entre arte y naturaleza, y sobre c\u00f3mo el entorno puede ser parte inseparable del proceso creativo.<\/p>\n<p class=\"ft-text\">Y, finalmente, la proyecci\u00f3n de \u00abMar\u00eda la Portuguesa\u00bb, de Eduardo Montero, ser\u00e1 a las 19:30 horas. Amaranta Cano, hija del cantautor Carlos Cano, reconstruye los hechos que inspiraron una de sus canciones m\u00e1s emblem\u00e1ticas. En un recorrido entre Andaluc\u00eda y Portugal, el documental entrelaza historia, m\u00fasica y memoria colectiva, con la participaci\u00f3n de artistas como Teresa Salgueiro, Antonio Chainho, Rozal\u00e9n, Ra\u00fal Rodr\u00edguez y Martirio. Un homenaje al fado portugu\u00e9s, a Am\u00e1lia Rodrigues y al eterno di\u00e1logo entre las culturas de frontera.<\/p>\n","protected":false},"excerpt":{"rendered":"La muestra de cine documental \u00abFalares\u00bb llega esta semana a Llanes. Este jueves y viernes, 6 y 7&hellip;\n","protected":false},"author":2,"featured_media":219659,"comment_status":"","ping_status":"","sticky":false,"template":"","format":"standard","meta":{"footnotes":""},"categories":[169],"tags":[177,209,6084,146,147,25,24,176,1202,5012,911,175,1156,23,3096],"class_list":{"0":"post-219658","1":"post","2":"type-post","3":"status-publish","4":"format-standard","5":"has-post-thumbnail","7":"category-cine","8":"tag-cine","9":"tag-cultura","10":"tag-documental","11":"tag-entertainment","12":"tag-entretenimiento","13":"tag-es","14":"tag-espana","15":"tag-film","16":"tag-llanes","17":"tag-llega","18":"tag-memoria","19":"tag-movies","20":"tag-muestra","21":"tag-spain","22":"tag-vecinos"},"share_on_mastodon":{"url":"https:\/\/pubeurope.com\/@es\/115496760496800156","error":""},"_links":{"self":[{"href":"https:\/\/www.europesays.com\/es\/wp-json\/wp\/v2\/posts\/219658","targetHints":{"allow":["GET"]}}],"collection":[{"href":"https:\/\/www.europesays.com\/es\/wp-json\/wp\/v2\/posts"}],"about":[{"href":"https:\/\/www.europesays.com\/es\/wp-json\/wp\/v2\/types\/post"}],"author":[{"embeddable":true,"href":"https:\/\/www.europesays.com\/es\/wp-json\/wp\/v2\/users\/2"}],"replies":[{"embeddable":true,"href":"https:\/\/www.europesays.com\/es\/wp-json\/wp\/v2\/comments?post=219658"}],"version-history":[{"count":0,"href":"https:\/\/www.europesays.com\/es\/wp-json\/wp\/v2\/posts\/219658\/revisions"}],"wp:featuredmedia":[{"embeddable":true,"href":"https:\/\/www.europesays.com\/es\/wp-json\/wp\/v2\/media\/219659"}],"wp:attachment":[{"href":"https:\/\/www.europesays.com\/es\/wp-json\/wp\/v2\/media?parent=219658"}],"wp:term":[{"taxonomy":"category","embeddable":true,"href":"https:\/\/www.europesays.com\/es\/wp-json\/wp\/v2\/categories?post=219658"},{"taxonomy":"post_tag","embeddable":true,"href":"https:\/\/www.europesays.com\/es\/wp-json\/wp\/v2\/tags?post=219658"}],"curies":[{"name":"wp","href":"https:\/\/api.w.org\/{rel}","templated":true}]}}