{"id":219676,"date":"2025-11-05T11:20:11","date_gmt":"2025-11-05T11:20:11","guid":{"rendered":"https:\/\/www.europesays.com\/es\/219676\/"},"modified":"2025-11-05T11:20:11","modified_gmt":"2025-11-05T11:20:11","slug":"wenger-mete-el-dedo-en-la-llaga-con-wirtz-ha-destruido-al-liverpool","status":"publish","type":"post","link":"https:\/\/www.europesays.com\/es\/219676\/","title":{"rendered":"Wenger mete el dedo en la llaga con Wirtz: \u00abHa destruido al Liverpool\u00bb"},"content":{"rendered":"<p class=\"ft-text\"><a class=\"ft-link ft-link--decoration\" href=\"https:\/\/www.sport.es\/es\/noticias\/real-madrid\/wirtz-estaria-madrid-xabi-alonso-123331248\" rel=\"nofollow noopener\" target=\"_blank\">Ni las victorias salvan a Florian Wirtz de recibir cr\u00edticas<\/a>. El alem\u00e1n tuvo una actuaci\u00f3n discreta frente al <strong>Real Madrid en Champions League<\/strong>, en un encuentro en el que pr\u00e1cticamente pas\u00f3 desapercibido. <strong>En Liverpool no desconf\u00edan de su incorporaci\u00f3n ni el elevado precio que se pag\u00f3 al Bayer Leverkusen<\/strong>, pero s\u00ed<strong> hay cierta preocupaci\u00f3n por el rendimiento del centrocampista y su adaptaci\u00f3n a la filosof\u00eda brit\u00e1nica en estos primeros meses<\/strong>.<\/p>\n<p>No encuentra su sitio<\/p>\n<p class=\"ft-text\"><strong>El feroz entorno de la Premier League no deja t\u00edtere con cabeza<\/strong>. En esta ocasi\u00f3n ha sido <strong>Ars\u00e8ne Wenger<\/strong> el encargado de elevar la voz en contra del centrocampista alem\u00e1n. E<strong>l exentrenador del Arsenal es conocedor de la causa y no dud\u00f3 en censurar las exigencias de Wirtz cuando negociaban su incorporaci\u00f3n. <\/strong><\/p>\n<p><img decoding=\"async\" src=\"https:\/\/www.europesays.com\/es\/wp-content\/uploads\/2025\/11\/9cc3fce1-e66f-4881-b611-0562ec3cf3b1_alta-libre-aspect-ratio_default_0.jpg\" width=\"1200\" height=\"675\" alt=\"Florian Wirtz, uno de los l\u00edderes de la alineaci\u00f3n del Liverpool contra el Real Madrid en la jornada 4 de la Champions League\" class=\"ft-helper-img-rd\" loading=\"lazy\"\/><\/p>\n<p class=\"ft-helper-fontColor-quaternary ft-helper-fontSize-body-S ft-helper-spacer-t-xxs\">Florian Wirtz, uno de los l\u00edderes de la alineaci\u00f3n del Liverpool contra el Real Madrid en la jornada 4 de la Champions League  \/ ADAM VAUGHAN<\/p>\n<p class=\"ft-text\">El t\u00e9cnico alsaciano coment\u00f3 desde su tribuna de &#8216;BeIN Sports&#8217; c\u00f3mo se fragu\u00f3 la llegada del germano a Anfield. \u00ab<strong>El problema est\u00e1 en la demanda que hizo Wirtz al Liverpool. \u00c9l reclam\u00f3 jugar de &#8217;10&#8217; y no en la banda si quer\u00edan cerrar su traspaso. Ese movimiento ha destru\u00eddo al centro del campo del Liverpool campe\u00f3n de la Premier el a\u00f1o pasado, donde destacaban Gravanberch, McAllister y Szoboszlai. Con Wirtz en la ecuaci\u00f3n, es Szoboszlai el que tiene que jugar en el costado<\/strong>\u00ab, apunt\u00f3 el l\u00edder de los &#8216;Invecibles&#8217; del Arsenal.<\/p>\n<p class=\"ft-text\"><strong>Wenger tiene claro qu\u00e9 har\u00eda \u00e9l si fuera Arne Slot, preparador de los &#8216;reds&#8217;. El franc\u00e9s recuperar\u00eda la medular que tan buenos resultados le dio el curso anterior al Liverpool y recolocar\u00eda a Wirtz en el costado izquierdo del ataque para dar profundidad y amplitud por banda. <\/strong><\/p>\n<p>N\u00fameros paup\u00e9rrimos<\/p>\n<p class=\"ft-text\">El impacto de <strong>Florian <\/strong><a class=\"ft-link ft-link--decoration\" href=\"https:\/\/www.transfermarkt.es\/florian-wirtz\/leistungsdatendetails\/spieler\/598577\/plus\/0?saison=2025&amp;verein=&amp;liga=&amp;wettbewerb=&amp;pos=&amp;trainer_id=\" rel=\"nofollow noopener\" target=\"_blank\"><strong>Wirtz<\/strong><\/a><strong> en la Premier League est\u00e1 siendo mucho menor del esperado cuando se concret\u00f3 su transferencia<\/strong>. El Liverpool gan\u00f3 la batalla a <strong>Manchester City y Bayern M\u00fanich por su fichaje<\/strong>, pero el rendimiento del futbolista est\u00e1 dejando mucho que desear en este tramo inicial de la temporada. <strong>El internacional con la Mannschaft ha participado en los diez encuentros de los &#8216;scousers&#8217; en la competici\u00f3n dom\u00e9stica -seis titularidades- y ha partido siempre en el once en los duelos de Champions<\/strong>. De momento su balance num\u00e9rico es irrisorio para los 1<strong>30 millones de euros que se invirtieron: tres asistencias en quince partidos<\/strong>.<\/p>\n","protected":false},"excerpt":{"rendered":"Ni las victorias salvan a Florian Wirtz de recibir cr\u00edticas. El alem\u00e1n tuvo una actuaci\u00f3n discreta frente al&hellip;\n","protected":false},"author":2,"featured_media":219677,"comment_status":"","ping_status":"","sticky":false,"template":"","format":"standard","meta":{"footnotes":""},"categories":[268],"tags":[11681,168,25,24,280,282,1211,1238,17656,3048,281,23,167,58636,58637],"class_list":{"0":"post-219676","1":"post","2":"type-post","3":"status-publish","4":"format-standard","5":"has-post-thumbnail","7":"category-futbol","8":"tag-champions","9":"tag-deportes","10":"tag-es","11":"tag-espana","12":"tag-football","13":"tag-futbol","14":"tag-league","15":"tag-liverpool","16":"tag-premier","17":"tag-real-madrid","18":"tag-soccer","19":"tag-spain","20":"tag-sports","21":"tag-wenger","22":"tag-wirtz"},"share_on_mastodon":{"url":"https:\/\/pubeurope.com\/@es\/115496827460955750","error":""},"_links":{"self":[{"href":"https:\/\/www.europesays.com\/es\/wp-json\/wp\/v2\/posts\/219676","targetHints":{"allow":["GET"]}}],"collection":[{"href":"https:\/\/www.europesays.com\/es\/wp-json\/wp\/v2\/posts"}],"about":[{"href":"https:\/\/www.europesays.com\/es\/wp-json\/wp\/v2\/types\/post"}],"author":[{"embeddable":true,"href":"https:\/\/www.europesays.com\/es\/wp-json\/wp\/v2\/users\/2"}],"replies":[{"embeddable":true,"href":"https:\/\/www.europesays.com\/es\/wp-json\/wp\/v2\/comments?post=219676"}],"version-history":[{"count":0,"href":"https:\/\/www.europesays.com\/es\/wp-json\/wp\/v2\/posts\/219676\/revisions"}],"wp:featuredmedia":[{"embeddable":true,"href":"https:\/\/www.europesays.com\/es\/wp-json\/wp\/v2\/media\/219677"}],"wp:attachment":[{"href":"https:\/\/www.europesays.com\/es\/wp-json\/wp\/v2\/media?parent=219676"}],"wp:term":[{"taxonomy":"category","embeddable":true,"href":"https:\/\/www.europesays.com\/es\/wp-json\/wp\/v2\/categories?post=219676"},{"taxonomy":"post_tag","embeddable":true,"href":"https:\/\/www.europesays.com\/es\/wp-json\/wp\/v2\/tags?post=219676"}],"curies":[{"name":"wp","href":"https:\/\/api.w.org\/{rel}","templated":true}]}}