{"id":219681,"date":"2025-11-05T11:24:10","date_gmt":"2025-11-05T11:24:10","guid":{"rendered":"https:\/\/www.europesays.com\/es\/219681\/"},"modified":"2025-11-05T11:24:10","modified_gmt":"2025-11-05T11:24:10","slug":"la-vida-y-sus-cositas","status":"publish","type":"post","link":"https:\/\/www.europesays.com\/es\/219681\/","title":{"rendered":"La vida y sus cositas"},"content":{"rendered":"<p class=\"c-paragraph\">La vida ha vuelto a cruzar los caminos de <a href=\"https:\/\/www.20minutos.es\/tags\/personas\/marta-penate.html\" title=\"Marta Pe\u00f1ate\" rel=\"nofollow noopener\" target=\"_blank\">Marta Pe\u00f1ate<\/a> y <a href=\"https:\/\/www.20minutos.es\/tags\/personas\/sofia-suescun.html\" title=\"Sof\u00eda Suescun\" rel=\"nofollow noopener\" target=\"_blank\">Sof\u00eda Suescun<\/a>. Ambas se dieron a conocer en televisi\u00f3n en <a href=\"https:\/\/www.20minutos.es\/tags\/instituciones-empresas\/gran-hermano.html\" title=\"Gran Hermano\" rel=\"nofollow noopener\" target=\"_blank\">Gran Hermano 16<\/a>, <b>una edici\u00f3n en la que se hicieron muy buenas amigas y en la que Suescun obtuvo la victoria<\/b>. No obstante, a\u00f1os m\u00e1s tarde volvieron a coincidir en <a href=\"https:\/\/www.20minutos.es\/tags\/temas\/supervivientes.html\" title=\"Supervivientes\" rel=\"nofollow noopener\" target=\"_blank\">Supervivientes All Stars<\/a> y las tornas cambiaron: <b>se convirtieron en enemigas y fue Pe\u00f1ate la que se hizo con el premio<\/b>.<\/p>\n<p class=\"c-paragraph\">Esta vez tambi\u00e9n ha sido el trabajo lo que las ha reencontrado, pero ni en Guadalix ni en Honduras, sino en Par\u00eds.<b> Las televisivas han coincidido en el evento de una marca en la capital francesa<\/b>, pero lejos de evitarse, han compartido una foto juntas.\u00a0<\/p>\n<p class=\"c-paragraph\">En la imagen publicada en la cuenta de Instagram de Sof\u00eda Suescun, <b>ambas se muestran sonrientes con la <a href=\"https:\/\/www.20minutos.es\/tags\/lugares\/torre-eiffel.html\" title=\"Torre Eiffel\" rel=\"nofollow noopener\" target=\"_blank\">Torre Eiffel<\/a> de fondo<\/b>. Adem\u00e1s, junto a ellas aparece otro rostro que pas\u00f3 por Telecinco: <a href=\"https:\/\/www.20minutos.es\/tags\/personas\/roro-bueno.html\" title=\"RoRo Bueno\" rel=\"nofollow noopener\" target=\"_blank\">Roro<\/a>. <b>La cocinera viral de <a href=\"https:\/\/www.20minutos.es\/tags\/temas\/tiktok.html\" title=\"TikTok\" rel=\"nofollow noopener\" target=\"_blank\">TikTok<\/a> particip\u00f3 en el concurso Next Level Chef<\/b> presentado por <a href=\"https:\/\/www.20minutos.es\/tags\/personas\/blanca-romero.html\" title=\"Blanca Romero\" rel=\"nofollow noopener\" target=\"_blank\">Blanca Romero<\/a> y ahora parece haberse hecho amiga de dos de los grandes nombres de la cadena.\u00a0<\/p>\n<p class=\"c-paragraph\"><b>Pe\u00f1ate tampoco ha perdido la oportunidad de dejar constancia del reencuentro<\/b> y ha subido una fotograf\u00eda a sus stories con todas las compa\u00f1eras de campa\u00f1a. La canaria, consciente de la repercusi\u00f3n que tendr\u00eda la imagen publicada por Suescun, ha reaccionado al momento: \u00ab<b>La vida y sus cositas<\/b>\u00ab.<\/p>\n<p class=\"c-paragraph\">Eso s\u00ed, esta reconciliaci\u00f3n podr\u00eda ser tan solo moment\u00e1nea, puesto que <b>sus peleas en los Cayos Cochinos sobrepasaron el concurso y llegaron al \u00e1mbito personal<\/b>. De hecho, desde Madrid, sus parejas, Tony Spina y Kiko Jim\u00e9nez, tambi\u00e9n protagonizaron varias broncas mientras las defend\u00edan en el plat\u00f3.\u00a0<\/p>\n","protected":false},"excerpt":{"rendered":"La vida ha vuelto a cruzar los caminos de Marta Pe\u00f1ate y Sof\u00eda Suescun. Ambas se dieron a&hellip;\n","protected":false},"author":2,"featured_media":219682,"comment_status":"","ping_status":"","sticky":false,"template":"","format":"standard","meta":{"footnotes":""},"categories":[171],"tags":[146,147,25,24,14494,32154,11647,23,14074,214],"class_list":{"0":"post-219681","1":"post","2":"type-post","3":"status-publish","4":"format-standard","5":"has-post-thumbnail","7":"category-tv","8":"tag-entertainment","9":"tag-entretenimiento","10":"tag-es","11":"tag-espana","12":"tag-marta","13":"tag-penate","14":"tag-sofia","15":"tag-spain","16":"tag-suescun","17":"tag-tv"},"share_on_mastodon":{"url":"https:\/\/pubeurope.com\/@es\/115496842990620087","error":""},"_links":{"self":[{"href":"https:\/\/www.europesays.com\/es\/wp-json\/wp\/v2\/posts\/219681","targetHints":{"allow":["GET"]}}],"collection":[{"href":"https:\/\/www.europesays.com\/es\/wp-json\/wp\/v2\/posts"}],"about":[{"href":"https:\/\/www.europesays.com\/es\/wp-json\/wp\/v2\/types\/post"}],"author":[{"embeddable":true,"href":"https:\/\/www.europesays.com\/es\/wp-json\/wp\/v2\/users\/2"}],"replies":[{"embeddable":true,"href":"https:\/\/www.europesays.com\/es\/wp-json\/wp\/v2\/comments?post=219681"}],"version-history":[{"count":0,"href":"https:\/\/www.europesays.com\/es\/wp-json\/wp\/v2\/posts\/219681\/revisions"}],"wp:featuredmedia":[{"embeddable":true,"href":"https:\/\/www.europesays.com\/es\/wp-json\/wp\/v2\/media\/219682"}],"wp:attachment":[{"href":"https:\/\/www.europesays.com\/es\/wp-json\/wp\/v2\/media?parent=219681"}],"wp:term":[{"taxonomy":"category","embeddable":true,"href":"https:\/\/www.europesays.com\/es\/wp-json\/wp\/v2\/categories?post=219681"},{"taxonomy":"post_tag","embeddable":true,"href":"https:\/\/www.europesays.com\/es\/wp-json\/wp\/v2\/tags?post=219681"}],"curies":[{"name":"wp","href":"https:\/\/api.w.org\/{rel}","templated":true}]}}