{"id":219796,"date":"2025-11-05T12:49:13","date_gmt":"2025-11-05T12:49:13","guid":{"rendered":"https:\/\/www.europesays.com\/es\/219796\/"},"modified":"2025-11-05T12:49:13","modified_gmt":"2025-11-05T12:49:13","slug":"pascal-ackermann-y-luke-lamperti-nuevos-movimientos-clave-del-mercado-de-fichajes","status":"publish","type":"post","link":"https:\/\/www.europesays.com\/es\/219796\/","title":{"rendered":"Pascal Ackermann y Luke Lamperti, nuevos movimientos clave del mercado de fichajes"},"content":{"rendered":"<p>&#13;<br \/>\n&#13;<\/p>\n<p><img loading=\"lazy\" decoding=\"async\" src=\"https:\/\/www.europesays.com\/es\/wp-content\/uploads\/2025\/11\/pascal-ackermann-giro-italia-et11-2023-sirotti.jpg\" width=\"556\" height=\"418\" class=\"setborder\" alt=\"Pascal Ackermann y Luke Lamperti, nuevos movimientos clave del mercado de fichajes\" title=\"Pascal Ackermann y Luke Lamperti, nuevos movimientos clave del mercado de fichajes\"\/><br \/>\n&#13;<br \/>\n&#13;<br \/>\n&#13;<br \/>\n<a href=\"https:\/\/www.esciclismo.com\/actualidad\/esciclismo\/\" rel=\"nofollow noopener\" target=\"_blank\">EsCiclismo.com<\/a> \u00b7 <a href=\"https:\/\/www.esciclismo.com\/actualidad\/carretera\/\" rel=\"nofollow noopener\" target=\"_blank\">Competici\u00f3n Carretera<\/a>  \u00b7 05\/11\/2025<\/p>\n<p>El mercado de fichajes del ciclismo WorldTour contin\u00faa tomando forma de cara a la temporada 2026, con importantes anuncios en las \u00faltimas horas. El alem\u00e1n Pascal Ackermann ha firmado un contrato por dos temporadas con el equipo Jayco-AlUla, mientras que el joven estadounidense Luke Lamperti ser\u00e1 nuevo corredor del EF Education-EasyPost a partir del pr\u00f3ximo a\u00f1o, reforzando su bloque de cl\u00e1sicas. Adem\u00e1s, en el panorama ProTeam, el japon\u00e9s Tomoya Koyama ha renovado con el Burgos-Burpellet-BH y continuar\u00e1 un a\u00f1o m\u00e1s en la formaci\u00f3n morada.<\/p>\n<p>&#13;<br \/>\nPascal Ackermann refuerza el tren de velocidad del Jayco-AlUla&#13;<\/p>\n<p>El velocista germano Pascal Ackermann, de 31 a\u00f1os, se unir\u00e1 al Jayco-AlUla en 2026 tras alcanzar un acuerdo para las dos pr\u00f3ximas campa\u00f1as. Con un palmar\u00e9s que incluye 45 victorias UCI, entre ellas tres etapas del Giro de Italia y dos de la Vuelta a Espa\u00f1a, Ackermann aportar\u00e1 experiencia y potencia a las llegadas masivas del conjunto australiano, donde compartir\u00e1 estructura con Luka Mezgec y su compatriota Jasha S\u00fctterlin.<\/p>\n<p>&#13;<\/p>\n<p><b id=\"P2\"\/>Procedente del UAE Emirates-XRG, el ex campe\u00f3n nacional alem\u00e1n viene de ganar este 2025 la Classique Dunkerque y anteriormente ha sumado triunfos en pruebas de prestigio como <a href=\"https:\/\/www.esciclismo.com\/especiales\/tirreno-adriatico\/\" rel=\"nofollow noopener\" target=\"_blank\">Tirreno-Adri\u00e1tico<\/a>, <a href=\"https:\/\/www.esciclismo.com\/especiales\/dauphine\/\" rel=\"nofollow noopener\" target=\"_blank\">Crit\u00e9rium del Dauphin\u00e9<\/a> o <a href=\"https:\/\/www.esciclismo.com\/especiales\/tour-polonia\/\" rel=\"nofollow noopener\" target=\"_blank\">Tour de Polonia<\/a>.<\/p>\n<p>&#13;<\/p>\n<p>Con su fichaje, el Jayco-AlUla, dirigido por GreenEDGE Cycling, busca reforzar su estructura para las llegadas al sprint, apostando por la veteran\u00eda y la regularidad del ciclista alem\u00e1n, que afrontar\u00e1 as\u00ed su d\u00e9cima temporada en la \u00e9lite del ciclismo profesional.<\/p>\n<p>&#13;<\/p>\n<blockquote class=\"twitter-tweet\">\n<p lang=\"en\" dir=\"ltr\">\ud83d\udd79\ufe0f\ud83d\udc7b ACKER-MANN\ud83d\udc7e\ud83d\udc7b<\/p>\n<p>Welcome to the team Pascal Ackermann! \ud83d\udc4b<\/p>\n<p>The German sprinter joins us from next season \ud83c\udde9\ud83c\uddea<\/p>\n<p>\ud83d\uddde\ufe0f <a href=\"https:\/\/t.co\/jSNU9mdunL\" rel=\"nofollow\">https:\/\/t.co\/jSNU9mdunL<\/a> <a href=\"https:\/\/t.co\/0WfLBwLYFi\" rel=\"nofollow\">pic.twitter.com\/0WfLBwLYFi<\/a><\/p>\n<p>\u2014 GreenEDGE Cycling (@GreenEDGEteam) <a href=\"https:\/\/twitter.com\/GreenEDGEteam\/status\/1986003500246171729?ref_src=twsrc%5Etfw\" rel=\"nofollow noopener\" target=\"_blank\">November 5, 2025<\/a><\/p><\/blockquote>\n<p> &#13;<br \/>\nLuke Lamperti da el salto a EF Education-EasyPost&#13;<\/p>\n<p><b id=\"P4\"\/>El joven estadounidense Luke Lamperti, una de las promesas m\u00e1s s\u00f3lidas del ciclismo norteamericano, cambiar\u00e1 de equipo en 2026 para incorporarse al EF Education-EasyPost, reforzando su apuesta por las cl\u00e1sicas y el talento emergente. A sus 22 a\u00f1os, Lamperti ya ha saboreado la victoria en seis ocasiones, incluida una etapa del Czech Tour este verano, y ha subido al podio en carreras belgas como la Danilith Nokere Koerse y la Bredene Koksijde Classic.<\/p>\n<p>&#13;<\/p>\n<p>Formado en Trinity Racing y curtido en el calendario europeo desde su etapa j\u00fanior, Lamperti destaca por su capacidad en llegadas reducidas y su resistencia en terrenos exigentes, perfil que encaja con las aspiraciones del equipo en las cl\u00e1sicas adoquinadas y los sprints t\u00e1cticos. Adem\u00e1s, se perfila como un futuro referente dentro del conjunto estadounidense, tanto por su talento como por su capacidad de liderazgo en carrera.<\/p>\n<p>&#13;<\/p>\n<p><b id=\"P5\"\/>El EF Education-EasyPost, que tambi\u00e9n ha incorporado al joven sprinter Noah Hobbs, espera que Lamperti contin\u00fae su progresi\u00f3n y aspire a objetivos mayores en pruebas como la <a href=\"https:\/\/www.esciclismo.com\/especiales\/gante-wevelgem\/\" rel=\"nofollow noopener\" target=\"_blank\">Gante-Wevelgem<\/a>, e incluso, a medio plazo, en un monumento como <a href=\"https:\/\/www.esciclismo.com\/especiales\/milan-san_remo\/\" rel=\"nofollow noopener\" target=\"_blank\">Mil\u00e1n-San Remo<\/a>.<\/p>\n<p>&#13;<\/p>\n<blockquote class=\"twitter-tweet\">\n<p lang=\"en\" dir=\"ltr\">Next up in pink: It&#8217;s Luke Lamperti \ud83e\udd73<\/p>\n<p>Kicking off our week of rider announcements, we&#8217;re excited to welcome Luke to EF Education-EasyPost in 2026! From his motocross roots to chasing classics dreams, this American rider is ready to take on a new WorldTour season in pink.<\/p>\n<p>Who\u2026 <a href=\"https:\/\/t.co\/muqv48zYpl\" rel=\"nofollow\">pic.twitter.com\/muqv48zYpl<\/a><\/p>\n<p>\u2014 EF Pro Cycling (@EFprocycling) <a href=\"https:\/\/twitter.com\/EFprocycling\/status\/1985739811714465901?ref_src=twsrc%5Etfw\" rel=\"nofollow noopener\" target=\"_blank\">November 4, 2025<\/a><\/p><\/blockquote>\n<p> &#13;<br \/>\nTomoya Koyama continuar\u00e1 su progresi\u00f3n en el Burgos-Burpellet-BH&#13;<\/p>\n<p>Por su parte, el Burgos-Burpellet-BH ha confirmado la renovaci\u00f3n del japon\u00e9s Tomoya Koyama, que seguir\u00e1 en el equipo en 2026 tras completar su primera temporada en la categor\u00eda UCI ProTeam. El corredor de 27 a\u00f1os ha ejercido una destacada labor como gregario, participando en los \u00e9xitos colectivos del equipo, como la clasificaci\u00f3n por equipos en el Tour de Mentougou, donde tambi\u00e9n colabor\u00f3 en la defensa del liderato de Carlos Garc\u00eda Pierna.<\/p>\n<p>&#13;<\/p>\n<p>Koyama debut\u00f3 este a\u00f1o en pruebas como la <a href=\"https:\/\/www.esciclismo.com\/especiales\/challenge-mallorca\/\" rel=\"nofollow noopener\" target=\"_blank\">Challenge de Mallorca<\/a> y el <a href=\"https:\/\/www.esciclismo.com\/especiales\/tour-oman\/\" rel=\"nofollow noopener\" target=\"_blank\">Tour de Om\u00e1n<\/a>, y m\u00e1s adelante compiti\u00f3 en Asia y Europa, firmando un noveno puesto en el Crit\u00e9rium de Utsunomiya y siendo parte del bloque que subi\u00f3 al podio en el Tour de Hainan y la Trans-Himalaya Cycling Race.<\/p>\n<p>&#13;<\/p>\n<p>Con esta renovaci\u00f3n, el conjunto burgal\u00e9s suma ya 21 ciclistas confirmados para la pr\u00f3xima campa\u00f1a, apostando por la continuidad de un corredor en plena progresi\u00f3n que ha demostrado ser una pieza s\u00f3lida en el engranaje del equipo morado.<\/p>\n<p>&#13;<\/p>\n<blockquote class=\"twitter-tweet\">\n<p lang=\"es\" dir=\"ltr\">\u2705 \u00a1\ud835\udc13\ud835\udc28\ud835\udc26\ud835\udc28\ud835\udc32\ud835\udc1a \ud835\udc0a\ud835\udc28\ud835\udc32\ud835\udc1a\ud835\udc26\ud835\udc1a seguir\u00e1 un a\u00f1o m\u00e1s en el Burgos Burpellet BH! \u2615\ufe0f<\/p>\n<p>\ud83c\uddef\ud83c\uddf5\ud83d\udc09 El japon\u00e9s ha ejercido una importante labor de gregario en su estreno como morado, colaborando en varios triunfos colectivos<\/p>\n<p>\ud83d\udcdd\u27a1\ufe0f <a href=\"https:\/\/t.co\/4bzTjHdl5j\" rel=\"nofollow\">https:\/\/t.co\/4bzTjHdl5j<\/a><a href=\"https:\/\/twitter.com\/hashtag\/SiempreValientes?src=hash&amp;ref_src=twsrc%5Etfw\" rel=\"nofollow noopener\" target=\"_blank\">#SiempreValientes<\/a> <a href=\"https:\/\/twitter.com\/hashtag\/CicloturismoBurgos?src=hash&amp;ref_src=twsrc%5Etfw\" rel=\"nofollow noopener\" target=\"_blank\">#CicloturismoBurgos<\/a> <a href=\"https:\/\/t.co\/VgLf5RcISU\" rel=\"nofollow\">pic.twitter.com\/VgLf5RcISU<\/a><\/p>\n<p>\u2014 Burgos Burpellet BH (@BurgosBH) <a href=\"https:\/\/twitter.com\/BurgosBH\/status\/1986010971454763191?ref_src=twsrc%5Etfw\" rel=\"nofollow noopener\" target=\"_blank\">November 5, 2025<\/a><\/p><\/blockquote>\n<p> &#13;<br \/>\n&#13;<br \/>\n&#13;<br \/>\nEsCiclismo &#8211; Todos los derechos reservados. Est\u00e1 prohibido todo tipo de reproducci\u00f3n sin autorizaci\u00f3n expresa escrita.<br \/>&#13;<br \/>\n&#13;<br \/>\n\t\t<script async src=\"https:\/\/platform.twitter.com\/widgets.js\" charset=\"utf-8\"><\/script><\/p>\n","protected":false},"excerpt":{"rendered":"&#13; &#13; &#13; &#13; &#13; EsCiclismo.com \u00b7 Competici\u00f3n Carretera \u00b7 05\/11\/2025 El mercado de fichajes del ciclismo WorldTour&hellip;\n","protected":false},"author":2,"featured_media":219797,"comment_status":"","ping_status":"","sticky":false,"template":"","format":"standard","meta":{"footnotes":""},"categories":[273],"tags":[58647,14585,52128,9616,2608,313,10600,106,18755,312,168,1563,38589,41273,158,622,25,24,7817,285,11958,1142,297,21499,52127,1928,58648,35952,1239,7371,524,11584,523,23,167,1152,4584,58646,4067,7665],"class_list":{"0":"post-219796","1":"post","2":"type-post","3":"status-publish","4":"format-standard","5":"has-post-thumbnail","7":"category-ciclismo","8":"tag-ackermann","9":"tag-aleman","10":"tag-alula","11":"tag-anuncios","12":"tag-cara","13":"tag-ciclismo","14":"tag-continua","15":"tag-contrato","16":"tag-corredor","17":"tag-cycling","18":"tag-deportes","19":"tag-dos","20":"tag-ed","21":"tag-ef","22":"tag-el","23":"tag-equipo","24":"tag-es","25":"tag-espana","26":"tag-estadounidense","27":"tag-fichajes","28":"tag-firmado","29":"tag-forma","30":"tag-horas","31":"tag-importantes","32":"tag-jayco","33":"tag-joven","34":"tag-lamperti","35":"tag-luke","36":"tag-mercado","37":"tag-mientras","38":"tag-nuevo","39":"tag-pascal","40":"tag-sera","41":"tag-spain","42":"tag-sports","43":"tag-temporada","44":"tag-temporadas","45":"tag-tomando","46":"tag-ultimas","47":"tag-worldtour"},"share_on_mastodon":{"url":"https:\/\/pubeurope.com\/@es\/115497177186544663","error":""},"_links":{"self":[{"href":"https:\/\/www.europesays.com\/es\/wp-json\/wp\/v2\/posts\/219796","targetHints":{"allow":["GET"]}}],"collection":[{"href":"https:\/\/www.europesays.com\/es\/wp-json\/wp\/v2\/posts"}],"about":[{"href":"https:\/\/www.europesays.com\/es\/wp-json\/wp\/v2\/types\/post"}],"author":[{"embeddable":true,"href":"https:\/\/www.europesays.com\/es\/wp-json\/wp\/v2\/users\/2"}],"replies":[{"embeddable":true,"href":"https:\/\/www.europesays.com\/es\/wp-json\/wp\/v2\/comments?post=219796"}],"version-history":[{"count":0,"href":"https:\/\/www.europesays.com\/es\/wp-json\/wp\/v2\/posts\/219796\/revisions"}],"wp:featuredmedia":[{"embeddable":true,"href":"https:\/\/www.europesays.com\/es\/wp-json\/wp\/v2\/media\/219797"}],"wp:attachment":[{"href":"https:\/\/www.europesays.com\/es\/wp-json\/wp\/v2\/media?parent=219796"}],"wp:term":[{"taxonomy":"category","embeddable":true,"href":"https:\/\/www.europesays.com\/es\/wp-json\/wp\/v2\/categories?post=219796"},{"taxonomy":"post_tag","embeddable":true,"href":"https:\/\/www.europesays.com\/es\/wp-json\/wp\/v2\/tags?post=219796"}],"curies":[{"name":"wp","href":"https:\/\/api.w.org\/{rel}","templated":true}]}}