{"id":219817,"date":"2025-11-05T13:03:13","date_gmt":"2025-11-05T13:03:13","guid":{"rendered":"https:\/\/www.europesays.com\/es\/219817\/"},"modified":"2025-11-05T13:03:13","modified_gmt":"2025-11-05T13:03:13","slug":"la-duena-de-kfc-y-taco-bell-se-rinde-ante-dominos-y-pone-a-la-venta-pizza-hut","status":"publish","type":"post","link":"https:\/\/www.europesays.com\/es\/219817\/","title":{"rendered":"La due\u00f1a de KFC y Taco Bell se rinde ante Domino&#8217;s y pone a la venta Pizza Hut"},"content":{"rendered":"<p>Yum Brands, la empresa propietaria de cadenas de restaurantes como KFC, Taco Bell o Pizza Hut, ha anunciado que pone en revisi\u00f3n esta \u00faltima cadena, sin descartar incluso una posible venta, ante los malos resultados que est\u00e1 teniendo. \u00ab<b>El desempe\u00f1o de Pizza Hut indica la necesidad de tomar medidas adicionales para ayudar a que la marca alcance su m\u00e1ximo valor,<\/b> lo cual podr\u00eda lograrse mejor fuera de Yum Brands\u00bb, declar\u00f3 Chris Turner, nuevo consejero delegado del grupo, en un comunicado.<\/p>\n<p>El gigante de alimentaci\u00f3n y bebidas PepsiCo adquiri\u00f3 Pizza Hut en 1977, pero escindi\u00f3 la cadena junto con KFC y Taco Bell en 1997 para crear una compa\u00f1\u00eda de restaurantes, que adopt\u00f3 el nombre de Yum Brands en 2002. Aunque el negocio de la cadena de pollo frito y de la tex-mex est\u00e1n funcionado bien, no ocurre lo mismo con la de pizzas, que est\u00e1 perdiendo cuota de mercado cada d\u00eda frente a otros rivales, como Domino&#8217;s Pizza. <b>Yum Brands asegura que no se ha fijado una fecha l\u00edmite para completar la revisi\u00f3n estrat\u00e9gica de Pizza Hut y que no hay, adem\u00e1s, garant\u00edas de que el proceso termine en una transacci\u00f3n<\/b>.<\/p>\n<p>Yum declar\u00f3 unos beneficios netos en el tercer trimestre de 397 millones de d\u00f3lares (unos 344 millones de euros), lo que supone un crecimiento del 4% respecto al a\u00f1o anterior gracias al empuje de KFC y Taco Bell. Excluyendo el coste de la revisi\u00f3n estrat\u00e9gica de Pizza Hut y otros conceptos, la empresa gan\u00f3 1,58 d\u00f3lares por acci\u00f3n.<b> Las ventas netas aumentaron un 8 %, hasta alcanzar los 1.980 millones de d\u00f3lares (1.720 millones de euros).<\/b><\/p>\n<p>Ca\u00edda de las ventas<\/p>\n<p>La empresa admiti\u00f3 que solo Pizza Hut registr\u00f3 un descenso en las ventas en tiendas comparables. La cadena de pizzer\u00edas, que atraviesa dificultades cada vez m\u00e1s serias, inform\u00f3 de que las ventas en tiendas comparables cayeron, en concreto, un 1% en el trimestre, impulsadas por un descenso del 7 % en las ventas de los restaurantes estadounidenses abiertos desde hace al menos un a\u00f1o. <a href=\"https:\/\/www.eleconomista.es\/retail-consumo\/noticias\/11885913\/07\/22\/Pizza-Hut-acuerda-un-ERE-con-277-despidos-y-el-cierre-de-sus-22-tiendas-propias-en-Espana.html\" title=\"Pizza Hut acuerda un ERE y el cierre de sus tiendas propias en Espa\u00f1a\" rel=\"nofollow noopener\" target=\"_blank\">Pizza Hut acord\u00f3 ya hace tres a\u00f1os el cierre de sus tiendas propias en Espa\u00f1a <\/a>ante el deterioro constante del negocio y empuje de otras marcas.<\/p>\n<p>En 2018 Yum! firm\u00f3 una alianza con Food Delivery Brands, la due\u00f1a de Telepizza, por la que esta \u00faltima cadena se iba a encargar del desarrollo de la marca Pizza Hut en Latinoam\u00e9rica. El acuerdo, sin embargo, no funcion\u00f3 y acab\u00f3 rompi\u00e9ndose en 2023, tan solo cinco a\u00f1os despu\u00e9s.<\/p>\n<p>WhatsApp<a href=\"https:\/\/api.whatsapp.com\/send?text=https:\/\/www.eleconomista.es\/retail-consumo\/noticias\/13626564\/11\/25\/la-duena-de-kfc-y-taco-bell-se-rinda-ante-dominos-y-pone-a-la-venta-pizza-hut.html?utm_source%3Dwhatsapp%26utm_medium%3Dshare_button&amp;id=1648118629957_whatsapp\" target=\"_blank\" data-action=\"share\/whatsapp\/share\" aria-label=\"Compartir en Whatsapp\" rel=\"nofollow noopener\"><\/a>Facebook<a id=\"fb-share\" href=\"#\" target=\"_blank\" rel=\"noopener noreferrer\" aria-label=\"Compartir en Facebook\"><\/a>Twitter<a href=\"https:\/\/twitter.com\/share?text=La+due%C3%B1a+de+KFC+y+Taco+Bell+se+rinde+ante+Domino%27s+y+pone+a+la+venta+Pizza+Hut&amp;url=https:\/\/www.eleconomista.es\/retail-consumo\/noticias\/13626564\/11\/25\/la-duena-de-kfc-y-taco-bell-se-rinda-ante-dominos-y-pone-a-la-venta-pizza-hut.html&amp;via=elEconomistaes&amp;id=1648118839245_twitter\" target=\"_blank\" aria-label=\"Compartir en Twitter\" rel=\"nofollow noopener\"><\/a>Linkedin<a href=\"https:\/\/linkedin.com\/share?text=https:\/\/www.eleconomista.es\/retail-consumo\/noticias\/13626564\/11\/25\/la-duena-de-kfc-y-taco-bell-se-rinda-ante-dominos-y-pone-a-la-venta-pizza-hut.html&amp;via=elEconomistaes\" target=\"_blank\" aria-label=\"Compartir en linkedin\" rel=\"nofollow noopener\"><\/a>Beloud<a href=\"https:\/\/beloud.com\/share?text=La+due%C3%B1a+de+KFC+y+Taco+Bell+se+rinde+ante+Domino%27s+y+pone+a+la+venta+Pizza+Hut&amp;url=https:\/\/www.eleconomista.es\/retail-consumo\/noticias\/13626564\/11\/25\/la-duena-de-kfc-y-taco-bell-se-rinda-ante-dominos-y-pone-a-la-venta-pizza-hut.html&amp;via=elEconomistaes&amp;id=1648118839245_beloud\" target=\"_blank\" aria-label=\"Compartir en beloud\" rel=\"nofollow noopener\"><\/a>Bluesky<a href=\"https:\/\/bsky.app\/intent\/compose?text=https:\/\/bsky.app\/intent\/compose?text=https:\/\/www.eleconomista.es\/retail-consumo\/noticias\/13626564\/11\/25\/la-duena-de-kfc-y-taco-bell-se-rinda-ante-dominos-y-pone-a-la-venta-pizza-hut.html&amp;url=https:\/\/www.eleconomista.es\/retail-consumo\/noticias\/13626564\/11\/25\/la-duena-de-kfc-y-taco-bell-se-rinda-ante-dominos-y-pone-a-la-venta-pizza-hut.html&amp;via=elEconomistaes&amp;id=1648118839245_bluesky\" target=\"_blank\" aria-label=\"Compartir en bluesky\" rel=\"nofollow noopener\"><\/a><\/p>\n<p><script async src=\"https:\/\/platform.twitter.com\/widgets.js\" charset=\"utf-8\"><\/script><\/p>\n","protected":false},"excerpt":{"rendered":"Yum Brands, la empresa propietaria de cadenas de restaurantes como KFC, Taco Bell o Pizza Hut, ha anunciado&hellip;\n","protected":false},"author":2,"featured_media":219818,"comment_status":"","ping_status":"","sticky":false,"template":"","format":"standard","meta":{"footnotes":""},"categories":[80],"tags":[82,95,94,25,24,11416,23],"class_list":{"0":"post-219817","1":"post","2":"type-post","3":"status-publish","4":"format-standard","5":"has-post-thumbnail","7":"category-economia","8":"tag-business","9":"tag-economia","10":"tag-economy","11":"tag-es","12":"tag-espana","13":"tag-retail-consumo","14":"tag-spain"},"share_on_mastodon":{"url":"https:\/\/pubeurope.com\/@es\/115497232305026385","error":""},"_links":{"self":[{"href":"https:\/\/www.europesays.com\/es\/wp-json\/wp\/v2\/posts\/219817","targetHints":{"allow":["GET"]}}],"collection":[{"href":"https:\/\/www.europesays.com\/es\/wp-json\/wp\/v2\/posts"}],"about":[{"href":"https:\/\/www.europesays.com\/es\/wp-json\/wp\/v2\/types\/post"}],"author":[{"embeddable":true,"href":"https:\/\/www.europesays.com\/es\/wp-json\/wp\/v2\/users\/2"}],"replies":[{"embeddable":true,"href":"https:\/\/www.europesays.com\/es\/wp-json\/wp\/v2\/comments?post=219817"}],"version-history":[{"count":0,"href":"https:\/\/www.europesays.com\/es\/wp-json\/wp\/v2\/posts\/219817\/revisions"}],"wp:featuredmedia":[{"embeddable":true,"href":"https:\/\/www.europesays.com\/es\/wp-json\/wp\/v2\/media\/219818"}],"wp:attachment":[{"href":"https:\/\/www.europesays.com\/es\/wp-json\/wp\/v2\/media?parent=219817"}],"wp:term":[{"taxonomy":"category","embeddable":true,"href":"https:\/\/www.europesays.com\/es\/wp-json\/wp\/v2\/categories?post=219817"},{"taxonomy":"post_tag","embeddable":true,"href":"https:\/\/www.europesays.com\/es\/wp-json\/wp\/v2\/tags?post=219817"}],"curies":[{"name":"wp","href":"https:\/\/api.w.org\/{rel}","templated":true}]}}