{"id":219854,"date":"2025-11-05T13:37:08","date_gmt":"2025-11-05T13:37:08","guid":{"rendered":"https:\/\/www.europesays.com\/es\/219854\/"},"modified":"2025-11-05T13:37:08","modified_gmt":"2025-11-05T13:37:08","slug":"el-surne-bilbao-basket-con-la-ambicion-de-asaltar-el-liderato-de-su-grupo-en-grecia","status":"publish","type":"post","link":"https:\/\/www.europesays.com\/es\/219854\/","title":{"rendered":"El Surne Bilbao Basket, con la \u00abambici\u00f3n\u00bb de asaltar el liderato de su grupo en Grecia"},"content":{"rendered":"<p>\n        <strong>Despu\u00e9s de someter con brutal autoridad<\/strong> a domicilio tanto <strong>al Basket Brno como al Kutaisi,<\/strong> cosechando la victoria m\u00e1s amplia de su historia en el primer caso y la puntuaci\u00f3n m\u00e1s alta en el segundo, <strong>el <\/strong><a href=\"https:\/\/www.deia.eus\/deportes\/bilbao-basket\/\" title=\"Surne Bilbao Basket\" class=\"link copy\" rel=\"nofollow noopener\" target=\"_blank\"><strong>Surne Bilbao Basket<\/strong><\/a><strong> afronta este martes su tercera salida consecutiva en la <\/strong><a href=\"https:\/\/www.deia.eus\/tags\/fiba-europe-cup\/\" title=\"FIBA Europe Cup\" class=\"link copy\" rel=\"nofollow noopener\" target=\"_blank\"><strong>FIBA Europe Cup<\/strong><\/a><strong>,<\/strong> un duelo que presenta circunstancias muy distintas. Si en los dos anteriores la victoria se daba por hecha por la enorme diferencia de potencial entre los contendientes, en esta ocasi\u00f3n<strong> el encuentro tiene enorme miga e importancia<\/strong> de cara a la clasificaci\u00f3n.<strong> Los de <\/strong><a href=\"https:\/\/www.deia.eus\/tags\/jaume-ponsarnau\/\" title=\"Jaume Ponsarnau\" class=\"link copy\" rel=\"nofollow noopener\" target=\"_blank\"><strong>Jaume Ponsarnau<\/strong><\/a><strong> visitan al Peristeri (18.30 horas), el rival que les derrot\u00f3 en el Bilbao Arena<\/strong> en el estreno de la defensa de su corona continental y al que intentar\u00e1n devolver el golpe, a poder ser <strong>ganando por m\u00e1s de tres puntos para asegurar de esa manera el liderato del Grupo E.<\/strong>\n<\/p>\n<blockquote class=\"twitter-tweet\" data-lang=\"es\">\n<p lang=\"es\" dir=\"ltr\">PREVIA: Surne Bilbao Basket visita Grecia para afrontar ante Peristeri un duelo por el liderato del Grupo E<\/p>\n<p>\u2139\ufe0f <a href=\"https:\/\/t.co\/PKy3IMPssa\" rel=\"nofollow\">https:\/\/t.co\/PKy3IMPssa<\/a> <a href=\"https:\/\/t.co\/qr8uP1hmGi\" rel=\"nofollow\">pic.twitter.com\/qr8uP1hmGi<\/a><\/p>\n<p>\u2014 Surne Bilbao Basket \ud83d\ude0e (@bilbaobasket) <a href=\"https:\/\/twitter.com\/bilbaobasket\/status\/1985743332861935692?ref_src=twsrc%5Etfw\" rel=\"nofollow noopener\" target=\"_blank\">4 de noviembre de 2025<\/a><\/p><\/blockquote>\n<p class=\"article-body__text \">\n        Con una expedici\u00f3n compuesta por trece jugadores <strong>(viajan Amar Sylla, recuperado de su proceso v\u00edrico, y Bingen Errasti,<\/strong> por lo que Ponsarnau tendr\u00e1 que hacer un descarte entre los jugadores que no son cupo de formaci\u00f3n), los hombres de negro quieren resarcirse del <strong>gusto amargo que qued\u00f3 en sus paladares el pasado s\u00e1bado en Manresa<\/strong>, donde una err\u00e1tica gesti\u00f3n de los minutos finales de partido les priv\u00f3 de <a href=\"https:\/\/www.deia.eus\/bilbao-basket\/2025\/11\/01\/surne-bilbao-basket-manresa-desaprovecha-oportunidad-10294107.html\" title=\"una victoria\" target=\"_blank\" class=\"link copy\" rel=\"nofollow noopener\">una victoria<\/a> que hubiese sido important\u00edsima, tanto desde el<strong> punto de vista clasificatorio para la <\/strong><a href=\"https:\/\/www.deia.eus\/tags\/liga-endesa\/\" title=\"Liga Endesa\" class=\"link copy\" rel=\"nofollow noopener\" target=\"_blank\">Liga Endesa<\/a> como del de las sensaciones en forma de confirmaci\u00f3n de los pasos al frente del colectivo.\n<\/p>\n<p>  Rival en racha<\/p>\n<p class=\"article-body__text \">\n        Pero no pudo ser por la acumulaci\u00f3n de errores propios, por lo que <strong>se seguir\u00e1 hablando de esos m\u00e1s de 300 d\u00edas sin ganar lejos de Miribilla<\/strong> en competici\u00f3n dom\u00e9stica -y suma y sigue-, pero ahora toca cambiar de chip para hacer frente a <strong>un rival que en Bilbao ya demostr\u00f3 tener armas suficientes como para amargarle la vida<\/strong> y que en la liga griega circula encaramado a la zona alta de la tabla -quinto, con tres victorias y una sola derrota- despu\u00e9s de <strong>derrotar el s\u00e1bado en casa por 79-66 al AEK Atenas.<\/strong>\n<\/p>\n<p>  Referentes<\/p>\n<p class=\"article-body__text \">\n        Con el joven base granadino <strong>\u00c1lvaro C\u00e1rdenas a los mandos, Ty Nichols exprimiendo su juego uno contra uno<\/strong> (m\u00e1ximo anotador de la liga griega con 19,8 puntos), los triples de <strong>Riley Abercrombie<\/strong>, la capacidad anotadora en distancias cortas e intermedias de <strong>Jake Van Tubbergen<\/strong> y las tablas del veterano <strong>CJ Harris<\/strong>, el Peristeri cuenta con capacitaci\u00f3n suficiente para conquistar <a href=\"https:\/\/www.fiba.basketball\/en\/events\/fiba-europe-cup-25-26\/games\/128744-SBB-PERI#boxscore\" title=\"feudos como el de Miribilla\" rel=\"nofollow noopener\" target=\"_blank\" class=\"link copy\">feudos como el de Miribilla<\/a>, por lo que su peligro en <strong>su Andreas Papandreou Arena ser\u00e1 a\u00fan mayor<\/strong>, lo que exigir\u00e1 lo m\u00e1ximo de los de Ponsarnau si quieren conquistar su objetivo.\n<\/p>\n<p class=\"article-body__text \">\n        El t\u00e9cnico del <a href=\"https:\/\/www.deia.eus\/tags\/surne-bilbao-basket\/\" title=\"Surne Bilbao Basket\" class=\"link copy\" rel=\"nofollow noopener\" target=\"_blank\">Surne Bilbao Basket<\/a>, que reconoc\u00eda este martes que <strong>\u201ctodas las derrotas afectan y esta (la de Manresa) quiz\u00e1s un poco m\u00e1s que otras\u201d<\/strong>, desvel\u00f3 que cuenta con <strong>\u201cvarios jugadores tocados<\/strong>, a ver con qui\u00e9nes podemos contar. Sabemos la importancia del partido y tenemos ganas de ganarlo\u201d. Sobre el Peristeri, avanz\u00f3 que \u201c<strong>es un equipo muy particular, en la ACB no hay conjuntos as\u00ed. <\/strong>Juega mucho desde el uno contra uno, aclar\u00e1ndolo mucho, y a partir de ah\u00ed tienen mucha capacidad y talento.<strong> Vamos a tener que defender muy bien desde lo colectivo,<\/strong> que fue lo que aqu\u00ed no hicimos bien, y tambi\u00e9n atacarles bien. Contra ellos encuentras el triple y si metes est\u00e1s bien, pero de lo contrario cuesta porque colapsan mucho. Si no hay acierto, tendr\u00e1 que haber dinamismo.<strong> Nuestra ambici\u00f3n es intentar ser primeros de grupo<\/strong> y depende de nosotros\u201d.\n<\/p>\n<p>            <script async src=\"https:\/\/platform.twitter.com\/widgets.js\" charset=\"utf-8\"><\/script><\/p>\n","protected":false},"excerpt":{"rendered":"Despu\u00e9s de someter con brutal autoridad a domicilio tanto al Basket Brno como al Kutaisi, cosechando la victoria&hellip;\n","protected":false},"author":2,"featured_media":219855,"comment_status":"","ping_status":"","sticky":false,"template":"","format":"standard","meta":{"footnotes":""},"categories":[269],"tags":[5882,13314,299,1918,298,2601,5393,168,25,24,406,13863,58654,23,167,40205],"class_list":{"0":"post-219854","1":"post","2":"type-post","3":"status-publish","4":"format-standard","5":"has-post-thumbnail","7":"category-baloncesto","8":"tag-ambicion","9":"tag-asaltar","10":"tag-baloncesto","11":"tag-basket","12":"tag-basketball","13":"tag-bilbao","14":"tag-cup","15":"tag-deportes","16":"tag-es","17":"tag-espana","18":"tag-europe","19":"tag-fiba","20":"tag-peristeri","21":"tag-spain","22":"tag-sports","23":"tag-surne"},"share_on_mastodon":{"url":"https:\/\/pubeurope.com\/@es\/115497366013631336","error":""},"_links":{"self":[{"href":"https:\/\/www.europesays.com\/es\/wp-json\/wp\/v2\/posts\/219854","targetHints":{"allow":["GET"]}}],"collection":[{"href":"https:\/\/www.europesays.com\/es\/wp-json\/wp\/v2\/posts"}],"about":[{"href":"https:\/\/www.europesays.com\/es\/wp-json\/wp\/v2\/types\/post"}],"author":[{"embeddable":true,"href":"https:\/\/www.europesays.com\/es\/wp-json\/wp\/v2\/users\/2"}],"replies":[{"embeddable":true,"href":"https:\/\/www.europesays.com\/es\/wp-json\/wp\/v2\/comments?post=219854"}],"version-history":[{"count":0,"href":"https:\/\/www.europesays.com\/es\/wp-json\/wp\/v2\/posts\/219854\/revisions"}],"wp:featuredmedia":[{"embeddable":true,"href":"https:\/\/www.europesays.com\/es\/wp-json\/wp\/v2\/media\/219855"}],"wp:attachment":[{"href":"https:\/\/www.europesays.com\/es\/wp-json\/wp\/v2\/media?parent=219854"}],"wp:term":[{"taxonomy":"category","embeddable":true,"href":"https:\/\/www.europesays.com\/es\/wp-json\/wp\/v2\/categories?post=219854"},{"taxonomy":"post_tag","embeddable":true,"href":"https:\/\/www.europesays.com\/es\/wp-json\/wp\/v2\/tags?post=219854"}],"curies":[{"name":"wp","href":"https:\/\/api.w.org\/{rel}","templated":true}]}}