{"id":219884,"date":"2025-11-05T14:01:15","date_gmt":"2025-11-05T14:01:15","guid":{"rendered":"https:\/\/www.europesays.com\/es\/219884\/"},"modified":"2025-11-05T14:01:15","modified_gmt":"2025-11-05T14:01:15","slug":"del-nido-tumba-definitivamente-la-tercera-via-y-advierte-sobre-sus-acciones-soy-capaz-de-formar-una-revolucion","status":"publish","type":"post","link":"https:\/\/www.europesays.com\/es\/219884\/","title":{"rendered":"Del Nido tumba definitivamente la Tercera V\u00eda y advierte sobre sus acciones: \u00abSoy capaz de formar una revoluci\u00f3n\u00bb"},"content":{"rendered":"<p class=\"parrafo\">La de este mi\u00e9rcoles, 5 de noviembre, ha sido <strong>una ma\u00f1ana cargadita de actualidad en el Sevilla FC<\/strong>. No s\u00f3lo en el plano deportivo, donde Mat\u00edas Almeyda ha contado hasta <a href=\"https:\/\/www.estadiodeportivo.com\/futbol\/sevilla-fc\/sevilla-mal-peor-almeyda-recupera-nadie-suma-dos-nuevos-lesionados-20251105-519133.html\" target=\"_blank\" class=\"intext-link\" rel=\"nofollow noopener\">siete convalecientes por motivos f\u00edsicos<\/a> que se han ausentado a s\u00f3lo tres d\u00edas de recibir a CA Osasuna. Adem\u00e1s, el d\u00eda tambi\u00e9n ha dejado titulares en lo referente al incierto panorama institucional. Que el proceso para vender los mayores paquetes accionariales de la sociedad est\u00e1 en marcha es tan evidente como que no hay a\u00fan ni una sola oferta que alcance el umbral m\u00ednimo para completar la transacci\u00f3n. De todo ello ha hablado <strong>Jos\u00e9 Mar\u00eda del Nido Benavente<\/strong><strong>, que ha cerrado la puerta a la llamada &#8216;Tercera V\u00eda&#8217;, liderada por los empresarios hispalenses Antonio Lapp\u00ed y Fede Quintero<\/strong><strong>, y ha asegurado que no ha renunciado al \u00absue\u00f1o\u00bb de recuperar el sill\u00f3n presidencial<\/strong> en el palco del estadio Ram\u00f3n S\u00e1nchez-Pizju\u00e1n. <\/p>\n<p><a class=\"elementos-rel-t2\" href=\"https:\/\/www.estadiodeportivo.com\/futbol\/sevilla-fc\/presidente-del-fenerbahce-quiere-comprar-sevilla-20251026-518007.html\" title=\"El ex presidente del Fenerbah\u00e7e quiere comprar el Sevilla\" rel=\"nofollow noopener\" target=\"_blank\">El ex presidente del Fenerbah\u00e7e quiere comprar el Sevilla<img decoding=\"async\" src=\"https:\/\/www.europesays.com\/es\/wp-content\/uploads\/2025\/11\/41590e21-e2a2-4511-96af-5f8d7fe96c19_320x180.jpeg\" alt=\"El ex presidente del Fenerbah\u00e7e quiere comprar el Sevilla\"\/><\/a><a class=\"elementos-rel-t2\" href=\"https:\/\/www.estadiodeportivo.com\/futbol\/sevilla-fc\/fondo-inversor-footballenterprises-inc-desmarca-compra-del-sevilla-20251021-517341.html\" title=\"El fondo inversor Football.Enterprises Inc. se desmarca de la compra del Sevilla\" rel=\"nofollow noopener\" target=\"_blank\">El fondo inversor Football.Enterprises Inc. se desmarca de la compra del Sevilla<img decoding=\"async\" src=\"https:\/\/www.europesays.com\/es\/wp-content\/uploads\/2025\/10\/706df639-08c6-46a6-ad07-ebcafc44708f_320x180.jpeg\" alt=\"El fondo inversor Football.Enterprises Inc. se desmarca de la compra del Sevilla\"\/><\/a><a class=\"elementos-rel-t2\" href=\"https:\/\/www.estadiodeportivo.com\/futbol\/sevilla-fc\/accionistas-unidos-habla-claro-sobre-venta-del-sevilla-quieren-paz-social-20251022-517381.html\" title=\"Accionistas Unidos habla claro sobre la venta del Sevilla FC: &quot;Si quieren paz social...&quot;\" rel=\"nofollow noopener\" target=\"_blank\">Accionistas Unidos habla claro sobre la venta del Sevilla FC: \u00abSi quieren paz social&#8230;\u00bb<img decoding=\"async\" src=\"https:\/\/www.europesays.com\/es\/wp-content\/uploads\/2025\/10\/9537a5ac-147b-40fb-86e0-cac59e105f64_320x180.jpeg\" alt=\"Accionistas Unidos habla claro sobre la venta del Sevilla FC: &quot;Si quieren paz social...&quot;\"\/><\/a><\/p>\n<p class=\"parrafo\">Del Nido ha atendido a los medios de comunicaci\u00f3n que le esperaban a las puertas de los Juzgados de Sevilla, donde estaba <strong>citado por el Juzgado de Instrucci\u00f3n n\u00famero 14 para prestar declaraci\u00f3n sobre un presunto delito de estafa en la venta de acciones a &#8216;Los Americanos&#8217;<\/strong>. Adem\u00e1s del propio expresidente blanquirrojo, tambi\u00e9n ha comparecido ante el magistrado -en su caso por v\u00eddeollamada desde Italia- <strong>Andr\u00e9s Bl\u00e1zquez, exconsejero sevillista y antiguo representante de Sevillistas Unidos 2020 -la parte denunciante- y de 777 Partners, ahora en manos de la asegurada A-CAP<\/strong> y con el afamado letrado Juan de Dios Crespo como representante legal en las \u00faltimas juntas. Este grupo se ha querellado contra los dos declarantes de este martes y la acusaci\u00f3n la ha asumido Lucas Fern\u00e1ndez de Bobadilla, abogado del Sevilla FC. <\/p>\n<p>Del Nido Benavente: \u00abNo hay ninguna negociaci\u00f3n para vender mis acciones\u00bb          <\/p>\n<p class=\"parrafo\">\u00abS\u00ed, <strong>es verdad que a m\u00ed me han llegado ofertas<\/strong> para adquirir el paquete accionario que controlamos; pero nosotros no tenemos ning\u00fan acuerdo con nadie, ni tenemos ninguna oferta escrita que sea seria y acorde al valor del Sevilla F\u00fatbol Club para poder mantener una negociaci\u00f3n. As\u00ed pues, yo a d\u00eda de hoy os puedo decir que <strong>nuestro grupo ni ha vendido acciones ni est\u00e1 hablando o en negociaciones para la venta de las mismas<\/strong>\u00ab, ha manifestado Del Nido en un canutazo ante los micr\u00f3fonos de los medios de comunicaci\u00f3n de la ciudad. <\/p>\n<p class=\"parrafo\">Ahora mismo, la tarta accionarial se dibuja de la siguiente manera: el que fuera mandam\u00e1s nervionense entre 2002 y 2013 controla aproximadamente un 40 por ciento del capital social y es el m\u00e1ximo accionista a t\u00edtulo individual. Luego la Familia Carri\u00f3n<strong> <\/strong>posee en torno a un 15%, el Grupo de Utrera<strong> <\/strong>est\u00e1 en un 14% y <strong>A-CAP <\/strong>(es decir, &#8216;<strong>Los Americanos<\/strong>&#8216;) les siguen con otro 14%.<\/p>\n<p>La opci\u00f3n de Antonio Lapp\u00ed ya est\u00e1 descartada, seg\u00fan el expresidente del Sevilla FC<\/p>\n<p class=\"parrafo\">En este sentido, Del Nido Benavente no s\u00f3lo ha asegurado que no est\u00e1 negociando la venta de su paquete accionarial, sino que ha desvelado que <a href=\"https:\/\/www.estadiodeportivo.com\/futbol\/sevilla-fc\/ruido-sobre-venta-del-club-vuelve-ensordecedor-cuarta-via-con-nombres-apellidos-posturas-las-grandes-familias-plazos-previstos-20251017-516790.html\" target=\"_blank\" class=\"intext-link\" rel=\"nofollow noopener\">el resto de grandes accionistas tampoco han encontrado a nadie<\/a> que ponga el valor que tienen estos t\u00edtulos. \u00abA ver, yo conozco la rumorolog\u00eda que ustedes, los medios de comunicaci\u00f3n, vienen recogiendo. S\u00e9 lo que los dem\u00e1s dicen por ah\u00ed. <strong>Yo no tengo ofertas concretas m\u00e1s all\u00e1 de la del se\u00f1or Lapp\u00ed<\/strong>. <a href=\"https:\/\/www.estadiodeportivo.com\/futbol\/sevilla-fc\/antonio-lappi-paso-presenta-una-oferta-formal-los-grandes-accionistas-20251020-517196.html\" target=\"_blank\" class=\"intext-link\" rel=\"nofollow noopener\"><strong>La oferta por la compra de las acciones del se\u00f1or Lapp\u00ed<\/strong><\/a> <strong>fue rechazada por insuficiente y, adem\u00e1s, por no estar de acuerdo con determinadas condiciones<\/strong> que se pon\u00edan de manifiesto en la misma. No hay ninguna oferta m\u00e1s\u00bb, ha declarado. <\/p>\n<p>Del Nido mantiene su sue\u00f1o de volver a presidir el Sevilla: \u00abLo mejor est\u00e1 por llegar\u00bb <\/p>\n<p class=\"parrafo\">Ante esta situaci\u00f3n, Del Nido mantiene su \u00f3rdago. <strong>\u00abYo sue\u00f1o con volver a ser presidente del Sevilla F\u00fatbol Club, porque creo que ya demostr\u00e9 en su d\u00eda que era capaz de formar una revoluci\u00f3n y estar\u00eda dispuesto a hacerlo otra vez<\/strong>. Pero lo que s\u00ed es verdad es que pasan las fechas y no se alcanza el poder, \u00bfno? Desde luego, si me llega la oportunidad, no les quepa la menor duda de que tomar\u00eda nuevamente las riendas de la sociedad. Y les voy a contar un secreto que no sabe nadie: Lo mejor sigue estando por llegar\u00bb, ha conclu\u00eddo el abogado sevillano, que asegura seguir teniendo cuerda para luchar por ese ambicioso objetivo de recuperar el poder de la entidad. <\/p>\n","protected":false},"excerpt":{"rendered":"La de este mi\u00e9rcoles, 5 de noviembre, ha sido una ma\u00f1ana cargadita de actualidad en el Sevilla FC.&hellip;\n","protected":false},"author":2,"featured_media":219885,"comment_status":"","ping_status":"","sticky":false,"template":"","format":"standard","meta":{"footnotes":""},"categories":[268],"tags":[168,25,24,284,280,282,37158,1945,2993,281,23,167],"class_list":{"0":"post-219884","1":"post","2":"type-post","3":"status-publish","4":"format-standard","5":"has-post-thumbnail","7":"category-futbol","8":"tag-deportes","9":"tag-es","10":"tag-espana","11":"tag-estadio-deportivo","12":"tag-football","13":"tag-futbol","14":"tag-jose-maria-del-nido","15":"tag-primera-division","16":"tag-sevilla-futbol-club","17":"tag-soccer","18":"tag-spain","19":"tag-sports"},"share_on_mastodon":{"url":"https:\/\/pubeurope.com\/@es\/115497460451370988","error":""},"_links":{"self":[{"href":"https:\/\/www.europesays.com\/es\/wp-json\/wp\/v2\/posts\/219884","targetHints":{"allow":["GET"]}}],"collection":[{"href":"https:\/\/www.europesays.com\/es\/wp-json\/wp\/v2\/posts"}],"about":[{"href":"https:\/\/www.europesays.com\/es\/wp-json\/wp\/v2\/types\/post"}],"author":[{"embeddable":true,"href":"https:\/\/www.europesays.com\/es\/wp-json\/wp\/v2\/users\/2"}],"replies":[{"embeddable":true,"href":"https:\/\/www.europesays.com\/es\/wp-json\/wp\/v2\/comments?post=219884"}],"version-history":[{"count":0,"href":"https:\/\/www.europesays.com\/es\/wp-json\/wp\/v2\/posts\/219884\/revisions"}],"wp:featuredmedia":[{"embeddable":true,"href":"https:\/\/www.europesays.com\/es\/wp-json\/wp\/v2\/media\/219885"}],"wp:attachment":[{"href":"https:\/\/www.europesays.com\/es\/wp-json\/wp\/v2\/media?parent=219884"}],"wp:term":[{"taxonomy":"category","embeddable":true,"href":"https:\/\/www.europesays.com\/es\/wp-json\/wp\/v2\/categories?post=219884"},{"taxonomy":"post_tag","embeddable":true,"href":"https:\/\/www.europesays.com\/es\/wp-json\/wp\/v2\/tags?post=219884"}],"curies":[{"name":"wp","href":"https:\/\/api.w.org\/{rel}","templated":true}]}}