{"id":219886,"date":"2025-11-05T14:02:13","date_gmt":"2025-11-05T14:02:13","guid":{"rendered":"https:\/\/www.europesays.com\/es\/219886\/"},"modified":"2025-11-05T14:02:13","modified_gmt":"2025-11-05T14:02:13","slug":"la-familia-roig-en-el-podio-de-las-mas-ricas-de-espana-segun-forbes","status":"publish","type":"post","link":"https:\/\/www.europesays.com\/es\/219886\/","title":{"rendered":"La familia Roig, en el podio de las m\u00e1s ricas de Espa\u00f1a seg\u00fan Forbes"},"content":{"rendered":"<p><a class=\"v-mdl-ath__fig-a\" href=\"https:\/\/www.lasprovincias.es\/autor\/diego-merino-6503.html\" title=\"D. Merino\" rel=\"nofollow noopener\" target=\"_blank\"><br \/>\n<img decoding=\"async\" class=\"v-mdl-ath__img\" src=\"https:\/\/www.europesays.com\/es\/wp-content\/uploads\/2025\/11\/autor-6503-foto-1.jpeg\" alt=\"D. Merino\"\/><br \/>\n<\/a><\/p>\n<p class=\"v-mdl-ath__p v-mdl-ath__p--6\">\nMartes, 4 de noviembre 2025<\/p>\n<p>| Actualizado 05\/11\/2025 11:12h.<\/p>\n<p class=\"v-p\">La <a href=\"https:\/\/www.lasprovincias.es\/economia\/ortega-pino-acaparan-mitad-riqueza-espana-20251104104814-ntrc.html\" data-voc-vtm-id=\"in-text-traffic\" title=\"revista Forbes\" rel=\"nofollow noopener\" target=\"_blank\">revista Forbes<\/a>, a la que siempre rodea un halo de grandeza, ha publicado este martes la lista con las mayores fortunas de Espa\u00f1a. Un r\u00e1nking en el que vuelven a destacar nombres como el due\u00f1o de Inditex Amancio Ortega o el presidente de Ferrovial Rafael del Pino Calvo-Sotelo, en un podio que completa la tambi\u00e9n accionista de Inditex, Sandra Ortega. <\/p>\n<p class=\"v-p\">El desglose de riqueza tambi\u00e9n deja un dato claro: sue\u00f1a en familia. Los clanes empresariales redefinen la estabilidad de la econom\u00eda espa\u00f1ola con una \u00e9lite menos dependiente de la euforia burs\u00e1til y m\u00e1s anclada en el largo plazo. <\/p>\n<p class=\"v-p\">Entre todos estos nombres, se cuela, por supuesto, la familia Roig, due\u00f1a de Mercadona, con 14.400 millones de euros. Su crecimiento sigue siendo un caso de estudio: una empresa dom\u00e9stica que, en plena desaceleraci\u00f3n del consumo, logra incrementar m\u00e1rgenes gracias a la eficiencia log\u00edstica y a una pol\u00edtica de precios que fideliza. <\/p>\n<p class=\"v-p\">Juan Roig y Hortensia Herrero encarnan una visi\u00f3n de capitalismo austero y productivo que ha convertido a Mercadona en s\u00edmbolo de resiliencia. A todo esto, hay que sumarle esa labor de mecenazgo con diferentes proyectos como el reci\u00e9n estrenado Roig Arena.<\/p>\n<p class=\"v-p\">Adem\u00e1s, tampoco hay que olvidar a otro miembro de la familia que se cuela en el r\u00e1nking de los m\u00e1s ricos de Espa\u00f1a como Fernando Roig. El hermano de Juan, tambi\u00e9n accionista de Mercadona y propietario del grupo cer\u00e1mico Pamesa, amasa una fortuna que alcanza los 2.100 millones de euros.<\/p>\n<p><a href=\"http:\/\/www.lasprovincias.es\/economia\/nuevos-ricos-espana-20251104123153-nt.html#vtm_modulosEngag=mod-rel:economia:noticia:1:cmp:2-not\" class=\"v-a-link\" title=\"Los nuevos ricos de Espa\u00f1a: una desconocida familia mete a 4 miembros de golpe en la lista Forbes\" rel=\"nofollow noopener\" target=\"_blank\"><br \/>\n<img decoding=\"async\" loading=\"lazy\" class=\"v-a-img\" src=\"https:\/\/www.europesays.com\/es\/wp-content\/uploads\/2025\/11\/rubiralta-werfen-kQyC--366x256@Las Provincias.jpg\" alt=\"Los nuevos ricos de Espa\u00f1a: una desconocida familia mete a 4 miembros de golpe en la lista Forbes\"\/><br \/>\n<\/a><\/p>\n<p><a href=\"http:\/\/www.lasprovincias.es\/economia\/valencianos-ricos-lista-forbes-20251104112703-nt.html#vtm_modulosEngag=mod-rel:economia:noticia:2:cmp:2-not\" class=\"v-a-link\" title=\"Los 5 valencianos m\u00e1s ricos de Espa\u00f1a, seg\u00fan Forbes\" rel=\"nofollow noopener\" target=\"_blank\"><br \/>\n<img decoding=\"async\" loading=\"lazy\" class=\"v-a-img\" src=\"https:\/\/www.europesays.com\/es\/wp-content\/uploads\/2025\/11\/juan-roig-kPHE--366x256@Las Provincias.JPG\" alt=\"Los 5 valencianos m\u00e1s ricos de Espa\u00f1a, seg\u00fan Forbes\"\/><br \/>\n<\/a><\/p>\n<p>Las 10 familias m\u00e1s ricas de Espa\u00f1a<\/p>\n<p class=\"v-p\">En la cumbre, la familia Ortega mantiene su hegemon\u00eda indiscutible con 120.000 millones de euros. Es la misma historia de siempre y, sin embargo, cada a\u00f1o parece nueva: una fortuna tan descomunal que supera la suma de las cincuenta familias siguientes. El descenso respecto a los 131.680 millones de 2024 no altera la jerarqu\u00eda. A trav\u00e9s de Pontegadea, el imperio textil de Inditex contin\u00faa expandiendo su m\u00fasculo inmobiliario y energ\u00e9tico: rascacielos en Londres y Nueva York, parques e\u00f3licos, centros log\u00edsticos y participaciones estrat\u00e9gicas en gigantes de la energ\u00eda. El estilo Ortega sigue siendo el mismo: bajo perfil, visi\u00f3n a d\u00e9cadas y una estructura que convierte cada euro en patrimonio productivo.<\/p>\n<p class=\"v-p\">En segunda posici\u00f3n, la familia Del Pino Calvo-Sotelo asciende hasta los 16.200 millones de euros, reflejo del \u00e9xito continuado de Ferrovial tras su traslado a \u00c1msterdam y su cotizaci\u00f3n en el Nasdaq. La expansi\u00f3n internacional del grupo, con presencia en infraestructuras de movilidad y concesiones sostenibles, ha reforzado la riqueza de los hermanos Del Pino, que diversifican en fondos, energ\u00eda y capital riesgo.<\/p>\n<p class=\"v-p\">La tercera posici\u00f3n es para la familia Roig con Juan Roig y Hortensia Herrero y una fortuna mencionada anteriormente de 14.400 millones de euros.<\/p>\n<p class=\"v-p\">El cuarto lugar es para la familia Puig, que consolida su transformaci\u00f3n tras la salida a bolsa del grupo hom\u00f3nimo. Con 8.500 millones de euros, el linaje catal\u00e1n detr\u00e1s de Carolina Herrera, Paco Rabanne o Charlotte Tilbury demuestra que la moda y el perfume tambi\u00e9n pueden ser negocio industrial de gran escala.<\/p>\n<p class=\"v-p\">En quinta posici\u00f3n, Juan Carlos Escotet y su familia alcanzan 6.500 millones de euros, reflejando la solidez del grupo financiero Abanca y su creciente presencia en Latinoam\u00e9rica.<\/p>\n<p class=\"v-p\">El top 10 lo completan apellidos hist\u00f3ricos: Daurella (6.200 millones), March (6.100 millones, frente a 5.450 millones en 2024), Olivo (4.600 millones), Rubiralta Giralt (4.600 millones) y Flux\u00e0 Rosell\u00f3 (3.300 millones). La subida de los March es particularmente simb\u00f3lica: el grupo ha rentabilizado su disciplina inversora y la apreciaci\u00f3n de su cartera industrial y financiera, regresando al lugar que su apellido siempre ocup\u00f3 en el tablero patrimonial.<\/p>\n<p>Reporta un error<\/p>\n","protected":false},"excerpt":{"rendered":"Martes, 4 de noviembre 2025 | Actualizado 05\/11\/2025 11:12h. La revista Forbes, a la que siempre rodea un&hellip;\n","protected":false},"author":2,"featured_media":219887,"comment_status":"","ping_status":"","sticky":false,"template":"","format":"standard","meta":{"footnotes":""},"categories":[174],"tags":[255,146,147,25,24,367,256,23117,22058,58656,3333,5153,23],"class_list":{"0":"post-219886","1":"post","2":"type-post","3":"status-publish","4":"format-standard","5":"has-post-thumbnail","7":"category-famosos","8":"tag-celebrities","9":"tag-entertainment","10":"tag-entretenimiento","11":"tag-es","12":"tag-espana","13":"tag-familia","14":"tag-famosos","15":"tag-forbes","16":"tag-podio","17":"tag-ricas","18":"tag-roig","19":"tag-segun","20":"tag-spain"},"share_on_mastodon":{"url":"https:\/\/pubeurope.com\/@es\/115497464465445166","error":""},"_links":{"self":[{"href":"https:\/\/www.europesays.com\/es\/wp-json\/wp\/v2\/posts\/219886","targetHints":{"allow":["GET"]}}],"collection":[{"href":"https:\/\/www.europesays.com\/es\/wp-json\/wp\/v2\/posts"}],"about":[{"href":"https:\/\/www.europesays.com\/es\/wp-json\/wp\/v2\/types\/post"}],"author":[{"embeddable":true,"href":"https:\/\/www.europesays.com\/es\/wp-json\/wp\/v2\/users\/2"}],"replies":[{"embeddable":true,"href":"https:\/\/www.europesays.com\/es\/wp-json\/wp\/v2\/comments?post=219886"}],"version-history":[{"count":0,"href":"https:\/\/www.europesays.com\/es\/wp-json\/wp\/v2\/posts\/219886\/revisions"}],"wp:featuredmedia":[{"embeddable":true,"href":"https:\/\/www.europesays.com\/es\/wp-json\/wp\/v2\/media\/219887"}],"wp:attachment":[{"href":"https:\/\/www.europesays.com\/es\/wp-json\/wp\/v2\/media?parent=219886"}],"wp:term":[{"taxonomy":"category","embeddable":true,"href":"https:\/\/www.europesays.com\/es\/wp-json\/wp\/v2\/categories?post=219886"},{"taxonomy":"post_tag","embeddable":true,"href":"https:\/\/www.europesays.com\/es\/wp-json\/wp\/v2\/tags?post=219886"}],"curies":[{"name":"wp","href":"https:\/\/api.w.org\/{rel}","templated":true}]}}