{"id":219897,"date":"2025-11-05T14:10:09","date_gmt":"2025-11-05T14:10:09","guid":{"rendered":"https:\/\/www.europesays.com\/es\/219897\/"},"modified":"2025-11-05T14:10:09","modified_gmt":"2025-11-05T14:10:09","slug":"cristina-duran-premio-nacional-de-comic-abre-la-tercera-edicion-de-graficas-en-el-centro-andaluz-de-las-letras-noticias","status":"publish","type":"post","link":"https:\/\/www.europesays.com\/es\/219897\/","title":{"rendered":"Cristina Dur\u00e1n, Premio Nacional de C\u00f3mic, abre la tercera edici\u00f3n de \u2018Gr\u00e1ficas!\u2019 en el Centro Andaluz de las Letras &#8211; Noticias"},"content":{"rendered":"<p><img decoding=\"async\" alt=\"Roc\u00edo Quillahuaman\" data-entity-type=\"file\" data-entity-uuid=\"b9af6be0-f2c5-4b76-b008-e9582285ed0e\" src=\"https:\/\/www.europesays.com\/es\/wp-content\/uploads\/2025\/11\/Gr\u00e1ficas!_Rocio_quillahuaman_M\u00e1laga.jpg\"\/><\/p>\n<p>La autora peruana\u00a0Roc\u00edo Quillahuaman.<\/p>\n<p>El Centro Andaluz de las Letras, dependiente de la Consejer\u00eda de Cultura y Deporte y gestionado a trav\u00e9s de la Agencia Andaluza de Instituciones Culturales, comienza ma\u00f1ana la <strong>tercera edici\u00f3n de \u2018Gr\u00e1ficas!\u2019<\/strong>, un encuentro de creadoras y autoras de c\u00f3mic. El programa, coordinado y comisariado por la dibujante Natacha Bustos y la traductora Esther Cruz, da el pistoletazo de salida con la charla \u2018La realidad supera la ficci\u00f3n\u2019 que pronunciar\u00e1n Cristina Dur\u00e1n, Premio Nacional de C\u00f3mic 2019, y Roc\u00edo Quillahuaman, autora peruana. Ser\u00e1 el jueves 6 de noviembre en el Centro Andaluz de las Letras a las 18.30 horas. <\/p>\n<p>El encuentro, que <strong>se desarrollar\u00e1 entre el 6 y el 8 de noviembre,<\/strong> comenzar\u00e1 con una breve intervenci\u00f3n del director del Centro Andaluz de las Letras, Justo Navarro, y de las comisarias de las tres ediciones. Posteriormente ambas ilustradoras hablar\u00e1n sobre sus experiencias personales y colectivas, moderadas por la periodista Isabel Guerrero. Cristina Dur\u00e1n, autora del cartel de \u2018Gr\u00e1ficas!\u2019 de este a\u00f1o, mantiene a lo largo del tiempo una obra de marcado car\u00e1cter social, algo que tambi\u00e9n tiene en com\u00fan con Roc\u00edo Quillahuaman, autora que se mueve con soltura en la imagen en papel, pero tambi\u00e9n en la que tiene movimiento, ya que ha publicado cientos de v\u00eddeos animados. <\/p>\n<p><strong>Formaci\u00f3n de nuevos creadores<\/strong><\/p>\n<p>\u2018Gr\u00e1ficas!\u2019 se propone en esta edici\u00f3n fomentar y promover el talento joven mediante varias masterclass y talleres formativos a cargo de las autoras invitadas en diversos espacios. As\u00ed en la primera jornada Natacha Bustos, comisaria y dibujante en exclusiva de Marvel, impartir\u00e1 la primera masterclass, titulada \u2018C\u00f3mo se hace un c\u00f3mic para Marvel\u2019, a las 10.30 horas. Le seguir\u00e1 Sandra Carmona con la masterclass \u2018Dibujar nuevas hero\u00ednas\u2019 a las 12,30 horas. Ambas se realizar\u00e1n para alumnado de secundaria gracias a la colaboraci\u00f3n de la Fundaci\u00f3n Unicaja, que acoge ambas actividades en la Sala Fundaci\u00f3n Unicaja Mar\u00eda Cristina. Sala Eduardo Oc\u00f3n. De forma paralela la Escuela de Arte San Telmo acoger\u00e1 el taller \u2018Historietas en las redes\u2019 que impartir\u00e1 Roc\u00edo Quillahuaman a las 12 horas. <\/p>\n<p>El d\u00eda 6 de noviembre no ser\u00e1 el \u00fanico con actividades formativas, ya que el viernes 7 de noviembre Ilu Ros desarrollar\u00e1 el taller \u2018Ilustrar literatura\u2019 en la Escuela de Arte San Telmo con alumnado de bachillerato de arte a partir de las 13 horas. Mar\u00eda Lechuga har\u00e1 lo propio en \u2018Una vi\u00f1eta desde cero\u2019 ante estudiantes del IES Jes\u00fas Mar\u00edn a las 13.30 horas. Por la tarde, Camille Vannier ofrecer\u00e1 la masterclass \u2018C\u00f3mic sin filtros\u2019 en la Escuela de Arte San Telmo desde las 17 horas. <\/p>\n<p>Por \u00faltimo, cabe mencionar una sesi\u00f3n formativa diferente el d\u00eda 8 de noviembre, abierta a todos los p\u00fablicos y para todas las edades, que realizar\u00e1 Raquel Gu, titulada \u2018Vivir con humor gr\u00e1fico\u2019. La ilustradora mostrar\u00e1 su proceso creativo y esbozar\u00e1 una serie de dibujos acompa\u00f1ada por quienes asistan. Ser\u00e1 a las 12 horas en el Centro Cultural Mar\u00eda Victoria Atencia de la Diputaci\u00f3n Provincial de M\u00e1laga, con inscripci\u00f3n previa. <\/p>\n<p><strong>Programaci\u00f3n<\/strong><\/p>\n<p>\u2018Gr\u00e1ficas!\u2019 lleva el c\u00f3mic y la ilustraci\u00f3n a espacios culturales y educativos, bibliotecas, museos y librer\u00edas a trav\u00e9s de diversas actividades como charlas, talleres, decoraciones de escaparates, proyecciones e incluso, un \u201cconcierto dibujado\u201d. El ciclo re\u00fane en su programa autoras nacionales e internacionales del g\u00e9nero tan relevantes como Cristina Dur\u00e1n, Premio Nacional de C\u00f3mic, Flavita Banana, la peruana Roc\u00edo Quillahuaman, la coreana Yudori o la marroqu\u00ed Zainab Fasiki. <\/p>\n<p>El programa de divulgaci\u00f3n del c\u00f3mic impulsado por el Centro Andaluz de las Letras cuenta con el patrocinio de la Fundaci\u00f3n Unicaja. Gracias a la colaboraci\u00f3n de la Diputaci\u00f3n de M\u00e1laga, la programaci\u00f3n se extiende a los municipios malague\u00f1os de Arroyo de la Miel y Fuengirola. Adem\u00e1s, por segundo a\u00f1o, las ciudades de C\u00f3rdoba, Granada y Sevilla tambi\u00e9n acoger\u00e1n actividades de \u2018Gr\u00e1ficas!\u2019<\/p>\n<p><strong>Toda la programaci\u00f3n<\/strong> puede consultarse en <a href=\"http:\/\/www.centroandaluzdelasletras.es\/\" rel=\"nofollow noopener\" target=\"_blank\">www.centroandaluzdelasletras.es<\/a>. <\/p>\n","protected":false},"excerpt":{"rendered":"La autora peruana\u00a0Roc\u00edo Quillahuaman. El Centro Andaluz de las Letras, dependiente de la Consejer\u00eda de Cultura y Deporte&hellip;\n","protected":false},"author":2,"featured_media":219898,"comment_status":"","ping_status":"","sticky":false,"template":"","format":"standard","meta":{"footnotes":""},"categories":[91],"tags":[146,147,25,24,5131,23],"class_list":{"0":"post-219897","1":"post","2":"type-post","3":"status-publish","4":"format-standard","5":"has-post-thumbnail","7":"category-entretenimiento","8":"tag-entertainment","9":"tag-entretenimiento","10":"tag-es","11":"tag-espana","12":"tag-letras","13":"tag-spain"},"share_on_mastodon":{"url":"https:\/\/pubeurope.com\/@es\/115497496032254389","error":""},"_links":{"self":[{"href":"https:\/\/www.europesays.com\/es\/wp-json\/wp\/v2\/posts\/219897","targetHints":{"allow":["GET"]}}],"collection":[{"href":"https:\/\/www.europesays.com\/es\/wp-json\/wp\/v2\/posts"}],"about":[{"href":"https:\/\/www.europesays.com\/es\/wp-json\/wp\/v2\/types\/post"}],"author":[{"embeddable":true,"href":"https:\/\/www.europesays.com\/es\/wp-json\/wp\/v2\/users\/2"}],"replies":[{"embeddable":true,"href":"https:\/\/www.europesays.com\/es\/wp-json\/wp\/v2\/comments?post=219897"}],"version-history":[{"count":0,"href":"https:\/\/www.europesays.com\/es\/wp-json\/wp\/v2\/posts\/219897\/revisions"}],"wp:featuredmedia":[{"embeddable":true,"href":"https:\/\/www.europesays.com\/es\/wp-json\/wp\/v2\/media\/219898"}],"wp:attachment":[{"href":"https:\/\/www.europesays.com\/es\/wp-json\/wp\/v2\/media?parent=219897"}],"wp:term":[{"taxonomy":"category","embeddable":true,"href":"https:\/\/www.europesays.com\/es\/wp-json\/wp\/v2\/categories?post=219897"},{"taxonomy":"post_tag","embeddable":true,"href":"https:\/\/www.europesays.com\/es\/wp-json\/wp\/v2\/tags?post=219897"}],"curies":[{"name":"wp","href":"https:\/\/api.w.org\/{rel}","templated":true}]}}