{"id":220001,"date":"2025-11-05T15:34:09","date_gmt":"2025-11-05T15:34:09","guid":{"rendered":"https:\/\/www.europesays.com\/es\/220001\/"},"modified":"2025-11-05T15:34:09","modified_gmt":"2025-11-05T15:34:09","slug":"el-dia-que-paula-echevarria-escribio-un-mensaje-de-despedida-a-los-suyos","status":"publish","type":"post","link":"https:\/\/www.europesays.com\/es\/220001\/","title":{"rendered":"El d\u00eda que Paula Echevarr\u00eda escribi\u00f3 un mensaje \u00abde despedida\u00bb a los suyos"},"content":{"rendered":"<p class=\"v-mdl-ath__p v-mdl-ath__p--6\">\nMi\u00e9rcoles, 5 de noviembre 2025, 11:57<\/p>\n<p class=\"v-p\">Paula Echevarr\u00eda ha visitado &#8216;El Hormiguero&#8217; junto a su compa\u00f1ero de reparto en &#8216;Camino a Arcadia&#8217;, William Levy, para promocionar la serie de SkyShowtime. Durante la entrevista, la actriz hizo una confesi\u00f3n desconocida hasta el momento, un episodio de p\u00e1nico que vivi\u00f3 precisamente durante el rodaje de esta ficci\u00f3n en Gran Canaria. En uno de los viajes que hizo para trasladarse a las islas, el mal tiempo convirti\u00f3 el vuelo en una pesadilla, tanto que prepar\u00f3 un mensaje \u00abde despedida\u00bb. <\/p>\n<p class=\"v-p\">\u00abFue el mismo fin de semana que sucedi\u00f3 lo de la DANA en Valencia. Cuando estaba volando pillamos una tormenta&#8230;\u00a0Pas\u00e9 tanto miedo que ten\u00eda escrito un mensaje de despedida\u00bb, record\u00f3. Paula calific\u00f3 el momento de \u00abbastante complicado\u00bb. \u00abCon muchos gritos en el avi\u00f3n y la gente rezando a todo\u00bb, evoc\u00f3. \u00abTen\u00eda el mensaje preparado por si ten\u00eda que dar a enviar en un momento dado\u00bb. Y para hacer la escena m\u00e1s dram\u00e1tica, cerca viaja su compa\u00f1era Michelle Renaud con su beb\u00e9 de dos meses. Afortunadamente, \u00abel piloto fue un h\u00e9roe que pudo hacerlo bien\u00bb, dijo, as\u00ed que, cuando volvi\u00f3 a la calma, borr\u00f3 el mensaje que nunca lleg\u00f3 a enviar.<\/p>\n<p>Reporta un error<\/p>\n","protected":false},"excerpt":{"rendered":"Mi\u00e9rcoles, 5 de noviembre 2025, 11:57 Paula Echevarr\u00eda ha visitado &#8216;El Hormiguero&#8217; junto a su compa\u00f1ero de reparto&hellip;\n","protected":false},"author":2,"featured_media":220002,"comment_status":"","ping_status":"","sticky":false,"template":"","format":"standard","meta":{"footnotes":""},"categories":[174],"tags":[255,204,978,23388,146,147,25,39148,24,256,8079,8464,23,58665],"class_list":{"0":"post-220001","1":"post","2":"type-post","3":"status-publish","4":"format-standard","5":"has-post-thumbnail","7":"category-famosos","8":"tag-celebrities","9":"tag-despedida","10":"tag-dia","11":"tag-echevarria","12":"tag-entertainment","13":"tag-entretenimiento","14":"tag-es","15":"tag-escribio","16":"tag-espana","17":"tag-famosos","18":"tag-mensaje","19":"tag-paula","20":"tag-spain","21":"tag-suyos"},"share_on_mastodon":{"url":"https:\/\/pubeurope.com\/@es\/115497826104200726","error":""},"_links":{"self":[{"href":"https:\/\/www.europesays.com\/es\/wp-json\/wp\/v2\/posts\/220001","targetHints":{"allow":["GET"]}}],"collection":[{"href":"https:\/\/www.europesays.com\/es\/wp-json\/wp\/v2\/posts"}],"about":[{"href":"https:\/\/www.europesays.com\/es\/wp-json\/wp\/v2\/types\/post"}],"author":[{"embeddable":true,"href":"https:\/\/www.europesays.com\/es\/wp-json\/wp\/v2\/users\/2"}],"replies":[{"embeddable":true,"href":"https:\/\/www.europesays.com\/es\/wp-json\/wp\/v2\/comments?post=220001"}],"version-history":[{"count":0,"href":"https:\/\/www.europesays.com\/es\/wp-json\/wp\/v2\/posts\/220001\/revisions"}],"wp:featuredmedia":[{"embeddable":true,"href":"https:\/\/www.europesays.com\/es\/wp-json\/wp\/v2\/media\/220002"}],"wp:attachment":[{"href":"https:\/\/www.europesays.com\/es\/wp-json\/wp\/v2\/media?parent=220001"}],"wp:term":[{"taxonomy":"category","embeddable":true,"href":"https:\/\/www.europesays.com\/es\/wp-json\/wp\/v2\/categories?post=220001"},{"taxonomy":"post_tag","embeddable":true,"href":"https:\/\/www.europesays.com\/es\/wp-json\/wp\/v2\/tags?post=220001"}],"curies":[{"name":"wp","href":"https:\/\/api.w.org\/{rel}","templated":true}]}}