{"id":220014,"date":"2025-11-05T15:42:08","date_gmt":"2025-11-05T15:42:08","guid":{"rendered":"https:\/\/www.europesays.com\/es\/220014\/"},"modified":"2025-11-05T15:42:08","modified_gmt":"2025-11-05T15:42:08","slug":"los-forque-abren-la-temporada-de-premios-del-cine-espanol-con-los-domingos-maspalomas-sirat-y-sorda-como-las-favoritas","status":"publish","type":"post","link":"https:\/\/www.europesays.com\/es\/220014\/","title":{"rendered":"Los Forqu\u00e9 abren la temporada de premios del cine espa\u00f1ol con &#8216;Los domingos&#8217;, &#8216;Maspalomas, &#8216;Sir\u00e2t&#8217; y &#8216;Sorda&#8217; como las favoritas"},"content":{"rendered":"<p style=\"\">Los premios Forqu\u00e9 inauguran la temporada de premios del cine espa\u00f1ol con las nominaciones de su 31\u00ba edici\u00f3n. &#8216;<strong>Los domingos<\/strong>&#8216; (Alauda Ruiz de Az\u00faa), &#8216;<strong>Maspalomas<\/strong>&#8216; (Jos\u00e9 Mar\u00eda Goenaga y Aitor Arregi), &#8216;<strong>Sir\u00e2t<\/strong>&#8216; (Oliver Laxe) y &#8216;<strong>Sorda<\/strong>&#8216; (Eva Libertad) compiten en la  &#8230; categor\u00eda a mejor pel\u00edcula. De la misma manera, &#8216;<strong>Anatom\u00eda de un instante<\/strong>&#8216; (Rafael Cobos, Fran Ara\u00fajo y Alberto Rodr\u00edguez), &#8216;<strong>Animal<\/strong>&#8216; (V\u00edctor Garc\u00eda Le\u00f3n), &#8216;<strong>Poquita Fe T2<\/strong>&#8216; (Pep\u00f3n Montero y Juan Maidag\u00e1n) y &#8216;<strong>Pubertat<\/strong>&#8216; (Leticia Dolera) son las finalistas al reconocimiento de Mejor Serie de Ficci\u00f3n. Los ganadores se conocer\u00e1n el s\u00e1bado<strong> 13 de diciembre en el Palacio Municipal IFEMA,<\/strong> en la gran gala del audiovisual espa\u00f1ol. <\/p>\n<p class=\"voc-p\" style=\"\">En las categor\u00edas interpretativas para largometrajes, \u00c1ngela Cervantes (La Furia), Miriam Garlo (Sorda), Nora Navas (Mi amiga Eva) y Patricia L\u00f3pez Arnaiz (Los domingos) son las nominadas en Mejor Interpretaci\u00f3n Femenina, mientras que, en Mejor Interpretaci\u00f3n Masculina los finalistas son Alberto San Juan (La cena), \u00c1lvaro Cervantes (Sorda), Jos\u00e9 Ram\u00f3n Soroiz (Maspalomas) y Mario Casas (Muy lejos).<\/p>\n<p class=\"voc-p\" style=\"\">Asimismo, los galardones actorales para series cuentan con las finalistas Candela Pe\u00f1a (Furia), Carolina Yuste (La canci\u00f3n), Esperanza Pedre\u00f1o (Poquita Fe T2) e Ingrid Garc\u00eda-Jonsson (Superestar) en Mejor Interpretaci\u00f3n Femenina en Series de Ficci\u00f3n; y a \u00c1lvaro Morte (Anatom\u00eda de un instante), Javier C\u00e1mara (Yakarta), Luis Zahera (Animal) y Ra\u00fal Cimas (Poquita Fe T2) en su equivalente masculino.<\/p>\n<p class=\"voc-p\" style=\"\">La trig\u00e9simo primera edici\u00f3n de los Forqu\u00e9 volver\u00e1 a renovar su vocaci\u00f3n iberoamericana entregando el galard\u00f3n a la<strong> Mejor Pel\u00edcula Latinoamericana del A\u00f1o<\/strong>, trofeo al que aspiran Bel\u00e9n (Dolores Fonzi), La misteriosa mirada del flamenco (Diego C\u00e9spedes), La ola (Sebasti\u00e1n Lelio) y Papeles (Arturo Montenegro).<\/p>\n<p class=\"voc-p\" style=\"\">En el apartado dedicado a premiar al Mejor Largometraje Documental concurrir\u00e1n 2025. Todos somos Gaza (Hern\u00e1n Zin), Eloy de la Iglesia. Adicto al Cine (Gaizka Urresti), Flores para Antonio (Isaki Lacuesta y Elena Molina) y Tardes de soledad (Albert Serra). La animaci\u00f3n contar\u00e1 con un espacio de reconocimiento con la entrega del premio a Mejor Largometraje de Animaci\u00f3n, al que son candidatas Bella (Manuel H. Mart\u00edn y Amparo Mart\u00ednez Barco), Decorado (Alberto V\u00e1zquez), El tesoro de Barracuda (Adri\u00e1n Garc\u00eda) y La luz de Aisha (Shadi Adib).<\/p>\n<p class=\"voc-p\" style=\"\">Al galard\u00f3n a Mejor Cortometraje Cinematogr\u00e1fico optan las producciones \u00c1ngulo muerto (Cristian Beteta), El cuento de una noche de verano (Mar\u00eda Herrera) y Una cabeza en la pared (Manuel Manrique), mientras que el Premio al Cine y Educaci\u00f3n en Valores cuenta con Enemigos (David Valero), Los domingos (Alauda Ruiz de Az\u00faa), Maspalomas (Jos\u00e9 Mar\u00eda Goenaga y Aitor Arregi) y Sorda (Eva Libertad) como nominadas.<\/p>\n<p>\nLas mejores del a\u00f1o\n<\/p>\n<p class=\"voc-p\" style=\"\">Una edici\u00f3n m\u00e1s, la celebraci\u00f3n de la gala de los Premios Forqu\u00e9 marcar\u00e1 el punto de partida para la temporada de premios. De entre las cintas nominadas a Mejor Largometraje de Ficci\u00f3n, <strong>&#8216;Sorda&#8217; (Eva Libertad) cuenta con cuatro nominaciones<\/strong>. A la de mejor pel\u00edcula se unen el Premio al Cine y Educaci\u00f3n en Valores y las dos nominaciones a Mejor Interpretaci\u00f3n Masculina y Femenina para \u00c1lvaro Cervantes y Miriam Garlo, respectivamente. Ambos actores encarnan a una pareja en crisis por la llegada de un hijo cuya crianza se ver\u00e1 condicionada por la sordera que padece su madre, papel interpretado por Miriam Garlo, quien ha hecho historia al convertirse en la primera actriz sorda que protagoniza una pel\u00edcula espa\u00f1ola, logro que ya le ha bridado la Biznaga de Oro como mejor pel\u00edcula del Festival de M\u00e1laga, adem\u00e1s del Premio del P\u00fablico y los reconocimientos a mejor actor y mejor actriz para los mencionados int\u00e9rpretes, y el Premio del P\u00fablico en la secci\u00f3n Panorama del Festival Internacional de Cine de Berl\u00edn.<\/p>\n<p class=\"voc-p\" style=\"\">A este t\u00edtulo lo suceden, en n\u00famero de nominaciones para largometraje, &#8216;<strong>Los domingos&#8217;<\/strong> (Alauda Ruiz de Az\u00faa) y &#8216;<strong>Maspalomas<\/strong>&#8216; (Jos\u00e9 Mar\u00eda Goenaga, Aitor Arregi), ambas con tres candidaturas. La primera obra, que ya ha cosechado reconocimientos como la Concha de Oro en San Sebasti\u00e1n, ofrece el relato de una familia estremecida por la decisi\u00f3n de su hija de ser monja de clausura, se alza con las nominaciones de Mejor Largometraje, Cine y Educaci\u00f3n en Valores y Mejor Interpretaci\u00f3n Femenina para Patricia L\u00f3pez Arnaiz, quien ya cuenta con un Forqu\u00e9 por su interpretaci\u00f3n en la pel\u00edcula Ane y estuvo nominada en la pasada edici\u00f3n por su papel en Los destellos.<\/p>\n<p class=\"voc-p\" style=\"\">&#8216;<a href=\"https:\/\/www.abc.es\/play\/cine\/noticias\/aitor-arregi-jose-mari-goenaga-maspalomas-lugar-20250921124514-nt.html\" data-voc-vtm-id=\"in-text-traffic\" title=\"Maspalomas\" rel=\"nofollow noopener\" target=\"_blank\">Maspalomas<\/a>&#8216; (Jos\u00e9 Mar\u00eda Goenaga, Aitor Arregi) se adentra en la historia de Vicente, un hombre de edad avanzada a la que un accidente inesperado le obliga a abandonar la isla de Gran Canaria para regresar a San Sebasti\u00e1n, donde tendr\u00e1 que enfrentar dilemas como el reencuentro con su hija o la nueva vida en una residencia donde se ver\u00e1 obligado a ocultar su homosexualidad. Adem\u00e1s de la nominaci\u00f3n a mejor pel\u00edcula, este t\u00edtulo posee las nominaciones de Premio al Cine y Educaci\u00f3n en Valores y Mejor Interpretaci\u00f3n Masculina para Jos\u00e9 Ram\u00f3n Soroiz, a quien este papel ya le hizo alzarse con la Concha de Plata en el Festival de San Sebasti\u00e1n.<\/p>\n<p class=\"voc-p\" style=\"\">Por \u00faltimo, S\u00eerat (Oliver Laxe) presenta ante el espectador la b\u00fasqueda de una joven desaparecida en las fiestas rave al norte de Marruecos. Su hermano y su padre parten a su encuentro acompa\u00f1ados por un grupo de asiduos a las celebraciones cuya traves\u00eda se relata recurriendo a una narrativa poco convencional. Esta obra, candidata a alzarse con el Forqu\u00e9 a Mejor Largometraje, ya ha obtenido reputados reconocimientos internacionales como el Premio del Jurado del Festival de Cannes<\/p>\n<p class=\"voc-p\" style=\"\">En las categor\u00edas para serie, Poquita Fe T2 (Pep\u00f3n Montero, Juan Maidag\u00e1n) encabeza la lista las series finalistas con tres nominaciones. Esta historia de una pareja desencantada, intentando vivir una vida normal sin dejar que la familia, los amigos y el entorno acad\u00e9mico y laboral les compliquen la existencia es candidata a Mejor Serie de Ficci\u00f3n, Mejor Interpretaci\u00f3n Femenina en Series para Esperanza Pedre\u00f1o y Mejor Interpretaci\u00f3n Masculina en Series para Ra\u00fal Cimas. Ambos consiguieron una nominaci\u00f3n al Forqu\u00e9 en 2023 por encarnar este mismo papel en la primera temporada de la producci\u00f3n.<\/p>\n<p class=\"voc-p\" style=\"\">Anatom\u00eda de un instante (Rafael Cobos, Fran Ara\u00fajo, Alberto Rodr\u00edguez) y Animal (V\u00edctor Garc\u00eda Le\u00f3n) contin\u00faan, con dos nominaciones cada una, en el podio de nominadas. Tomando como referencia la novela hom\u00f3nima de Javier Cercas, Anatom\u00eda de un instante regresa al intento de golpe de estado que Espa\u00f1a vivi\u00f3 el 23 de febrero de 1981, centr\u00e1ndose en los tres hombres se mantuvieron en sus asientos dispuestos a salvar el pa\u00eds: Adolfo Su\u00e1rez, Santiago Carrillo y Guti\u00e9rrez Mellado. Esta historia, que competir\u00e1 por coronarse como Mejor Serie de Ficci\u00f3n, cuenta tambi\u00e9n con una nominaci\u00f3n a Mejor Interpretaci\u00f3n Masculina en Series para \u00c1lvaro Morte, Premio PLATINO en 2020 por su interpretaci\u00f3n en la serie La casa de papel.<\/p>\n<p class=\"voc-p\" style=\"\">Id\u00e9nticas nominaciones a su competidora posee Animal (V\u00edctor Garc\u00eda Le\u00f3n) una ficci\u00f3n que nos presenta a un desencantado veterinario gallego obligado a dejar de cuidar animales de campo para vender caprichos para mascotas en una tienda \u2013 boutique que dirige su sobrina, con la que comparte piso. Adem\u00e1s de postular a convertirse en la mejor serie, se encuentra nominada a Mejor Interpretaci\u00f3n Masculina en Series para Luis Zahera, nominado al mismo galard\u00f3n en 2022 por su papel en Entrev\u00edas y ganador de un Premio PLATINO a Mejor actor de reparto por su trabajo en el filme As bestas.<\/p>\n<p class=\"voc-p\" style=\"\">Por \u00faltimo, Pubertat (Leticia Dolera), aspirante a coronarse como Mejor Serie de Ficci\u00f3n, presenta la denuncia de una agresi\u00f3n sexual en redes sociales poniendo el foco sobre tres adolescentes a los cuales se les consideran los agresores de la v\u00edctima. Tab\u00faes y traumas mostrar\u00e1n el sufrimiento de cada familia al enfrentarse a tales acusaciones, as\u00ed como al escarnio p\u00fablico.<\/p>\n<p class=\"voc-p\" style=\"\">A las nominaciones anteriormente mencionadas se sumar\u00e1n las cuatro producciones finalistas al Premio del P\u00fablico, que ser\u00e1n anunciadas en redes de la mano de CINESA el pr\u00f3ximo jueves, 6 de noviembre.<\/p>\n","protected":false},"excerpt":{"rendered":"Los premios Forqu\u00e9 inauguran la temporada de premios del cine espa\u00f1ol con las nominaciones de su 31\u00ba edici\u00f3n.&hellip;\n","protected":false},"author":2,"featured_media":220015,"comment_status":"","ping_status":"","sticky":false,"template":"","format":"standard","meta":{"footnotes":""},"categories":[91],"tags":[12872,177,10555,146,147,25,24,1489,11481,58677,2202,532,39953,39111,23,1152],"class_list":{"0":"post-220014","1":"post","2":"type-post","3":"status-publish","4":"format-standard","5":"has-post-thumbnail","7":"category-entretenimiento","8":"tag-abren","9":"tag-cine","10":"tag-domingos","11":"tag-entertainment","12":"tag-entretenimiento","13":"tag-es","14":"tag-espana","15":"tag-espanol","16":"tag-favoritas","17":"tag-forque","18":"tag-maspalomas","19":"tag-premios","20":"tag-sirat","21":"tag-sorda","22":"tag-spain","23":"tag-temporada"},"share_on_mastodon":{"url":"https:\/\/pubeurope.com\/@es\/115497857708514101","error":""},"_links":{"self":[{"href":"https:\/\/www.europesays.com\/es\/wp-json\/wp\/v2\/posts\/220014","targetHints":{"allow":["GET"]}}],"collection":[{"href":"https:\/\/www.europesays.com\/es\/wp-json\/wp\/v2\/posts"}],"about":[{"href":"https:\/\/www.europesays.com\/es\/wp-json\/wp\/v2\/types\/post"}],"author":[{"embeddable":true,"href":"https:\/\/www.europesays.com\/es\/wp-json\/wp\/v2\/users\/2"}],"replies":[{"embeddable":true,"href":"https:\/\/www.europesays.com\/es\/wp-json\/wp\/v2\/comments?post=220014"}],"version-history":[{"count":0,"href":"https:\/\/www.europesays.com\/es\/wp-json\/wp\/v2\/posts\/220014\/revisions"}],"wp:featuredmedia":[{"embeddable":true,"href":"https:\/\/www.europesays.com\/es\/wp-json\/wp\/v2\/media\/220015"}],"wp:attachment":[{"href":"https:\/\/www.europesays.com\/es\/wp-json\/wp\/v2\/media?parent=220014"}],"wp:term":[{"taxonomy":"category","embeddable":true,"href":"https:\/\/www.europesays.com\/es\/wp-json\/wp\/v2\/categories?post=220014"},{"taxonomy":"post_tag","embeddable":true,"href":"https:\/\/www.europesays.com\/es\/wp-json\/wp\/v2\/tags?post=220014"}],"curies":[{"name":"wp","href":"https:\/\/api.w.org\/{rel}","templated":true}]}}