{"id":220021,"date":"2025-11-05T15:46:17","date_gmt":"2025-11-05T15:46:17","guid":{"rendered":"https:\/\/www.europesays.com\/es\/220021\/"},"modified":"2025-11-05T15:46:17","modified_gmt":"2025-11-05T15:46:17","slug":"condenan-al-ex-edil-del-caso-malaya-que-estuvo-casi-20-anos-huido-a-una-multa-y-a-indemnizar-al-ayuntamiento-de-marbella-el-mundo","status":"publish","type":"post","link":"https:\/\/www.europesays.com\/es\/220021\/","title":{"rendered":"Condenan al ex edil del caso Malaya que estuvo casi 20 a\u00f1os huido a una multa y a indemnizar al Ayuntamiento de Marbella &#8211; El Mundo"},"content":{"rendered":"<ol>\n<li><a href=\"https:\/\/news.google.com\/rss\/articles\/CBMifkFVX3lxTE9qRC1CNjBBZVMzRkZvcXFNeU5VWmNEcHNjUlY5R2NEZ1EzT0ZKZGxhTG9obWlXYnhyRmtUZm1yZnNyYURKdDNyY0hFeFEzVEswNVBHaktvb3BEaXFMa1FPbTlfYl9HWDFreU5hMXIwQWg1cEFwUklSZGZRN19mZ9IBfkFVX3lxTE9KX3Q3enhQNkNibXdoT2R3SEdhcndKMFRMaGZ1Q2tyenNiN3Q2bjVKS3ZzaS1JWWZESDBsWjVZMzdxMjV1bDY2TmliS1R4TW05Q1FBcm9oRENXWFJ1Y0daWEc0d1o1QlR1N25FRVJjcTJiT1FMRlR2cGRUX29Ldw?oc=5\" target=\"_blank\" rel=\"nofollow noopener\">Condenan al ex edil del caso Malaya que estuvo casi 20 a\u00f1os huido a una multa y a indemnizar al Ayuntamiento de Marbella<\/a>&nbsp;&nbsp;El Mundo<\/li>\n<li><a href=\"https:\/\/news.google.com\/rss\/articles\/CBMivgFBVV95cUxQVFNEb1Jwa3hpOWtESGxXbTR0ZnM3aUZkUnlISEpraHNtcmZrcjdpRlRfc0tlMUZRZmNFWGZSblZGTDFsQ3pLNVhfbENyU0k0WlJfcWhxZUxSYXBJWW5zdmxWZ0J5Y3V5RHJNT2VielQzbUFFSndsRHQ3ekdMX1Y2QTZVaW90N2RJbGJyZk44NVRyTTRhVzczaUhaNTVsTlExQ2xiZm1faWZmMkJyRVd4NXRxMFF6NWFydy1udWJB?oc=5\" target=\"_blank\" rel=\"nofollow noopener\">Carlos Fern\u00e1ndez, el exedil fugado del caso Malaya, acepta la condena y pagar\u00e1 una multa de m\u00e1s de 260.000 euros<\/a>&nbsp;&nbsp;ABC<\/li>\n<li><a href=\"https:\/\/news.google.com\/rss\/articles\/CBMisAFBVV95cUxNOVAwVVV6ZHBNZ200Zi1mOXNVRmZkTVc1R2JQbVBTTEVQMDNkZXRjbkpWdmxhU2c1Q1FoZFI5SUs0eFI3Ylc0VWJMVlM4YjZTaW1GZW4zdXA5NHYtajA1XzZWR2xoczBfbkwtTkwxWEJ3T18xWmxMWE9VTHNXMXFlUG53eWhWcWlqLVA5aDJuRVhFVWg1dENMT1BDQTZQYVJnQnFpN0s0TU8zaldIc1N3OQ?oc=5\" target=\"_blank\" rel=\"nofollow noopener\">Juicio al exedil fugado del caso Malaya, que aceptar\u00e1 una multa para evitar la prisi\u00f3n<\/a>&nbsp;&nbsp;elDiario.es<\/li>\n<li><a href=\"https:\/\/news.google.com\/rss\/articles\/CBMimwFBVV95cUxQekZIaUl6bFJlQzU3M25pWUN0TmJwVWxQbTRYQ21hQ1hFVzN5RE5zSUVZeEdsVW9JN0xKMmF3LTJhLUVSWnROOGF2SUtQWld5SGdkcHVNZDdzQ3EyQlpiOWk5MXBxWUhieXBWUGM1QnRXTEF2YUJjbEZOQ3hvcFJMSkQ4MXVNa0w1TjNOZjFOLUh2RHd5UE82MzJEc9IBoAFBVV95cUxNTURQZWstc3RuMjhMb0drX3RWM1JLRFhjMHZqWEgzWVJ1b09Gb3NXbi1xS2hEUjdsY3FiNXNpREZaWjg0QlpueEJlb28ya00wYjI1RzlXMnVVVVEwZGdjQndwVk13NTBEZFp4NUtrc1V5cnlvV3lTWk8talpXSUR2WEFnMzlvb0JIajJzOW83MXpFNnJuS1R6SURHeVdJMnA1?oc=5\" target=\"_blank\" rel=\"nofollow noopener\">Condenan al ex edil de Marbella Carlos Fern\u00e1ndez, fugado 20 a\u00f1os, a indemnizar al Ayuntamiento con casi 200.00 euros<\/a>&nbsp;&nbsp;M\u00e1laga Hoy<\/li>\n<li><a href=\"https:\/\/news.google.com\/rss\/articles\/CBMi6AFBVV95cUxPSXk2bDBXUkRzeElWanQtbkxUYjdtOE5PYjAwWDlHS2tOeUVWcUxmMG8yNlVSRlVEdWZPSzU2U002R0hSYzlNdi1JY0ZMcXg4Qm1oZ0xPZEp1c1BfRzVNaWVIWE5xaDZZeWU5NGdpaXNYM0JWS21VNzcxUGtuTHlqWGFmWC11amVSUzg3NXYtX2ZvRFl5cGVIc29FOVhvckZadDRmczhDZUZwa05iUjB6SENSU3V4V2lVZ2NDWU1qeTk3bnNOd1M4VWF5QjNDVjV6dllqSlhYbDdlOTBGNUFIZ3N2S2VEYWZh0gHuAUFVX3lxTFBST0JPWGg4M2hMNFJYTjEwa2p6cWJOS1Z3MzFPWnI5RllVdTZpeWdiTkY4V0M4RF9pcHYxTVhtY0pyVDNqRGNXY2Y2azNxdUpLZXVueUY1bmZoWmUwVG1INHl4N2RaS0RaQnJJQkd1RWgwUFpKb3ZRcy1pMjRNQlNVcVVNQ2o2R2doaEtoWWJackZKclpDZjllMDJPY3F1dWIzQUx3VHJWLWpsVHBsdHNmNWZVbHRSRl96RHUtU2lNRVpQMFBJcWRLZWtISkNmRVNZbGM1VHZUbmZTb3JIb0JMVjVzNGQ4dk8tZVRSMnc?oc=5\" target=\"_blank\" rel=\"nofollow noopener\">Carlos Fern\u00e1ndez, el exconcejal pr\u00f3fugo de la &#8216;operaci\u00f3n Malaya&#8217;, reconoce que fue corrupto pero se libra de la c\u00e1rcel<\/a>&nbsp;&nbsp;El Espa\u00f1ol<\/li>\n<\/ol>\n","protected":false},"excerpt":{"rendered":"Condenan al ex edil del caso Malaya que estuvo casi 20 a\u00f1os huido a una multa y a&hellip;\n","protected":false},"author":2,"featured_media":220022,"comment_status":"","ping_status":"","sticky":false,"template":"","format":"standard","meta":{"footnotes":""},"categories":[8],"tags":[259,17,18,25,24,13,14,11,2158,19,20,2492,9,10,15,16,23,12,21,22],"class_list":{"0":"post-220021","1":"post","2":"type-post","3":"status-publish","4":"format-standard","5":"has-post-thumbnail","7":"category-espana","8":"tag-andalucia","9":"tag-breaking-news","10":"tag-breakingnews","11":"tag-es","12":"tag-espana","13":"tag-featured-news","14":"tag-featurednews","15":"tag-headlines","16":"tag-justicia","17":"tag-latest-news","18":"tag-latestnews","19":"tag-marbella","20":"tag-news","21":"tag-noticias","22":"tag-noticias-destacadas","23":"tag-noticiasdestacadas","24":"tag-spain","25":"tag-titulares","26":"tag-ultimas-noticias","27":"tag-ultimasnoticias"},"share_on_mastodon":{"url":"https:\/\/pubeurope.com\/@es\/115497873402285847","error":""},"_links":{"self":[{"href":"https:\/\/www.europesays.com\/es\/wp-json\/wp\/v2\/posts\/220021","targetHints":{"allow":["GET"]}}],"collection":[{"href":"https:\/\/www.europesays.com\/es\/wp-json\/wp\/v2\/posts"}],"about":[{"href":"https:\/\/www.europesays.com\/es\/wp-json\/wp\/v2\/types\/post"}],"author":[{"embeddable":true,"href":"https:\/\/www.europesays.com\/es\/wp-json\/wp\/v2\/users\/2"}],"replies":[{"embeddable":true,"href":"https:\/\/www.europesays.com\/es\/wp-json\/wp\/v2\/comments?post=220021"}],"version-history":[{"count":0,"href":"https:\/\/www.europesays.com\/es\/wp-json\/wp\/v2\/posts\/220021\/revisions"}],"wp:featuredmedia":[{"embeddable":true,"href":"https:\/\/www.europesays.com\/es\/wp-json\/wp\/v2\/media\/220022"}],"wp:attachment":[{"href":"https:\/\/www.europesays.com\/es\/wp-json\/wp\/v2\/media?parent=220021"}],"wp:term":[{"taxonomy":"category","embeddable":true,"href":"https:\/\/www.europesays.com\/es\/wp-json\/wp\/v2\/categories?post=220021"},{"taxonomy":"post_tag","embeddable":true,"href":"https:\/\/www.europesays.com\/es\/wp-json\/wp\/v2\/tags?post=220021"}],"curies":[{"name":"wp","href":"https:\/\/api.w.org\/{rel}","templated":true}]}}