{"id":220037,"date":"2025-11-05T16:01:09","date_gmt":"2025-11-05T16:01:09","guid":{"rendered":"https:\/\/www.europesays.com\/es\/220037\/"},"modified":"2025-11-05T16:01:09","modified_gmt":"2025-11-05T16:01:09","slug":"ariana-grande-amenazada-e-insultada-por-sus-fans-tras-cancelar-su-visita-a-brasil","status":"publish","type":"post","link":"https:\/\/www.europesays.com\/es\/220037\/","title":{"rendered":"Ariana Grande, amenazada e insultada por sus fans tras cancelar su visita a Brasil"},"content":{"rendered":"<p>El pr\u00f3ximo 21 de noviembre llega a los cines <strong>Wicked: For Good<\/strong>, la segunda parte del aclamado musical que arras\u00f3 en taquillas con su primera entrega. El equipo de la pel\u00edcula acaba de arrancar su gira promocional mundial y lo ha hecho en <strong>Sao Paulo<\/strong>, Brasil, donde fue recibido entre una multitud. Jonathan Bailey, Cynthia Erivo y el director Jon M. Chu acapararon las miradas en un estreno que, sin embargo, se vio empa\u00f1ada por la <strong>ausencia de <a href=\"https:\/\/www.libertaddigital.com\/personajes\/ariana-grande\/\" rel=\"noreferrer noopener nofollow\" target=\"_blank\">Ariana Grande<\/a><\/strong>, coprotagonista y probablemente la mayor estrella del elenco.<\/p>\n<p>La cantante y actriz de 32 a\u00f1os comparti\u00f3 su devastaci\u00f3n con sus fans la noche del lunes 3 de noviembre despu\u00e9s de que<strong> un \u00abproblema de seguridad\u00bb le impidiera asistir al estreno de la pel\u00edcula en la ciudad brasile\u00f1a<\/strong> el martes 4. \u00abBrasil, no puedo creer que esto est\u00e9 sucediendo. Estoy m\u00e1s que devastada por tener que mandar este mensaje. Hace unas horas, mi equipo y yo tuvimos que abandonar nuestro vuelo ya que el avi\u00f3n necesitaba pasar por un mantenimiento debido a un problema de seguridad\u00bb, public\u00f3 la actriz en Instagram. Tal y como explic\u00f3, la nave no pod\u00eda despegar hasta las 11 de la ma\u00f1ana del d\u00eda siguiente, lo que le impidi\u00f3 asistir al estreno seg\u00fan lo previsto.<\/p>\n<p>\u00abMi equipo y Universal han intentado absolutamente todo para solucionar esto. Hemos buscado todos los dem\u00e1s vuelos, nocturnos, de madrugada, con conexi\u00f3n, opciones comerciales y tambi\u00e9n privadas, y absolutamente nada estaba disponible ni era posible que nos permitiera llegar a tiempo\u00bb, continu\u00f3. Adem\u00e1s, explic\u00f3 que en los vuelos privados \u00abse necesita un permiso para volar desde aqu\u00ed que lleva tiempo obtener\u00bb. \u00abMe duele much\u00edsimo no poder estar ah\u00ed con vosotros. Hicimos todo lo que pudimos y os pido disculpas de coraz\u00f3n\u00bb, sentenci\u00f3.<\/p>\n<p>Los fans brasile\u00f1os de la cantante se sienten completamente devastados por su ausencia, ya que adem\u00e1s no visita el pa\u00eds latinoamericano desde 2017, cuando par\u00f3 con su gira musical &#8216;Dangerous Woman Tour&#8217;. \u00abMe encanta Ariana Grande, pero esta falta de respeto por Brasil es imperdonable. Si fuera cualquier lugar de Europa estar\u00eda all\u00ed 10 d\u00edas antes e incluso ayudar\u00eda con la limpieza\u00bb, escribi\u00f3 un fan en redes sociales, recordando que algunos fans se hab\u00edan desplazado desde otras ciudades del pa\u00eds solo para verla.<\/p>\n<p>A las bromas sobre el supuesto rechazo que siente Ariana por Brasil se han sumado graves amenazas e insultos que han obligado a la int\u00e9rprete a pedir respeto a sus propios fans. \u00abPor favor, no nos dese\u00e9is que pase algo malo. Os prometo que nadie est\u00e1 m\u00e1s disgustado que yo. <strong>No importa lo decepcionados que est\u00e9is, no nos dese\u00e9is ning\u00fan mal<\/strong> o asum\u00e1is que no lo hemos intentado\u00bb, escribi\u00f3, justificando de nuevo su situaci\u00f3n y pidiendo disculpas.<\/p>\n<p><a class=\"fancybox\" href=\"https:\/\/s1.staticld.com\/\/2025\/01\/06\/ariana-grande-globos-oro-25.jpg\" rel=\"nofollow noreferrer noopener\" target=\"_blank\">Ariana Grande en los Globos de Oro<\/a><img class=\"l\" data-  style=\"aspect-ratio: 1707 \/ 2560\" alt=\"ariana-grande-globos-oro-25.jpg\"\/><br \/>\nAriana Grande en los Globos de Oro<\/p>\n<p>Interpretar a <strong>Glinda<\/strong> en el aclamado musical es probablemente uno de los grandes hitos de Ariana Grande. Desde que comenz\u00f3 su carrera siempre ha hablado abiertamente de que participar en Wicked era uno de sus sue\u00f1os, y este se materializ\u00f3 en 2021 cuando, tras pasar un arduo casting, consigui\u00f3 el papel. La estadounidense dej\u00f3 de lado su carrera musical para prepararse a conciencia y el resultado fue del todo positivo, aunque el camino fue muy duro.<\/p>\n<p>\u00abFue un trabajo muy duro transformar los peque\u00f1os m\u00fasculos de mi garganta para cantar de manera muy diferente, porque el rango de Glinda es el de una soprano coloratura. Es muy cl\u00e1sico, muy completo y redondo. Es diferente a los silbidos o el canto agudo que hago en mi carrera pop. Es muy diferente. Incluso antes de mi primera audici\u00f3n, estuve trabajando con mi entrenador vocal, Eric Vetro, durante un par de meses por si acaso. Quer\u00eda comenzar a transformar los m\u00fasculos, porque al igual que todos los dem\u00e1s m\u00fasculos de tu cuerpo, es un h\u00e1bito, y aprenden con el entrenamiento. Me tom\u00e9 mucho tiempo porque quer\u00eda que sonara leg\u00edtimo\u00bb, reconoci\u00f3.<\/p>\n<p>Wicked recaud\u00f3 648 millones de d\u00f3lares en todo el mundo, convirti\u00e9ndose en la sexta pel\u00edcula m\u00e1s taquillera del a\u00f1o. Adem\u00e1s, Grande fue nominada por primera vez al Oscar a la Mejor Actriz, al Globo de Oro y al Critics Choice Awards.<\/p>\n","protected":false},"excerpt":{"rendered":"El pr\u00f3ximo 21 de noviembre llega a los cines Wicked: For Good, la segunda parte del aclamado musical&hellip;\n","protected":false},"author":2,"featured_media":220038,"comment_status":"","ping_status":"","sticky":false,"template":"","format":"standard","meta":{"footnotes":""},"categories":[170],"tags":[30465,3216,146,147,25,24,184,185,23],"class_list":{"0":"post-220037","1":"post","2":"type-post","3":"status-publish","4":"format-standard","5":"has-post-thumbnail","7":"category-musica","8":"tag-ariana-grande","9":"tag-brasil","10":"tag-entertainment","11":"tag-entretenimiento","12":"tag-es","13":"tag-espana","14":"tag-music","15":"tag-musica","16":"tag-spain"},"share_on_mastodon":{"url":"https:\/\/pubeurope.com\/@es\/115497932198767513","error":""},"_links":{"self":[{"href":"https:\/\/www.europesays.com\/es\/wp-json\/wp\/v2\/posts\/220037","targetHints":{"allow":["GET"]}}],"collection":[{"href":"https:\/\/www.europesays.com\/es\/wp-json\/wp\/v2\/posts"}],"about":[{"href":"https:\/\/www.europesays.com\/es\/wp-json\/wp\/v2\/types\/post"}],"author":[{"embeddable":true,"href":"https:\/\/www.europesays.com\/es\/wp-json\/wp\/v2\/users\/2"}],"replies":[{"embeddable":true,"href":"https:\/\/www.europesays.com\/es\/wp-json\/wp\/v2\/comments?post=220037"}],"version-history":[{"count":0,"href":"https:\/\/www.europesays.com\/es\/wp-json\/wp\/v2\/posts\/220037\/revisions"}],"wp:featuredmedia":[{"embeddable":true,"href":"https:\/\/www.europesays.com\/es\/wp-json\/wp\/v2\/media\/220038"}],"wp:attachment":[{"href":"https:\/\/www.europesays.com\/es\/wp-json\/wp\/v2\/media?parent=220037"}],"wp:term":[{"taxonomy":"category","embeddable":true,"href":"https:\/\/www.europesays.com\/es\/wp-json\/wp\/v2\/categories?post=220037"},{"taxonomy":"post_tag","embeddable":true,"href":"https:\/\/www.europesays.com\/es\/wp-json\/wp\/v2\/tags?post=220037"}],"curies":[{"name":"wp","href":"https:\/\/api.w.org\/{rel}","templated":true}]}}