{"id":220063,"date":"2025-11-05T16:19:14","date_gmt":"2025-11-05T16:19:14","guid":{"rendered":"https:\/\/www.europesays.com\/es\/220063\/"},"modified":"2025-11-05T16:19:14","modified_gmt":"2025-11-05T16:19:14","slug":"asi-sera-la-estructura-de-la-gran-cubierta-del-nou-mestalla","status":"publish","type":"post","link":"https:\/\/www.europesays.com\/es\/220063\/","title":{"rendered":"As\u00ed ser\u00e1 la estructura de la gran cubierta del Nou Mestalla"},"content":{"rendered":"<p class=\"ft-text\">Ya conocemos algo m\u00e1s sobre c\u00f3mo ser\u00e1 el <a class=\"ft-link ft-link--decoration\" href=\"https:\/\/www.superdeporte.es\/tags\/nou-mestalla\/\" rel=\"nofollow noopener\" target=\"_blank\">Nou Mestalla<\/a>. El\u00a0<strong>Valencia CF<\/strong>\u00a0ha desvelado c\u00f3mo ser\u00e1 la cubierta del estadio. El club puso en marcha, en el pasado mes de enero, las labores para culminar las obras del que ser\u00e1 su nuevo estadio\u00a0y, a d\u00eda de hoy, lleva ya trabajando varios meses en la elaboraci\u00f3n de la\u00a0<strong>estructura de la cubierta<\/strong>.<\/p>\n<p class=\"ft-text\">Uno de los grandes valores del nuevo estadio ser\u00e1, precisamente, la\u00a0<strong>cubierta\u00a0<\/strong>que tamizar\u00e1 la luz mediterr\u00e1nea protegiendo el sol y la lluvia en la\u00a0<strong>totalidad de los 70.044 asientos<\/strong>, ampliando el <a class=\"ft-link ft-link--decoration\" href=\"https:\/\/www.superdeporte.es\/valencia-cf\/2025\/10\/23\/nou-mestalla-valencia-mejoras-tecnologicas-122926145.html\" rel=\"nofollow noopener\" target=\"_blank\">efecto ac\u00fastico<\/a> desde la grada al campo y sobre la que\u00a0<strong>Octopus Energy<\/strong>\u00a0-Sustainable Founding Partner- implementar\u00e1 una\u00a0<strong>instalaci\u00f3n fotovoltaica<\/strong>, constituida por<strong>\u00a0<\/strong>paneles solares con gesti\u00f3n de sistema inteligente, en su per\u00edmetro exterior. Una cubierta que ser\u00e1 un<strong> pulm\u00f3n de energ\u00eda verde<\/strong> y que, con esta singularidad, contribuir\u00e1 a consolidar el\u00a0<strong>Nou Mestalla<\/strong>\u00a0como un s\u00edmbolo de orgullo e innovaci\u00f3n para la ciudad y como un aut\u00e9ntico referente medioambiental.<\/p>\n<p class=\"ft-text\">Pero, y \u00bfc\u00f3mo se producir\u00e1 su estructura? <a class=\"ft-link ft-link--decoration\" href=\"https:\/\/www.fccco.com\/\" rel=\"nofollow noopener\" target=\"_blank\">FCC Construcci\u00f3n<\/a>, junto a la empresa espa\u00f1ola\u00a0<strong>Horta Coslada<\/strong>, compa\u00f1\u00eda l\u00edder en el dise\u00f1o, fabricaci\u00f3n, ingenier\u00eda y montaje de todo tipo de estructuras met\u00e1licas como las cubiertas de estadios de f\u00fatbol del\u00a0<strong>Bernab\u00e9u, Riyadh Air Metropolitano, San Mam\u00e9s, Stade V\u00e9lodrome, RCDE Stadium y el Ciutat de Val\u00e8ncia<\/strong>, es la encargada de realizar este trabajo y ya ha iniciado este proceso. En la ciudad de Val\u00e8ncia tambi\u00e9n cuentan con la elaboraci\u00f3n del Azud de l\u2019Or del puente de la\u00a0<strong>Ciudad de las Artes y las Ciencias<\/strong>.<\/p>\n<p>50 pilares de acero sujetar\u00e1n 4.800 toneladas <\/p>\n<p class=\"ft-text\">La cubierta del\u00a0<a class=\"ft-link ft-link--decoration\" href=\"https:\/\/noumestalla.valenciacf.com\/?lang=es\" rel=\"nofollow noopener\" target=\"_blank\">Nou Mestalla<\/a>\u00a0tendr\u00e1 un peso de\u00a0<strong>4.800 toneladas<\/strong>\u00a0y ser\u00e1 soportada por\u00a0<strong>50 pilares de acero S355<\/strong>. Estos pilares constituir\u00e1n las columnas principales de la fachada y de secci\u00f3n rectangular (cerrada) de 1200&#215;760 mm, adem\u00e1s de otros de 1400&#215;850 mm y de 1400&#215;760 mm con una base de placas que formar\u00e1n secciones armadas con rigidizadores longitudinales y transversales.<\/p>\n","protected":false},"excerpt":{"rendered":"Ya conocemos algo m\u00e1s sobre c\u00f3mo ser\u00e1 el Nou Mestalla. El\u00a0Valencia CF\u00a0ha desvelado c\u00f3mo ser\u00e1 la cubierta del&hellip;\n","protected":false},"author":2,"featured_media":220064,"comment_status":"","ping_status":"","sticky":false,"template":"","format":"standard","meta":{"footnotes":""},"categories":[268],"tags":[17078,168,4083,13463,5220,25,24,9818,41398,280,282,23081,7992,58678,58679,281,23,167,235,5419],"class_list":{"0":"post-220063","1":"post","2":"type-post","3":"status-publish","4":"format-standard","5":"has-post-thumbnail","7":"category-futbol","8":"tag-cubierta","9":"tag-deportes","10":"tag-desvela","11":"tag-el-valencia","12":"tag-energia","13":"tag-es","14":"tag-espana","15":"tag-estructura","16":"tag-fcc","17":"tag-football","18":"tag-futbol","19":"tag-mestalla","20":"tag-nou","21":"tag-nou-mestalla","22":"tag-obras-nou-mestalla","23":"tag-soccer","24":"tag-spain","25":"tag-sports","26":"tag-valencia","27":"tag-valencia-cf"},"share_on_mastodon":{"url":"https:\/\/pubeurope.com\/@es\/115498003137487186","error":""},"_links":{"self":[{"href":"https:\/\/www.europesays.com\/es\/wp-json\/wp\/v2\/posts\/220063","targetHints":{"allow":["GET"]}}],"collection":[{"href":"https:\/\/www.europesays.com\/es\/wp-json\/wp\/v2\/posts"}],"about":[{"href":"https:\/\/www.europesays.com\/es\/wp-json\/wp\/v2\/types\/post"}],"author":[{"embeddable":true,"href":"https:\/\/www.europesays.com\/es\/wp-json\/wp\/v2\/users\/2"}],"replies":[{"embeddable":true,"href":"https:\/\/www.europesays.com\/es\/wp-json\/wp\/v2\/comments?post=220063"}],"version-history":[{"count":0,"href":"https:\/\/www.europesays.com\/es\/wp-json\/wp\/v2\/posts\/220063\/revisions"}],"wp:featuredmedia":[{"embeddable":true,"href":"https:\/\/www.europesays.com\/es\/wp-json\/wp\/v2\/media\/220064"}],"wp:attachment":[{"href":"https:\/\/www.europesays.com\/es\/wp-json\/wp\/v2\/media?parent=220063"}],"wp:term":[{"taxonomy":"category","embeddable":true,"href":"https:\/\/www.europesays.com\/es\/wp-json\/wp\/v2\/categories?post=220063"},{"taxonomy":"post_tag","embeddable":true,"href":"https:\/\/www.europesays.com\/es\/wp-json\/wp\/v2\/tags?post=220063"}],"curies":[{"name":"wp","href":"https:\/\/api.w.org\/{rel}","templated":true}]}}