{"id":220081,"date":"2025-11-05T16:29:08","date_gmt":"2025-11-05T16:29:08","guid":{"rendered":"https:\/\/www.europesays.com\/es\/220081\/"},"modified":"2025-11-05T16:29:08","modified_gmt":"2025-11-05T16:29:08","slug":"cientificos-registran-un-destello-extremadamente-luminoso-desde-un-agujero-negro-supermasivo","status":"publish","type":"post","link":"https:\/\/www.europesays.com\/es\/220081\/","title":{"rendered":"Cient\u00edficos registran un destello \u201cextremadamente luminoso\u201d desde un agujero negro supermasivo"},"content":{"rendered":"<p class=\"\">El <a href=\"https:\/\/as.com\/actualidad\/sociedad\/una-astrofisica-advierte-sobre-un-agujero-negro-supermasivo-sin-precedentes-algo-extremo-esta-sucediendo-n\/\" target=\"_blank\" rel=\"noreferrer nofollow noopener\" title=\"https:\/\/as.com\/actualidad\/sociedad\/una-astrofisica-advierte-sobre-un-agujero-negro-supermasivo-sin-precedentes-algo-extremo-esta-sucediendo-n\/\"><b>universo<\/b> <\/a>esconde todo tipo de secretos, y los<a href=\"https:\/\/as.com\/meristation\/betech\/lo-que-hay-dentro-de-un-agujero-negro-depende-de-su-origen-pero-una-de-las-teorias-sugiere-esta-sorprendente-idea-n\/\" target=\"_blank\" rel=\"noreferrer nofollow noopener\" title=\"https:\/\/as.com\/meristation\/betech\/lo-que-hay-dentro-de-un-agujero-negro-depende-de-su-origen-pero-una-de-las-teorias-sugiere-esta-sorprendente-idea-n\/\"> <b>agujeros negros<\/b> <\/a>est\u00e1n entre los que m\u00e1s fascinaci\u00f3n levantan. Una regi\u00f3n finita del espacio cuyo interior posee una concentraci\u00f3n de masa que es capaz de generar un <b>campo gravitatorio<\/b> del que ni la <b>luz<\/b> puede escapar. Ahora, un grupo de cient\u00edficos ha destacado la <b>llamarada<\/b> m\u00e1s brillante hasta la fecha procedente de un agujero negro supermasivo que brilla con la luz de <b>10 billones de soles<\/b>.<\/p>\n<p class=\"\">Unas cifras que van m\u00e1s all\u00e1 de nuestra comprensi\u00f3n, con un universo que nos demuestra continuamente el lugar en el que estamos y lo masivo que es todo aquello que nos rodea. El agujero negro en cuesti\u00f3n est\u00e1 a <b>10.000 millones de a\u00f1os luz<\/b> de distancia, siendo el m\u00e1s lejano que se ha observado hasta la fecha. El destello es posible que se produjese porque una gran estrella se acerc\u00f3 demasiado al agujero negro y qued\u00f3 destrozada.<\/p>\n<p><img decoding=\"async\" src=\"https:\/\/www.europesays.com\/es\/wp-content\/uploads\/2025\/11\/564W7M2IERNXRI2UJAYFIRMEFI.jpg\" alt=\"Cient\u00edficos registran un destello \u201cextremadamente luminoso\u201d desde un agujero negro supermasivo\" height=\"675\" width=\"1200\"   loading=\"lazy\"\/>Calculan cu\u00e1ntos agujeros negros hay en el universo.Un descubrimiento que ha impactado a la comunidad cient\u00edfica<\/p>\n<p class=\"\">\u201cAl principio, no nos cre\u00edamos realmente las cifras sobre la energ\u00eda\u201d, declara<a href=\"https:\/\/www.nature.com\/articles\/s41550-025-02699-0\" target=\"_blank\" rel=\"nofollow noopener\" title=\"https:\/\/www.nature.com\/articles\/s41550-025-02699-0\"> Matthew Graham,<\/a> del Instituto Tecnol\u00f3gico de California, donde se observ\u00f3 este fen\u00f3meno c\u00f3smico. Una llamarada que tard\u00f3 unos <b>tres meses<\/b> en alcanzar su <b>m\u00e1ximo brillo<\/b> y que fue decayendo en los a\u00f1os posteriores. Explosiones de luz y energ\u00eda que, se\u00f1alan, puede emanar de campos magn\u00e9ticos enredados o de alteraciones en los discos de gas calentado que rodean los agujeros negros.<\/p>\n<p>Noticias relacionadas<\/p>\n<p class=\"\">La mayor\u00eda de galaxias grandes, entre las que se incluye nuestra <b>V\u00eda L\u00e1ctea<\/b>, cuentan con un agujero negro supermasivo en su centro. Los cient\u00edficos no est\u00e1n seguros de c\u00f3mo estos se forman, pero su estudio puede ayudar a <b>comprender mejor<\/b> el entorno estelar que los rodea. <\/p>\n<p class=\"\"><b>\u00a1Tus opiniones importan!<\/b> Comenta en los art\u00edculos y suscr\u00edbete gratis a nuestra <a href=\"https:\/\/asfan.as.com\/newsletters\/\" target=\"_blank\" rel=\"nofollow noopener\" title=\"https:\/\/asfan.as.com\/newsletters\/\">newsletter<\/a> y a las alertas informativas en la <a href=\"https:\/\/as.com\/aplicacion-de-as-n\/\" target=\"_blank\" rel=\"nofollow noopener\" title=\"https:\/\/as.com\/aplicacion-de-as-n\/\">App<\/a> o el canal de <a href=\"https:\/\/www.whatsapp.com\/channel\/0029VaAasdA7j6g745nz9M10\" target=\"_blank\" rel=\"nofollow noopener\" title=\"https:\/\/www.whatsapp.com\/channel\/0029VaAasdA7j6g745nz9M10\">WhatsApp<\/a>. \u00bfBuscas licenciar contenido? Haz clic <a href=\"https:\/\/profesional.elpais.com\/soluciones-sindicacion?utm_medium=interno&amp;utm_source=crosslinking&amp;utm_campaign=sindicacion_as_pie_articulos\" target=\"_blank\" rel=\"nofollow noopener\" title=\"https:\/\/profesional.elpais.com\/soluciones-sindicacion?utm_medium=interno&amp;utm_source=crosslinking&amp;utm_campaign=sindicacion_as_pie_articulos\">aqu\u00ed<\/a><\/p>\n","protected":false},"excerpt":{"rendered":"El universo esconde todo tipo de secretos, y los agujeros negros est\u00e1n entre los que m\u00e1s fascinaci\u00f3n levantan.&hellip;\n","protected":false},"author":2,"featured_media":220082,"comment_status":"","ping_status":"","sticky":false,"template":"","format":"standard","meta":{"footnotes":""},"categories":[81],"tags":[119,123,124,25,24,117,121,122,23,118,120],"class_list":{"0":"post-220081","1":"post","2":"type-post","3":"status-publish","4":"format-standard","5":"has-post-thumbnail","7":"category-ciencia-y-tecnologia","8":"tag-ciencia","9":"tag-ciencia-y-tecnologia","10":"tag-cienciaytecnologia","11":"tag-es","12":"tag-espana","13":"tag-science","14":"tag-science-and-technology","15":"tag-scienceandtechnology","16":"tag-spain","17":"tag-technology","18":"tag-tecnologia"},"share_on_mastodon":{"url":"https:\/\/pubeurope.com\/@es\/115498042598641987","error":""},"_links":{"self":[{"href":"https:\/\/www.europesays.com\/es\/wp-json\/wp\/v2\/posts\/220081","targetHints":{"allow":["GET"]}}],"collection":[{"href":"https:\/\/www.europesays.com\/es\/wp-json\/wp\/v2\/posts"}],"about":[{"href":"https:\/\/www.europesays.com\/es\/wp-json\/wp\/v2\/types\/post"}],"author":[{"embeddable":true,"href":"https:\/\/www.europesays.com\/es\/wp-json\/wp\/v2\/users\/2"}],"replies":[{"embeddable":true,"href":"https:\/\/www.europesays.com\/es\/wp-json\/wp\/v2\/comments?post=220081"}],"version-history":[{"count":0,"href":"https:\/\/www.europesays.com\/es\/wp-json\/wp\/v2\/posts\/220081\/revisions"}],"wp:featuredmedia":[{"embeddable":true,"href":"https:\/\/www.europesays.com\/es\/wp-json\/wp\/v2\/media\/220082"}],"wp:attachment":[{"href":"https:\/\/www.europesays.com\/es\/wp-json\/wp\/v2\/media?parent=220081"}],"wp:term":[{"taxonomy":"category","embeddable":true,"href":"https:\/\/www.europesays.com\/es\/wp-json\/wp\/v2\/categories?post=220081"},{"taxonomy":"post_tag","embeddable":true,"href":"https:\/\/www.europesays.com\/es\/wp-json\/wp\/v2\/tags?post=220081"}],"curies":[{"name":"wp","href":"https:\/\/api.w.org\/{rel}","templated":true}]}}