{"id":220093,"date":"2025-11-05T16:41:18","date_gmt":"2025-11-05T16:41:18","guid":{"rendered":"https:\/\/www.europesays.com\/es\/220093\/"},"modified":"2025-11-05T16:41:18","modified_gmt":"2025-11-05T16:41:18","slug":"paolo-galbiati-confirma-que-la-vuelta-de-howard-esta-cerca","status":"publish","type":"post","link":"https:\/\/www.europesays.com\/es\/220093\/","title":{"rendered":"Paolo Galbiati confirma que la vuelta de Howard est\u00e1 \u201ccerca\u201d"},"content":{"rendered":"<p>\n        El entrenador del <a href=\"https:\/\/www.noticiasdealava.eus\/baskonia\/\" title=\"Baskonia\" class=\"link copy\" rel=\"nofollow noopener\" target=\"_blank\">Baskonia<\/a> <strong>Paolo Galbiati<\/strong> compareci\u00f3 en la ma\u00f1ana del mi\u00e9rcoles en la <strong>previa al partido de Euroliga frente al Virtus Bolonia<\/strong>, un equipo \u201cmuy bien construido\u201d seg\u00fan el italiano.\n<\/p>\n<p class=\"article-body__text \">\n        \u201cEllos cuentan con un gran f\u00edsico y adem\u00e1s<strong> tienen un buen mix entre jugadores con experiencia y j\u00f3venes con mucho talento. <\/strong>Est\u00e1n en un momento incre\u00edble liderados con <strong>un gran Morgan<\/strong>, pero todo el equipo es muy interesante y est\u00e1 muy bien construido\u201d, explic\u00f3.\n<\/p>\n<p class=\"article-body__text \">\n        Prolongar la buena din\u00e1mica en la que est\u00e1 inmerso el equipo despu\u00e9s de<strong> las victorias ante el Dub\u00e0i, Efes y Tenerife,<\/strong> es el principal objetivo que persigue el Baskonia ante el <strong>actual l\u00edder de la Liga de Italia.<\/strong>\n<\/p>\n<p>            <a href=\"https:\/\/www.noticiasdealava.eus\/baskonia\/2025\/11\/04\/sueno-cumplido-30-aficionados-baskonia-10303127.html\" title=\"Sue\u00f1o cumplido para 30 aficionados del Baskonia\" class=\"new__media\" rel=\"nofollow noopener\" target=\"_blank\"><\/p>\n<p>                <img alt=\"Sue\u00f1o cumplido para 30 aficionados del Baskonia\" data-src=\"https:\/\/www.europesays.com\/es\/wp-content\/uploads\/2025\/11\/18591289-84f0-40f9-b8c4-8b1f141465ea_16-9-aspect-ratio_default_0.jpg\" class=\"lozad\"\/><\/p>\n<p>        <\/a><\/p>\n<p>        <a href=\"https:\/\/www.noticiasdealava.eus\/baskonia\/2025\/11\/04\/sueno-cumplido-30-aficionados-baskonia-10303127.html\" title=\"Sue\u00f1o cumplido para 30 aficionados del Baskonia\" class=\"new__headline\" rel=\"nofollow noopener\" target=\"_blank\"><br \/>\n            Sue\u00f1o cumplido para 30 aficionados del Baskonia<br \/>\n        <\/a><\/p>\n<p class=\"article-body__text \">\n        Galbiati asegura que el mal momento que viv\u00eda el equipo se ha superado \u00fanicamente con trabajo: \u201cVamos d\u00eda a d\u00eda, trabajando para mejorar el equipo.<strong> Pienso que solo trabajando muy duro podemos conseguir los objetivos que buscamos\u201d.<\/strong>\n<\/p>\n<p class=\"article-body__text \">\n        Precisamente una sesi\u00f3n de mucho trabajo es la que tuvo el equipo vitoriano este martes. Eso s\u00ed,<strong> el lunes tuvieron un merecido descanso<\/strong> despu\u00e9s de la exigente semana anterior.\n<\/p>\n<p>        \u201cLos jugadores necesitaban un d\u00eda completamente de descanso. El martes ya volvimos a la cancha en una pr\u00e1ctica muy dura y muy buena\u00bb<\/p>\n<p class=\"article-body__text \">\n        \u201cLos jugadores necesitaban un d\u00eda completamente de descanso. <strong>El martes ya volvimos a la cancha <\/strong><a href=\"https:\/\/www.noticiasdealava.eus\/videos\/2025\/09\/02\/video-entrenamiento-baskonia-ordenes-galbiati-10035676.html\" title=\"en una pr\u00e1ctica muy dura y muy buena\" target=\"_blank\" class=\"link copy\" rel=\"nofollow noopener\"><strong>en una pr\u00e1ctica muy dura y muy buena<\/strong><\/a><strong>.<\/strong> Estuvieron todos muy concentrados y eso es buena se\u00f1al. <strong>Tadas no particip\u00f3<\/strong> porque est\u00e1bamos controlando su tobillo, pero <strong>hoy mi\u00e9rcoles s\u00ed<\/strong> va a estar\u201d, confirm\u00f3 Galbiati.\n<\/p>\n<blockquote class=\"twitter-tweet\" data-lang=\"es\" wp_automatic_readability=\"5.4642857142857\">\n<p lang=\"es\" dir=\"ltr\">\u00abEs un honor competir contra Dusko para m\u00ed. Dusko aqu\u00ed es Dusko\u00bb \ud83e\udd1d<\/p>\n<p>Las palabras de Paolo Galbiati en la previa ante Virtus  <a href=\"https:\/\/t.co\/ImjzcEwPJy\" rel=\"nofollow\">https:\/\/t.co\/ImjzcEwPJy<\/a> <a href=\"https:\/\/t.co\/Ozx2lSYQfz\" rel=\"nofollow\">pic.twitter.com\/Ozx2lSYQfz<\/a><\/p>\n<p>\u2014 Baskonia (@Baskonia) <a href=\"https:\/\/twitter.com\/Baskonia\/status\/1986022310000599109?ref_src=twsrc%5Etfw\" rel=\"nofollow noopener\" target=\"_blank\">5 de noviembre de 2025<\/a><\/p><\/blockquote>\n<p class=\"article-body__text \">\n        La visita del Virtus ser\u00e1 muy especial en clave exbaskonista. <a href=\"https:\/\/www.noticiasdealava.eus\/baskonia\/2025\/11\/04\/baskonia-victima-favorita-dusko-ivanovic-10303061.html\" title=\"Dusko Ivanovic\" target=\"_blank\" class=\"link copy\" rel=\"nofollow noopener\"><strong>Dusko Ivanovic<\/strong><\/a><strong> se volver\u00e1 a sentar en un banquillo del Buesa Arena,<\/strong> aunque esta vez lo har\u00e1 como visitante.\n<\/p>\n<p class=\"article-body__text \">\n        El t\u00e9cnico italiano catalog\u00f3 como<strong> \u201cun honor\u201d<\/strong> el hecho de poder enfrentarse otra vez al montenegrino: \u201cYa tuve la oportunidad en Italia y ahora en este nivel otra vez pues <strong>es todo un honor, porque Dusko aqu\u00ed en Vitoria es todo un referente\u201d.<\/strong>\n<\/p>\n<p>            <a href=\"https:\/\/www.noticiasdealava.eus\/baskonia\/2025\/11\/05\/zenit-san-petersburgo-anuncia-fichaje-10306391.html\" title=\"El Zenit de San Petersburgo anuncia el fichaje de Luka Samanic\" class=\"new__media\" rel=\"nofollow noopener\" target=\"_blank\"><\/p>\n<p>                <img alt=\"El Zenit de San Petersburgo anuncia el fichaje de Luka Samanic\" data-src=\"https:\/\/www.europesays.com\/es\/wp-content\/uploads\/2025\/10\/efb94b58-ffaa-49c9-a0c0-c786eb57f2a4_16-9-aspect-ratio_default_0.jpg\" class=\"lozad\"\/><\/p>\n<p>        <\/a><\/p>\n<p>        <a href=\"https:\/\/www.noticiasdealava.eus\/baskonia\/2025\/11\/05\/zenit-san-petersburgo-anuncia-fichaje-10306391.html\" title=\"El Zenit de San Petersburgo anuncia el fichaje de Luka Samanic\" class=\"new__headline\" rel=\"nofollow noopener\" target=\"_blank\"><br \/>\n            El Zenit de San Petersburgo anuncia el fichaje de Luka Samanic<br \/>\n        <\/a><\/p>\n<p>  La vuelta de Howard<\/p>\n<p class=\"article-body__text \">\n        Durante la\u00a0rueda de prensa previa al encuentro europeo, Galbiati tambi\u00e9n aprovech\u00f3 para hacer un repaso a la plantilla, en el que<strong> destac\u00f3 la confirmaci\u00f3n de la vuelta de Markus Howard. <\/strong>Antes, sobre <strong>Trent Forrest<\/strong>, el italiano explic\u00f3 que <strong>\u201ctodav\u00eda necesita tiempo\u201d<\/strong>, pero va progresando adecuadamente en su lesi\u00f3n.\n<\/p>\n<p class=\"article-body__text \">\n        El que parece estar m\u00e1s cerca de volver es <a href=\"https:\/\/www.noticiasdealava.eus\/baskonia\/2025\/10\/10\/necesidad-recuperar-howard-baskonia-10196964.html\" title=\"un Howard que viajar\u00e1 a Lleida\" target=\"_blank\" class=\"link copy\" rel=\"nofollow noopener\">un Howard que viajar\u00e1 a Lleida <\/a>para afrontar el compromiso liguero este mismo fin de semana: \u201cMarkus va muy bien. <strong>Ha empezado a tocar el bal\u00f3n, a tirar. Necesita un poquito de tiempo, pero est\u00e1 cerca de todo.<\/strong> Seguramente va a viajar esta semana. Ma\u00f1ana pienso que no va a estar, pero m\u00e1s tarde veremos a ver\u201d.\n<\/p>\n<p>        \u00abEstoy muy contento con Tim. Est\u00e1 actuando como todo un l\u00edder. Para m\u00ed es muy importante su papel. Es muy positivo con la afici\u00f3n, conmigo, con el staff y con todos en general\u201d <\/p>\n<p class=\"article-body__text \">\n        Sobre otros jugadores, Galbiati se deshizo en elogios especialmente con <strong>Luwawu-Cabarrot<\/strong>, pero asegur\u00f3 que otros jugadores como <strong>Tadas, Kurucs o Diallo tambi\u00e9n vienen jugando muy bien.<\/strong>\n<\/p>\n<p class=\"article-body__text \">\n        \u201cEstoy muy contento con Tim. <strong>Est\u00e1 actuando como todo un l\u00edder.<\/strong> Para m\u00ed es muy importante su papel. M\u00e1s all\u00e1 de las anotaciones, que est\u00e1n siendo clave, tambi\u00e9n habla con los compa\u00f1eros, <strong>es muy positivo con la afici\u00f3n, conmigo, con el <\/strong><strong>staff <\/strong><strong>y con todos en general\u201d,<\/strong> coment\u00f3 Galbiati satisfecho con TLC.\n<\/p>\n<p>            <a href=\"https:\/\/www.noticiasdealava.eus\/baskonia\/2025\/11\/03\/clement-frisch-olvidado-rotacion-baskonia-10300140.html\" title=\"Cl\u00e9ment Frisch, el olvidado de la rotaci\u00f3n del Baskonia\" class=\"new__media\" rel=\"nofollow noopener\" target=\"_blank\"><\/p>\n<p>                <img alt=\"Cl\u00e9ment Frisch, el olvidado de la rotaci\u00f3n del Baskonia\" data-src=\"https:\/\/www.europesays.com\/es\/wp-content\/uploads\/2025\/11\/0233548c-8378-42d3-80f3-c8e2614be0dd_16-9-aspect-ratio_default_0_x911y252.jpg\" class=\"lozad\"\/><\/p>\n<p>        <\/a><\/p>\n<p>        <a href=\"https:\/\/www.noticiasdealava.eus\/baskonia\/2025\/11\/03\/clement-frisch-olvidado-rotacion-baskonia-10300140.html\" title=\"Cl\u00e9ment Frisch, el olvidado de la rotaci\u00f3n del Baskonia\" class=\"new__headline\" rel=\"nofollow noopener\" target=\"_blank\"><br \/>\n            Cl\u00e9ment Frisch, el olvidado de la rotaci\u00f3n del Baskonia<br \/>\n        <\/a><\/p>\n<p class=\"article-body__text \">\n        No obstante, el m\u00edster del Baskonia tampoco se quiso olvidar de aquellos jugadores cuya participaci\u00f3n no est\u00e1 siendo muy destacada: <strong>\u201cClement es muy joven. Necesita entrenamientos y tiempo.<\/strong> Est\u00e1 trabajando muy duro y poco a poco va mejorando, pero <strong>a\u00fan le falta experiencia. <\/strong>Necesita algo de tiempo\u201d.\n<\/p>\n<p class=\"article-body__text \">\n        Mismo caso repiti\u00f3 para los <strong>Khalifa, Spagnolo y Villar,<\/strong> quienes necesitan ser \u201cmuy duros\u201d seg\u00fan Galbiati: <strong>\u201cEst\u00e1n trabajando muy duro y veremos su evoluci\u00f3n.\u201d<\/strong>\n<\/p>\n<p>            <script async src=\"https:\/\/platform.twitter.com\/widgets.js\" charset=\"utf-8\"><\/script><\/p>\n","protected":false},"excerpt":{"rendered":"El entrenador del Baskonia Paolo Galbiati compareci\u00f3 en la ma\u00f1ana del mi\u00e9rcoles en la previa al partido de&hellip;\n","protected":false},"author":2,"featured_media":182928,"comment_status":"","ping_status":"","sticky":false,"template":"","format":"standard","meta":{"footnotes":""},"categories":[269],"tags":[299,298,1779,168,25,24,17490,23519,17489,23,167,1357],"class_list":{"0":"post-220093","1":"post","2":"type-post","3":"status-publish","4":"format-standard","5":"has-post-thumbnail","7":"category-baloncesto","8":"tag-baloncesto","9":"tag-basketball","10":"tag-confirma","11":"tag-deportes","12":"tag-es","13":"tag-espana","14":"tag-galbiati","15":"tag-howard","16":"tag-paolo","17":"tag-spain","18":"tag-sports","19":"tag-vuelta"},"share_on_mastodon":{"url":"https:\/\/pubeurope.com\/@es\/115498089616811472","error":""},"_links":{"self":[{"href":"https:\/\/www.europesays.com\/es\/wp-json\/wp\/v2\/posts\/220093","targetHints":{"allow":["GET"]}}],"collection":[{"href":"https:\/\/www.europesays.com\/es\/wp-json\/wp\/v2\/posts"}],"about":[{"href":"https:\/\/www.europesays.com\/es\/wp-json\/wp\/v2\/types\/post"}],"author":[{"embeddable":true,"href":"https:\/\/www.europesays.com\/es\/wp-json\/wp\/v2\/users\/2"}],"replies":[{"embeddable":true,"href":"https:\/\/www.europesays.com\/es\/wp-json\/wp\/v2\/comments?post=220093"}],"version-history":[{"count":0,"href":"https:\/\/www.europesays.com\/es\/wp-json\/wp\/v2\/posts\/220093\/revisions"}],"wp:featuredmedia":[{"embeddable":true,"href":"https:\/\/www.europesays.com\/es\/wp-json\/wp\/v2\/media\/182928"}],"wp:attachment":[{"href":"https:\/\/www.europesays.com\/es\/wp-json\/wp\/v2\/media?parent=220093"}],"wp:term":[{"taxonomy":"category","embeddable":true,"href":"https:\/\/www.europesays.com\/es\/wp-json\/wp\/v2\/categories?post=220093"},{"taxonomy":"post_tag","embeddable":true,"href":"https:\/\/www.europesays.com\/es\/wp-json\/wp\/v2\/tags?post=220093"}],"curies":[{"name":"wp","href":"https:\/\/api.w.org\/{rel}","templated":true}]}}