{"id":220225,"date":"2025-11-05T18:22:15","date_gmt":"2025-11-05T18:22:15","guid":{"rendered":"https:\/\/www.europesays.com\/es\/220225\/"},"modified":"2025-11-05T18:22:15","modified_gmt":"2025-11-05T18:22:15","slug":"netflix-pone-fecha-de-estreno-y-lanza-el-trailer-de-agatha-christie-con-mia-mckenna-y-el-reparto-principal-en-accion","status":"publish","type":"post","link":"https:\/\/www.europesays.com\/es\/220225\/","title":{"rendered":"Netflix pone fecha de estreno y lanza el tr\u00e1iler de &#8216;Agatha Christie&#8217; con Mia McKenna y el reparto principal en acci\u00f3n"},"content":{"rendered":"<p class=\"article-text\">\n        <strong>Agatha Christie: Las siete esferas<\/strong> ya tiene <strong>fecha de estreno<\/strong> en <strong>Netflix<\/strong>. Con un trepidante tr\u00e1iler, la plataforma ha anunciado que la serie protagonizada por <strong>Mia McKenna Bruce<\/strong>, <strong>Helena Bonham Carter<\/strong> y <strong>Martin Freeman<\/strong>, acompa\u00f1ados por otros actores de renombre, estar\u00e1 disponible para todos sus usuarios a partir del <strong>jueves 15 de enero de 2026<\/strong>.\n    <\/p>\n<p>    <a href=\"https:\/\/www.eldiario.es\/vertele\/series\/netflix-stranger-things-lanza-trailer-oficial-e-imagenes-ineditas-temporada-final-video_3_12728665.html\" data-mrf-recirculation=\"saber-mas\" data-dl-event=\"saber-mas\" rel=\"nofollow noopener\" target=\"_blank\"><\/p>\n<p class=\"know-more__title\">&#8216;Stranger Things&#8217; lanza el tr\u00e1iler oficial e im\u00e1genes in\u00e9ditas de su temporada final en Netflix<\/p>\n<p>            <img decoding=\"async\" class=\"lazy\" loading=\"lazy\" data-src=\"https:\/\/static.eldiario.es\/clip\/2fc528ef-da82-456f-84ae-5a2ae035eecd_16-9-aspect-ratio_default_0.jpg\" src=\"data:image\/svg+xml,%3Csvg xmlns=\" http:=\"\" viewbox=\"0 0 880 495\" alt=\"'Stranger Things' lanza el tr\u00e1iler oficial e im\u00e1genes in\u00e9ditas de su temporada final en Netflix\"\/><\/p>\n<p>                            <img decoding=\"async\" class=\"ni-multimedia\" src=\"https:\/\/www.eldiario.es\/assets\/img\/svg\/icons\/gallery-camera.h-98bfe4b698caf054c915dcd8b3d0849b.svg\" alt=\"'Stranger Things' lanza el tr\u00e1iler oficial e im\u00e1genes in\u00e9ditas de su temporada final en Netflix\"\/><br \/>\n                        <\/a><\/p>\n<p class=\"article-text\">\n        Ubicada en la<strong> Inglaterra de 1925<\/strong>, esta ficci\u00f3n toma como punto de partida una fiesta. Aunque todo parece ir sobre ruedas, una broma termina con un resultado nada esperado: una muerte. As\u00ed comienza la miniserie de tres episodios, basada en el <strong>libro <\/strong>publicado en 1929 con el t\u00edtulo <strong>El misterio de las siete esferas<\/strong>.\n    <\/p>\n<p class=\"article-text\">\n        Mia McKenna Bruce se pone en la piel de Lady Eileen \u201cBundle\u201d Brent, mientras Helena Bonham Carter y Martin Freeman hacen lo propio con Lady Caterham y respectivamente. Al margen de los citados, completan el reparto int\u00e9rpretes como <strong>Corey Mylchreest <\/strong>(Gerry Wade), <strong>Ed Bluemel <\/strong>(Jimmy Thesinger) y <strong>Nabhaan Rizwan <\/strong>(Ronnie Devereux).\n    <\/p>\n<p>    As\u00ed es &#8216;Agatha Christie: Las siete esferas&#8217;<\/p>\n<p class=\"article-text\">\n        En una lujosa fiesta en una casa de campo, una broma parece haber salido terriblemente \u2014y mortalmente\u2014 mal. La tarea de resolver el misterio recaer\u00e1 en la menos esperada de las detectives: la vivaz e inquisitiva Lady Eileen \u201cBundle\u201d Brent, quien deber\u00e1 desentra\u00f1ar una escalofriante conspiraci\u00f3n que cambiar\u00e1 su vida y pondr\u00e1 al descubierto los secretos m\u00e1s oscuros de la alta sociedad inglesa. Una ingeniosa, \u00e9pica y trepidante adaptaci\u00f3n de la reina del crimen, Agatha Christie, que cobra vida en una nueva y emocionante versi\u00f3n para Netflix.\n    <\/p>\n<p>    <a href=\"https:\/\/www.eldiario.es\/vertele\/noticias\/malas-lenguas-despide-guionistas-humor-unica-superviviente-centrarse-politica_1_12739913.html\" data-mrf-recirculation=\"saber-mas-abajo\" data-dl-event=\"saber-mas-abajo\" rel=\"nofollow noopener\" target=\"_blank\"><\/p>\n<p class=\"know-more__title\">&#8216;Malas lenguas&#8217; despide a sus guionistas de humor, con una \u00fanica &#8216;superviviente&#8217;, para centrarse en la pol\u00edtica<\/p>\n<p>            <img decoding=\"async\" class=\"lazy\" loading=\"lazy\" data-src=\"https:\/\/static.eldiario.es\/clip\/73710aa9-6028-49a1-bc11-bacd58a503af_16-9-aspect-ratio_default_0.jpg\" src=\"data:image\/svg+xml,%3Csvg xmlns=\" http:=\"\" viewbox=\"0 0 880 495\" alt=\"'Malas lenguas' despide a sus guionistas de humor, con una \u00fanica 'superviviente', para centrarse en la pol\u00edtica\"\/><\/p>\n<p>                        <\/a><\/p>\n<p class=\"article-text\">\n        Respecto a la ficha t\u00e9cnica, la serie est\u00e1 escrita por <strong>Chris Chibnall<\/strong>, quien tambi\u00e9n ejerce como productor ejecutivo a trav\u00e9s de su compa\u00f1\u00eda Imaginary Friends. La producci\u00f3n ejecutiva corre adem\u00e1s a cargo de <strong>Suzanne Mackie<\/strong>, mediante Orchid Pictures, y de <strong>Chris Sussman <\/strong>(Good Omens). <strong>Chris Sweeney<\/strong> dirige la serie y participa igualmente como productor ejecutivo, mientras que <strong>James Prichard<\/strong>, de Agatha Christie Limited, <strong>Andy Stebbing <\/strong>y la productora <strong>Joanna Crow <\/strong>completan el equipo.\n    <\/p>\n","protected":false},"excerpt":{"rendered":"Agatha Christie: Las siete esferas ya tiene fecha de estreno en Netflix. Con un trepidante tr\u00e1iler, la plataforma&hellip;\n","protected":false},"author":2,"featured_media":220226,"comment_status":"","ping_status":"","sticky":false,"template":"","format":"standard","meta":{"footnotes":""},"categories":[169],"tags":[1926,5105,58725,177,146,147,25,24,1055,1151,176,2629,58726,175,152,1150,15068,11832,23,183],"class_list":{"0":"post-220225","1":"post","2":"type-post","3":"status-publish","4":"format-standard","5":"has-post-thumbnail","7":"category-cine","8":"tag-accion","9":"tag-agatha","10":"tag-christie","11":"tag-cine","12":"tag-entertainment","13":"tag-entretenimiento","14":"tag-es","15":"tag-espana","16":"tag-estreno","17":"tag-fecha","18":"tag-film","19":"tag-lanza","20":"tag-mckenna","21":"tag-movies","22":"tag-netflix","23":"tag-pone","24":"tag-principal","25":"tag-reparto","26":"tag-spain","27":"tag-trailer"},"share_on_mastodon":{"url":"https:\/\/pubeurope.com\/@es\/115498486956336212","error":""},"_links":{"self":[{"href":"https:\/\/www.europesays.com\/es\/wp-json\/wp\/v2\/posts\/220225","targetHints":{"allow":["GET"]}}],"collection":[{"href":"https:\/\/www.europesays.com\/es\/wp-json\/wp\/v2\/posts"}],"about":[{"href":"https:\/\/www.europesays.com\/es\/wp-json\/wp\/v2\/types\/post"}],"author":[{"embeddable":true,"href":"https:\/\/www.europesays.com\/es\/wp-json\/wp\/v2\/users\/2"}],"replies":[{"embeddable":true,"href":"https:\/\/www.europesays.com\/es\/wp-json\/wp\/v2\/comments?post=220225"}],"version-history":[{"count":0,"href":"https:\/\/www.europesays.com\/es\/wp-json\/wp\/v2\/posts\/220225\/revisions"}],"wp:featuredmedia":[{"embeddable":true,"href":"https:\/\/www.europesays.com\/es\/wp-json\/wp\/v2\/media\/220226"}],"wp:attachment":[{"href":"https:\/\/www.europesays.com\/es\/wp-json\/wp\/v2\/media?parent=220225"}],"wp:term":[{"taxonomy":"category","embeddable":true,"href":"https:\/\/www.europesays.com\/es\/wp-json\/wp\/v2\/categories?post=220225"},{"taxonomy":"post_tag","embeddable":true,"href":"https:\/\/www.europesays.com\/es\/wp-json\/wp\/v2\/tags?post=220225"}],"curies":[{"name":"wp","href":"https:\/\/api.w.org\/{rel}","templated":true}]}}