{"id":220229,"date":"2025-11-05T18:24:11","date_gmt":"2025-11-05T18:24:11","guid":{"rendered":"https:\/\/www.europesays.com\/es\/220229\/"},"modified":"2025-11-05T18:24:11","modified_gmt":"2025-11-05T18:24:11","slug":"el-atlas-mas-detallado-del-cerebro-revela-cuando-y-como-surgen-enfermedades-como-el-autismo-o-la-esquizofrenia","status":"publish","type":"post","link":"https:\/\/www.europesays.com\/es\/220229\/","title":{"rendered":"El atlas m\u00e1s detallado del cerebro revela cu\u00e1ndo y c\u00f3mo surgen enfermedades como el autismo o la esquizofrenia"},"content":{"rendered":"<p style=\"\">Desde el autismo a la esquizofrenia. La informaci\u00f3n que se publica en &#8216;<a href=\"https:\/\/www.nature.com\/\" target=\"_self\" data-voc-vtm-id=\"in-text-traffic\" title=\"Nature\" data-mrf-link=\"www.nature.com\" rel=\"nofollow noopener\">Nature<\/a>&#8216; de 12 estudios del consorcio internacional <a href=\"https:\/\/www.portal.brain-bican.org\/\" target=\"_self\" data-voc-vtm-id=\"in-text-traffic\" title=\"BRAIN Initiative Cell Atlas Network\" data-mrf-link=\"www.portal.brain-bican.org\" rel=\"nofollow noopener\">BRAIN Initiative Cell Atlas Network<\/a> (BICAN) de los mapas m\u00e1s detallados hasta el momento del desarrollo del cerebro en mam\u00edferos, incluyendo ratones, pero tambi\u00e9n  &#8230; humanos, proporciona un esquema detallado de c\u00f3mo surgen y maduran con el tiempo los diferentes tipos de c\u00e9lulas cerebrales y, seg\u00fan los autores, estos datos permitir\u00e1n empezar a descubrir c\u00f3mo alteraciones en ese proceso pueden conducir a trastornos como el autismo o la esquizofrenia.<\/p>\n<p class=\"voc-p\" style=\"\">Los resultados revelan con una resoluci\u00f3n sin precedentes c\u00f3mo los distintos tipos de <strong>c\u00e9lulas cerebrales emergen<\/strong> y se especializan desde las etapas m\u00e1s tempranas de la vida, as\u00ed como los factores gen\u00e9ticos y ambientales que influyen en estos procesos<\/p>\n<p class=\"voc-p\" style=\"\">Este atlas, escriben los autores, marca un antes y un despu\u00e9s en la comprensi\u00f3n de c\u00f3mo surge, se organiza y madura este \u00f3rgano.<\/p>\n<p class=\"voc-p\" style=\"\">\u00abEsta serie de art\u00edculos es otro de los resultados de la Iniciativa BRAIN, lanzada por el presidente Obama en el 2013 y que se espera continuar\u00e1 hasta el 2030\u00bb asegura <a href=\"https:\/\/www.abc.es\/salud\/enfermedades\/rafael-yuste-neurocientifico-necesitamos-ley-supranacional-proteja-20251018030103-nt.html\" target=\"_self\" data-voc-vtm-id=\"in-text-traffic\" title=\"Rafael Yuste\" data-mrf-link=\"www.abc.es\" rel=\"nofollow noopener\">Rafael Yuste<\/a>, director del <a href=\"https:\/\/ntc.columbia.edu\/\" target=\"_self\" data-voc-vtm-id=\"in-text-traffic\" title=\"Centro de NeuroTecnolog\u00eda de la Universidad de Columbia\" data-mrf-link=\"ntc.columbia.edu\" rel=\"nofollow noopener\">Centro de NeuroTecnolog\u00eda de la Universidad de Columbia<\/a> (Nueva York), presidente de la <a href=\"https:\/\/www.neurorightsfoundation.org\/\" target=\"_self\" data-voc-vtm-id=\"in-text-traffic\" title=\"Fundaci\u00f3n NeuroRights\" data-mrf-link=\"www.neurorightsfoundation.org\" rel=\"nofollow noopener\">Fundaci\u00f3n NeuroRights<\/a> e impulsor del proyecto BRAIN.<\/p>\n<p class=\"voc-p\" style=\"\">Gracias a tecnolog\u00edas de secuenciaci\u00f3n de c\u00e9lula \u00fanica y a avanzadas herramientas de mapeo espacial, los investigadores lograron seguir paso a paso c\u00f3mo las c\u00e9lulas madre se transforman en neuronas y gl\u00edas, y c\u00f3mo estas se organizan en redes funcionales. <\/p>\n<p class=\"voc-p\" style=\"\">Uno de los hallazgos m\u00e1s llamativos muestra que las c\u00e9lulas cerebrales no se desarrollan en etapas r\u00edgidas, sino en olas superpuestas, y que algunos de estos programas de desarrollo pueden reactivarse en la adultez o en enfermedades neurol\u00f3gicas.<\/p>\n<p class=\"voc-p\" style=\"\">En este sentido, los cient\u00edficos identificaron un tipo de c\u00e9lula progenitora humana vinculada tanto al <strong>glioblastoma<\/strong>, una forma agresiva de c\u00e1ncer cerebral, como a per\u00edodos cr\u00edticos en los que se concentran los riesgos gen\u00e9ticos para trastornos psiqui\u00e1tricos como la esquizofrenia o el autismo.<\/p>\n<p class=\"voc-p\" style=\"\">\u00abEsta colecci\u00f3n transforma el retrato est\u00e1tico de los tipos celulares en una historia din\u00e1mica del cerebro en desarrollo\u00bb, escribe la investigadora de la Universidad de Oreg\u00f3n (EE.UU.) <a href=\"https:\/\/www.sylwestraklab.com\/\" target=\"_self\" data-voc-vtm-id=\"in-text-traffic\" title=\"Emily Sylwestrak\" data-mrf-link=\"www.sylwestraklab.com\" rel=\"nofollow noopener\">Emily Sylwestrak<\/a> en un art\u00edculo de News &amp; Views que acompa\u00f1a la publicaci\u00f3n.<\/p>\n<p><img decoding=\"async\" loading=\"lazy\" src=\"https:\/\/www.europesays.com\/es\/wp-content\/uploads\/2025\/11\/AlzheimersvnormalageingNextBrain.JPG\" class=\"voc-img\" width=\"760\" height=\"427\" alt=\"Mapa de cerebro con enfermedad de Azlzheimer y sin ella\" data-voc-vtm-id=\"in-text-traffic\"\/><\/p>\n<p>Mapa de cerebro con enfermedad de Azlzheimer y sin ella<\/p>\n<p>Martina Bocchetta, Dorit Kliemann and Juan Eugenio Iglesias<\/p>\n<p class=\"voc-p\" style=\"\">Para Laura L\u00f3pez-Mascaraque, profesora de investigaci\u00f3n del <a href=\"https:\/\/cajal.csic.es\/\" target=\"_self\" data-voc-vtm-id=\"in-text-traffic\" title=\"CSIC en el Instituto Cajal\" data-mrf-link=\"cajal.csic.es\" rel=\"nofollow noopener\">CSIC en el Instituto Cajal<\/a>, se trata de \u00abuna colecci\u00f3n de trabajos de enorme envergadura y calidad, fruto de una colaboraci\u00f3n internacional excepcional\u00bb. <\/p>\n<p class=\"voc-p\" style=\"\">Estos mapas del desarrollo cerebral en mam\u00edferos, se\u00f1ala a SMC, \u00ab<strong>ofrecen una visi\u00f3n extraordinariamente detallada de c\u00f3mo el cerebro se construye c\u00e9lula a c\u00e9lula, desde sus primeras etapas hasta la madurez<\/strong>. Nos ayudan a entender los periodos cr\u00edticos del desarrollo, esas ventanas temporales en las que el cerebro es especialmente sensible a los est\u00edmulos y tambi\u00e9n a las alteraciones gen\u00e9ticas o ambientales\u00bb.<\/p>\n<p class=\"voc-p\" style=\"\">En su opini\u00f3n, \u00abcomprender qu\u00e9 ocurre en esas etapas tempranas es fundamental para explicar el origen de muchos trastornos del neurodesarrollo, desde el autismo hasta la esquizofrenia, y para dise\u00f1ar estrategias de prevenci\u00f3n o intervenci\u00f3n m\u00e1s precisas\u00bb.<\/p>\n<p>\nOrganoides cerebrales\n<\/p>\n<p class=\"voc-p\" style=\"\">Las nuevas cartograf\u00edas del cerebro permiten identificar con precisi\u00f3n cu\u00e1ndo y d\u00f3nde se originan algunas condiciones del neurodesarrollo, y ofrecen pistas para mejorar modelos experimentales, como los organoides cerebrales, o dise\u00f1ar terapias dirigidas.<\/p>\n<p class=\"voc-p\" style=\"\">En uno de los estudios, un equipo del <a href=\"https:\/\/ki.se\/en\" target=\"_self\" data-voc-vtm-id=\"in-text-traffic\" title=\"Instituto Karolinska\" data-mrf-link=\"ki.se\" rel=\"nofollow noopener\">Instituto Karolinska<\/a> (Suecia) y la <a href=\"https:\/\/www.yale.edu\/\" target=\"_self\" data-voc-vtm-id=\"in-text-traffic\" title=\"Universidad de Yale\" data-mrf-link=\"www.yale.edu\" rel=\"nofollow noopener\">Universidad de Yale<\/a> (EE.UU.) desarroll\u00f3 adem\u00e1s una innovadora t\u00e9cnica denominada <strong>spatial tri-omics<\/strong>, que permite medir simult\u00e1neamente la actividad g\u00e9nica, los cambios epigen\u00e9ticos y la producci\u00f3n de prote\u00ednas en \u00e1reas espec\u00edficas del cerebro. <\/p>\n<p class=\"voc-p\" style=\"\">Gracias a esta innovadora tecnolog\u00eda se ha demostrado que ciertos programas moleculares activos durante el desarrollo pueden reactivarse durante procesos inflamatorios, lo que podr\u00eda arrojar luz sobre enfermedades como la esclerosis m\u00faltiple.<\/p>\n<p class=\"voc-p\" style=\"\">\u00abEl hallazgo de que la inflamaci\u00f3n puede propagarse a zonas cerebrales no da\u00f1adas nos da nuevas pistas sobre <strong>c\u00f3mo se comunican las regiones del cerebro y c\u00f3mo se extienden enfermedades neurol\u00f3gicas<\/strong>\u00bb, se\u00f1ala Rong Fan, profesor de Yale y coautor del estudio.<\/p>\n<p class=\"voc-p\" style=\"\">Los atlas elaborados por BICAN incluyen datos de m\u00e1s de 1,2 millones de c\u00e9lulas cerebrales y abarcan desde el rat\u00f3n hasta el ser humano. Estos recursos muestran que el desarrollo neuronal contin\u00faa incluso despu\u00e9s del nacimiento, especialmente en regiones implicadas en el aprendizaje, la toma de decisiones y las emociones, lo que sugiere que el cerebro conserva una notable plasticidad durante la infancia.<\/p>\n<p class=\"voc-p\" style=\"\">\u00ab Comprender cu\u00e1ndo y d\u00f3nde se activan genes cr\u00edticos durante el desarrollo nos permite empezar a desentra\u00f1ar c\u00f3mo sus alteraciones conducen a trastornos como el autismo o la esquizofrenia\u00bb, asegura Hongkui Zeng, directora de Ciencias del Cerebro en el Instituto <a href=\"https:\/\/alleninstitute.org\/\" target=\"_self\" data-voc-vtm-id=\"in-text-traffic\" title=\"Allen \" data-mrf-link=\"alleninstitute.org\" rel=\"nofollow noopener\">Allen <\/a>y una de las autoras principales.<\/p>\n<p class=\"voc-p\" style=\"\">En paralelo, investigadores de la <a href=\"https:\/\/www.ucl.ac.uk\/\" target=\"_self\" data-voc-vtm-id=\"in-text-traffic\" title=\"University College London\" data-mrf-link=\"www.ucl.ac.uk\" rel=\"nofollow noopener\">University College London<\/a> (UCL) presentaron NextBrain, un atlas tridimensional del cerebro adulto humano generado con la ayuda de inteligencia artificial. Tras seis a\u00f1os de trabajo y el an\u00e1lisis de m\u00e1s de 10.000 secciones de tejido cerebral, el equipo logr\u00f3 construir el mapa anat\u00f3mico m\u00e1s preciso hasta la fecha, capaz de analizar resonancias magn\u00e9ticas en cuesti\u00f3n de minutos y detectar m\u00e1s de 300 regiones cerebrales.<\/p>\n<p class=\"voc-p\" style=\"\">\u00abEl nivel de detalle anat\u00f3mico de NextBrain es extraordinario\u00bb, afirma Juan Eugenio Iglesias, autor principal del estudio. \u00abEste recurso permitir\u00e1 identificar signos tempranos de enfermedades como el alzh\u00e9imer y acelerar la investigaci\u00f3n sobre el envejecimiento cerebral\u00bb.<\/p>\n<p class=\"voc-p\" style=\"\">Estos estudios suponen un salto cualitativo en la comprensi\u00f3n de c\u00f3mo se forma el cerebro y c\u00f3mo sus alteraciones pueden desembocar en enfermedades neurol\u00f3gicas o psiqui\u00e1tricas. Como resume Joshua Gordon, exdirector del <a href=\"https:\/\/www.nimh.nih.gov\/\" target=\"_self\" data-voc-vtm-id=\"in-text-traffic\" title=\"Instituto Nacional de Salud Mental de EE. UU\" data-mrf-link=\"www.nimh.nih.gov\" rel=\"nofollow noopener\">Instituto Nacional de Salud Mental de EE. UU<\/a>., \u00abestos mapas proporcionan el andamiaje necesario para construir una comprensi\u00f3n m\u00e1s profunda del desarrollo cerebral en la salud y la enfermedad\u00bb.<\/p>\n<p class=\"voc-p\" style=\"\">Yuste a\u00f1ade que este atlas de tipos celulares en el desarrollo es imprescindible no solo para entender cient\u00edficamente c\u00f3mo se desarrolla el cerebro, algo absolutamente fascinante si uno tiene en cuenta que se ensambla por s\u00ed mismo y se autoorganiza sin instrucciones externas, sino que adem\u00e1s es una <strong>informaci\u00f3n fundamental para entender las alteraciones y patolog\u00edas<\/strong> que ocurren durante el embarazo y en las primeras etapas de la vida.<\/p>\n<p class=\"voc-p\" style=\"\">\u00abEstos resultados demuestran c\u00f3mo la inversi\u00f3n sostenida en el desarrollo y aplicaci\u00f3n de nuevos m\u00e9todos tiene una importancia fundamental para la ciencia y la medicina\u00bb, concluye Yuste.<\/p>\n","protected":false},"excerpt":{"rendered":"Desde el autismo a la esquizofrenia. La informaci\u00f3n que se publica en &#8216;Nature&#8216; de 12 estudios del consorcio&hellip;\n","protected":false},"author":2,"featured_media":220230,"comment_status":"","ping_status":"","sticky":false,"template":"","format":"standard","meta":{"footnotes":""},"categories":[92],"tags":[25516,3229,2670,3343,58727,1633,25,24,165,58728,3338,166,23,10883],"class_list":{"0":"post-220229","1":"post","2":"type-post","3":"status-publish","4":"format-standard","5":"has-post-thumbnail","7":"category-salud","8":"tag-atlas","9":"tag-ayuda","10":"tag-cerebro","11":"tag-desarrollo","12":"tag-detallado","13":"tag-entender","14":"tag-es","15":"tag-espana","16":"tag-health","17":"tag-neurologicos","18":"tag-origen","19":"tag-salud","20":"tag-spain","21":"tag-trastornos"},"share_on_mastodon":{"url":"https:\/\/pubeurope.com\/@es\/115498494632684512","error":""},"_links":{"self":[{"href":"https:\/\/www.europesays.com\/es\/wp-json\/wp\/v2\/posts\/220229","targetHints":{"allow":["GET"]}}],"collection":[{"href":"https:\/\/www.europesays.com\/es\/wp-json\/wp\/v2\/posts"}],"about":[{"href":"https:\/\/www.europesays.com\/es\/wp-json\/wp\/v2\/types\/post"}],"author":[{"embeddable":true,"href":"https:\/\/www.europesays.com\/es\/wp-json\/wp\/v2\/users\/2"}],"replies":[{"embeddable":true,"href":"https:\/\/www.europesays.com\/es\/wp-json\/wp\/v2\/comments?post=220229"}],"version-history":[{"count":0,"href":"https:\/\/www.europesays.com\/es\/wp-json\/wp\/v2\/posts\/220229\/revisions"}],"wp:featuredmedia":[{"embeddable":true,"href":"https:\/\/www.europesays.com\/es\/wp-json\/wp\/v2\/media\/220230"}],"wp:attachment":[{"href":"https:\/\/www.europesays.com\/es\/wp-json\/wp\/v2\/media?parent=220229"}],"wp:term":[{"taxonomy":"category","embeddable":true,"href":"https:\/\/www.europesays.com\/es\/wp-json\/wp\/v2\/categories?post=220229"},{"taxonomy":"post_tag","embeddable":true,"href":"https:\/\/www.europesays.com\/es\/wp-json\/wp\/v2\/tags?post=220229"}],"curies":[{"name":"wp","href":"https:\/\/api.w.org\/{rel}","templated":true}]}}