{"id":220247,"date":"2025-11-05T18:36:08","date_gmt":"2025-11-05T18:36:08","guid":{"rendered":"https:\/\/www.europesays.com\/es\/220247\/"},"modified":"2025-11-05T18:36:08","modified_gmt":"2025-11-05T18:36:08","slug":"es-uruguayo-y-corrio-70-kilometros-en-bicicleta-sin-asiento-en-la-patagonia-chilena-llegue-muy-adolorido","status":"publish","type":"post","link":"https:\/\/www.europesays.com\/es\/220247\/","title":{"rendered":"Es uruguayo y corri\u00f3 70 kil\u00f3metros en bicicleta sin asiento en la Patagonia chilena: \u201cLlegu\u00e9 muy adolorido\u201d"},"content":{"rendered":"<p class=\"\">La <b>Titan Forest Patagonia<\/b> ha maravillado a las decenas ciclistas que llegaron a Chile desde distintos rincones del mundo. No s\u00f3lo por la belleza de sus paisajes, sino tambi\u00e9n por sus exigentes rutas. <b>En la m\u00e1s dura de ellas, ocurri\u00f3 algo imposible para muchos. <\/b><\/p>\n<p class=\"\"><b>Dumas L\u00f3pez, un pedalero uruguayo de 53 a\u00f1os, corri\u00f3 70 kil\u00f3metros en bicicleta sin asiento<\/b>, por el circuito que rodea la Reserva Nacional de Trapananda. Si bien parece irrealizable, para el charr\u00faa nunca fue una opci\u00f3n abandonar.<\/p>\n<p class=\"\">\u201cA m\u00ed en particular se me hizo muy dif\u00edcil, tuve un percance mec\u00e1nico: <b>romp\u00ed el asiento (r\u00ede).<\/b> <b>Lo romp\u00ed a los 30 kil\u00f3metros, hice 70 con una campera, la envolv\u00ed y ah\u00ed me vine. Llegu\u00e9 bien, cansado por supuesto y mucho m\u00e1s adolorido de lo que deber\u00eda haber llegado en otros m\u00fasculos que no deber\u00edan haber dolido<\/b>\u201d, cont\u00f3 L\u00f3pez a As. <\/p>\n<p class=\"\"><b>&#8211; \u00bfQu\u00e9 pens\u00f3 cuando se le rompi\u00f3 el asiento? \u00bfC\u00f3mo lo solucion\u00f3?<\/b><\/p>\n<p class=\"\">&#8211; Cuando part\u00ed el asiento dije: \u201c\u00bfAhora qu\u00e9 hago? No puedo abandonar\u00bb. Me mir\u00e9 la ropa y lo primero que vi fue la campera, me la saqu\u00e9 y envolv\u00ed el asiento. Cada tantos kil\u00f3metros se me sal\u00eda. Paraba y lo volv\u00eda a poner. Debo haber parado unas 15 veces, pero as\u00ed llegu\u00e9. <\/p>\n<p class=\"\"><b>&#8211; \u00bfLe hab\u00eda pasado antes?<\/b><\/p>\n<p class=\"\">&#8211; No, me han pasado muchas cosas, pero esto nunca. <\/p>\n<p class=\"\"><b>&#8211; \u00bfHace cu\u00e1nto que practica ciclismo?<\/b><\/p>\n<p class=\"\">&#8211; Yo no arranqu\u00e9 hace mucho. En Uruguay hace cinco a\u00f1os m\u00e1s o menos, un poco m\u00e1s. Lo agarr\u00e9 para ayudar el cuerpo. Ten\u00eda una vida un poco desordenada. Me empec\u00e9 a ordenar, a hacer bicicleta con algunos amigos. Miraba los podios y dec\u00eda \u201calg\u00fan d\u00eda me gustar\u00eda subirme a un podio\u201d. Ah\u00ed me comenc\u00e9 a exigir m\u00e1s. De esa forma hemos ido a competir a distintos lados. A Colombia, a la Titan de Espa\u00f1a, Atacama y en Uruguay compito domingo a domingo. Me mantengo con la llama viva y no le aflojamos. <\/p>\n<p class=\"\"><b>&#8211; \u00bfQu\u00e9 le ha parecido la experiencia?<\/b><\/p>\n<p class=\"\">&#8211; Estos paisajes son hermosos. Durante la competencia daba para ir mirando a los costados y la verdad es que es una cosa nunca vista. Divina. He estado muchas veces en Chile, en Santiago y Vi\u00f1a del Mar, pero por estos lados nunca. Ac\u00e1 son unos capos.<\/p>\n<p class=\"\"><b>&#8211; \u00bfQu\u00e9 significa el ciclismo para usted?<\/b><\/p>\n<p>Noticias relacionadas<\/p>\n<p class=\"\">&#8211; La bicicleta es lo m\u00e1s lindo que hay. Se conoce mucha gente, en las carreras hemos ido por todos lados. Tenemos gente conocida en Chile, Argentina, Espa\u00f1a, te invitan para carreras. Es lo m\u00e1s lindo que hay. <\/p>\n<p class=\"\"><b>\u00a1Tus opiniones importan!<\/b> Comenta en los art\u00edculos y suscr\u00edbete gratis a nuestra <a href=\"https:\/\/asfan.as.com\/newsletters\/\" target=\"_blank\" rel=\"nofollow noopener\" title=\"https:\/\/asfan.as.com\/newsletters\/\">newsletter<\/a> y a las alertas informativas en la <a href=\"https:\/\/as.com\/aplicacion-de-as-n\/\" target=\"_blank\" rel=\"nofollow noopener\" title=\"https:\/\/as.com\/aplicacion-de-as-n\/\">App<\/a> o el canal de <a href=\"https:\/\/www.whatsapp.com\/channel\/0029VaAasdA7j6g745nz9M10\" target=\"_blank\" rel=\"nofollow noopener\" title=\"https:\/\/www.whatsapp.com\/channel\/0029VaAasdA7j6g745nz9M10\">WhatsApp<\/a>. \u00bfBuscas licenciar contenido? Haz clic <a href=\"https:\/\/profesional.elpais.com\/soluciones-sindicacion?utm_medium=interno&amp;utm_source=crosslinking&amp;utm_campaign=sindicacion_as_pie_articulos\" target=\"_blank\" rel=\"nofollow noopener\" title=\"https:\/\/profesional.elpais.com\/soluciones-sindicacion?utm_medium=interno&amp;utm_source=crosslinking&amp;utm_campaign=sindicacion_as_pie_articulos\">aqu\u00ed<\/a>&#8211;<\/p>\n","protected":false},"excerpt":{"rendered":"La Titan Forest Patagonia ha maravillado a las decenas ciclistas que llegaron a Chile desde distintos rincones del&hellip;\n","protected":false},"author":2,"featured_media":220248,"comment_status":"","ping_status":"","sticky":false,"template":"","format":"standard","meta":{"footnotes":""},"categories":[273],"tags":[313,312,168,25,24,23,167],"class_list":{"0":"post-220247","1":"post","2":"type-post","3":"status-publish","4":"format-standard","5":"has-post-thumbnail","7":"category-ciclismo","8":"tag-ciclismo","9":"tag-cycling","10":"tag-deportes","11":"tag-es","12":"tag-espana","13":"tag-spain","14":"tag-sports"},"share_on_mastodon":{"url":"https:\/\/pubeurope.com\/@es\/115498541584401503","error":""},"_links":{"self":[{"href":"https:\/\/www.europesays.com\/es\/wp-json\/wp\/v2\/posts\/220247","targetHints":{"allow":["GET"]}}],"collection":[{"href":"https:\/\/www.europesays.com\/es\/wp-json\/wp\/v2\/posts"}],"about":[{"href":"https:\/\/www.europesays.com\/es\/wp-json\/wp\/v2\/types\/post"}],"author":[{"embeddable":true,"href":"https:\/\/www.europesays.com\/es\/wp-json\/wp\/v2\/users\/2"}],"replies":[{"embeddable":true,"href":"https:\/\/www.europesays.com\/es\/wp-json\/wp\/v2\/comments?post=220247"}],"version-history":[{"count":0,"href":"https:\/\/www.europesays.com\/es\/wp-json\/wp\/v2\/posts\/220247\/revisions"}],"wp:featuredmedia":[{"embeddable":true,"href":"https:\/\/www.europesays.com\/es\/wp-json\/wp\/v2\/media\/220248"}],"wp:attachment":[{"href":"https:\/\/www.europesays.com\/es\/wp-json\/wp\/v2\/media?parent=220247"}],"wp:term":[{"taxonomy":"category","embeddable":true,"href":"https:\/\/www.europesays.com\/es\/wp-json\/wp\/v2\/categories?post=220247"},{"taxonomy":"post_tag","embeddable":true,"href":"https:\/\/www.europesays.com\/es\/wp-json\/wp\/v2\/tags?post=220247"}],"curies":[{"name":"wp","href":"https:\/\/api.w.org\/{rel}","templated":true}]}}