{"id":220251,"date":"2025-11-05T18:39:10","date_gmt":"2025-11-05T18:39:10","guid":{"rendered":"https:\/\/www.europesays.com\/es\/220251\/"},"modified":"2025-11-05T18:39:10","modified_gmt":"2025-11-05T18:39:10","slug":"la-convocatoria-del-betis-para-recibir-al-lyon-amrabat-y-una-baja-anadida-a-las-tres-ya-esperadas","status":"publish","type":"post","link":"https:\/\/www.europesays.com\/es\/220251\/","title":{"rendered":"La convocatoria del Betis para recibir al Lyon: Amrabat y una baja a\u00f1adida a las tres ya esperadas"},"content":{"rendered":"<p class=\"parrafo\">El Real Betis se ha entrenado en la ma\u00f1ana de este mi\u00e9rcoles en la Ciudad Deportiva Luis del Sol, en la \u00faltima sesi\u00f3n de preparaci\u00f3n previa al encuentro de este jueves en La Cartuja ante el Olympique de Lyon franc\u00e9s, en la cuarta jornada de la Fase de Grupos de la UEFA Europa League. El encuentro llega enclavado entre los duelos de hace cuatro d\u00edas, tambi\u00e9n en casa ante el RCD Mallorca, y el del pr\u00f3ximo domingo, a domicilio contra el Valencia CF. Ser\u00e1 la recta final de un <a href=\"https:\/\/www.estadiodeportivo.com\/futbol\/betis\/betis-otea-todo-que-viene-encima-20251014-516287.html\" target=\"_blank\" class=\"intext-link\" rel=\"nofollow noopener\">extenuante calendario<\/a> que ha obligado a los verdiblancos a jugar siete encuentros oficiales en las tres semanas que han separado dos parones de selecciones entre el de mediados del pasado mes de octubre y el que arranca a partir del lunes 10 de noviembre. As\u00ed las cosas, Manuel Pellegrini seguir\u00e1 dosificando energ\u00edas con rotaciones masivas, a pesar de que la enfermer\u00eda lleva dos semanas dando disgustos. <\/p>\n<p>Noticias RelacionadasPau L\u00f3pez, Junior Firpo, Isco Alarc\u00f3n y Ricardo Rodr\u00edguez, bajas por lesi\u00f3n en el Real Betis<\/p>\n<p class=\"parrafo\">Y es que, si la semana pasada el Betis public\u00f3 un parte m\u00e9dico que descartaba a <strong>Junior Firpo<\/strong> hasta finales de este mes o principios del siguiente por culpa de una lesi\u00f3n en los isquiotibiales, este pasado martes el club dio a conocer que <strong>Pau L\u00f3pez sufri\u00f3 una<\/strong> <strong>rotura del tend\u00f3n del m\u00fasculo plantar delgado de su pierna derecha<\/strong> en los minutos finales del calentamiento previo al choque contra el Mallorca. Como m\u00ednimo, el portero catal\u00e1n no volver\u00e1 hasta diciembre, aunque diversas fuentes apuntan que el tratamiento conservador para eludir el quir\u00f3fano implica un <a href=\"https:\/\/www.estadiodeportivo.com\/futbol\/betis\/parte-medico-del-betis-confirma-gravedad-lesion-pau-lopez-adios-derbi-20251104-519048.html\" target=\"_blank\" class=\"intext-link\" rel=\"nofollow noopener\">per\u00edodo de convalecencia que podr\u00eda oscilar entre mes y medio o dos meses<\/a>. <\/p>\n<p class=\"parrafo\"><strong>Isco Alarc\u00f3n<\/strong>, que llevaba una semana trabajando al mismo ritmo que el resto de sus compa\u00f1eros pero se ha ausentado en la sesi\u00f3n de este mi\u00e9rcoles, es la tercera baja obligada para recibir al Olympique de Lyon; la cuarta, que ha llegado cuando menos se esperaba, es la de <strong>Ricardo Rodr\u00edguez<\/strong>. Cabe recordar que el internacional suizo pidi\u00f3 el cambio en la segunda parte del choque del pasado domingo contra los baleares por una contractura muscular que le hizo ausentarse en el primer entrenamiento de la semana. No obstante, su presencia en la sesi\u00f3n de este mi\u00e9rcoles invitaba a pensar que est\u00e1 recuperado. <strong>Pellegrini le ha reservado y en su lista no hay ning\u00fan lateral zurdo espec\u00edfico (jugar\u00e1n Aitor Ruibal o Valent\u00edn G\u00f3mez)<\/strong>.<\/p>\n<p>Amrabat y el Chimy \u00c1vila entran en la convocatoria de Pellegrini<\/p>\n<p class=\"parrafo\">Manuel Pellegrini lleva tiempo explicando que <strong>Sofyan Amrabat<\/strong> sufre desde hace mucho tiempo una lesi\u00f3n que le permite jugar pero que desaconseja darle dos partidos en la misma semana. Tras ejercitarse por su cuenta el martes, <a href=\"https:\/\/www.estadiodeportivo.com\/futbol\/betis\/amrabat-isco-una-cal-otra-arena-antes-enfrentarse-lyon-20251105-519160.html\" target=\"_blank\" class=\"intext-link\" rel=\"nofollow noopener\">este mi\u00e9rcoles se ha reintegrado en el grupo<\/a>, donde tambi\u00e9n estaba el <strong>Chimy \u00c1vila<\/strong>, que tras firmar una buena actuaci\u00f3n en el duelo de Copa del Rey ante el modesto Atl\u00e9tico Palma del R\u00edo se cay\u00f3 de la \u00faltima lista de convocados por un proceso gripal. El que no entra es el joven <strong>Germ\u00e1n Garc\u00eda, \u00fanico canterano que trabaj\u00f3 este mi\u00e9rcoles y apuntaba a novedad <\/strong>ocupando la vacante de Pau L\u00f3pez como tercer portero. Al final, el chileno s\u00f3lo ha citado a dos metas.  <\/p>\n<p>Los 22 convocados del Betis para el partido de Europa League con el Olympique de Lyon<\/p>\n<p class=\"parrafo\">As\u00ed las cosas, la lista al completo con los 22 futbolistas convocados por Manuel Pellegrini para el choque de este jueves entre el Real Betis y el Olympique de Lyon es la formada por los porteros \u00c1lvaro Valles y Adri\u00e1n San Miguel; los defensas H\u00e9ctor Beller\u00edn, \u00c1ngel Ortiz, Aitor Ruibal, Diego Llorente, Marc Bartra, Natan de Souza, Valent\u00edn G\u00f3mez y Ricardo Rodr\u00edguez; los centrocampistas Sofyan Amrabat, Sergi Altimira, Marc Roca, Nelson Deossa, Pablo Fornals y Giovani Lo Celso; y los atacantes Antony dos Santos, &#8216;Chimy&#8217; \u00c1vila, Ez Abde, Rodrigo Riquelme, Pablo Garc\u00eda, C\u00e9dric Bakambu y &#8216;Cucho&#8217; Hern\u00e1ndez. <\/p>\n<p><img decoding=\"async\" src=\"https:\/\/www.europesays.com\/es\/wp-content\/uploads\/2025\/11\/dbc0ba69-b9b0-44f0-a5fb-4fc565b5ac1e_800x1000.jpeg\" loading=\"lazy\"\/><\/p>\n","protected":false},"excerpt":{"rendered":"El Real Betis se ha entrenado en la ma\u00f1ana de este mi\u00e9rcoles en la Ciudad Deportiva Luis del&hellip;\n","protected":false},"author":2,"featured_media":220252,"comment_status":"","ping_status":"","sticky":false,"template":"","format":"standard","meta":{"footnotes":""},"categories":[268],"tags":[168,25,24,284,13447,280,282,18554,38984,58734,6741,286,281,23,167],"class_list":{"0":"post-220251","1":"post","2":"type-post","3":"status-publish","4":"format-standard","5":"has-post-thumbnail","7":"category-futbol","8":"tag-deportes","9":"tag-es","10":"tag-espana","11":"tag-estadio-deportivo","12":"tag-europa-league","13":"tag-football","14":"tag-futbol","15":"tag-isco-alarcon","16":"tag-junior-firpo","17":"tag-olympique-lyon","18":"tag-pau-lopez","19":"tag-real-betis-balompie","20":"tag-soccer","21":"tag-spain","22":"tag-sports"},"share_on_mastodon":{"url":"https:\/\/pubeurope.com\/@es\/115498553851428254","error":""},"_links":{"self":[{"href":"https:\/\/www.europesays.com\/es\/wp-json\/wp\/v2\/posts\/220251","targetHints":{"allow":["GET"]}}],"collection":[{"href":"https:\/\/www.europesays.com\/es\/wp-json\/wp\/v2\/posts"}],"about":[{"href":"https:\/\/www.europesays.com\/es\/wp-json\/wp\/v2\/types\/post"}],"author":[{"embeddable":true,"href":"https:\/\/www.europesays.com\/es\/wp-json\/wp\/v2\/users\/2"}],"replies":[{"embeddable":true,"href":"https:\/\/www.europesays.com\/es\/wp-json\/wp\/v2\/comments?post=220251"}],"version-history":[{"count":0,"href":"https:\/\/www.europesays.com\/es\/wp-json\/wp\/v2\/posts\/220251\/revisions"}],"wp:featuredmedia":[{"embeddable":true,"href":"https:\/\/www.europesays.com\/es\/wp-json\/wp\/v2\/media\/220252"}],"wp:attachment":[{"href":"https:\/\/www.europesays.com\/es\/wp-json\/wp\/v2\/media?parent=220251"}],"wp:term":[{"taxonomy":"category","embeddable":true,"href":"https:\/\/www.europesays.com\/es\/wp-json\/wp\/v2\/categories?post=220251"},{"taxonomy":"post_tag","embeddable":true,"href":"https:\/\/www.europesays.com\/es\/wp-json\/wp\/v2\/tags?post=220251"}],"curies":[{"name":"wp","href":"https:\/\/api.w.org\/{rel}","templated":true}]}}