{"id":220253,"date":"2025-11-05T18:40:08","date_gmt":"2025-11-05T18:40:08","guid":{"rendered":"https:\/\/www.europesays.com\/es\/220253\/"},"modified":"2025-11-05T18:40:08","modified_gmt":"2025-11-05T18:40:08","slug":"me-habria-quitado-la-vida","status":"publish","type":"post","link":"https:\/\/www.europesays.com\/es\/220253\/","title":{"rendered":"Me habr\u00eda quitado la vida"},"content":{"rendered":"<p class=\"c-paragraph\"><b><a href=\"https:\/\/www.20minutos.es\/tags\/personas\/pastora-soler.html\" title=\"Pastora Soler\" rel=\"nofollow noopener\" target=\"_blank\">Pastora Soler<\/a> ha publicado sus memorias este mi\u00e9rcoles 5 de noviembre<\/b>. Cuando se apagan las luces, aparecen las estrellas, publicado por HarperCollins, es el libro en el que <b>la artista se abre a su p\u00fablico m\u00e1s all\u00e1 de las letras de sus canciones<\/b>. Entre sus vivencias, la sevillana ha descrito uno de los episodios m\u00e1s dif\u00edciles de su vida en el que se vio obligada a alejarse de los escenarios.\u00a0<\/p>\n<p class=\"c-paragraph\">\u00abLa noche en que mi voz, mi cuerpo y mi alma me gritaron &#8216;hasta aqu\u00ed hemos llegado'\u00bb, comienza Pastora Soler a narrar esa noche de 2014 que vivi\u00f3 en M\u00e1laga. La cantante describe la \u00abpesadilla\u00bb por la que pas\u00f3: \u00ab<b>Si hubiera encontrado algo a mano\u00a0debajo de aquella mesa en la que me escond\u00ed,\u00a0me habr\u00eda quitado la vida<\/b>\u00ab.\u00a0<\/p>\n<p class=\"c-paragraph\">\u00ab<b>Por primera vez formul\u00e9 en voz alta las palabras &#8216;miedo esc\u00e9nico&#8217;<\/b>\u00ab, cuenta la artista antes de dar detalles de aquel 1 de diciembre de 2014, cuando escribi\u00f3 un comunicado en el que anunciaba su retirada. <b>Explica que su problema estaba en el \u00abpersonaje\u00bb de Pastora Soler<\/b> y no en Pilar S\u00e1nchez, que es su nombre real, y que se dio cuenta gracias al psic\u00f3logo.<\/p>\n<p class=\"c-paragraph\">La m\u00fasica se convirti\u00f3 de pronto para ella en \u00abuna pesada carga\u00bb: \u00ab<b>Pensar que ya no iba a cantar me produjo una sensaci\u00f3n de paz indescriptible<\/b> que hac\u00eda tiempo que no ten\u00eda\u00bb.\u00a0\u00abPor suerte, supe verlo y decid\u00ed parar. No s\u00e9 qu\u00e9 habr\u00eda sido de m\u00ed si llego a seguir con esa tortura\u00bb, asegura en el libro.<\/p>\n<p class=\"c-paragraph\">Su hermano Chelu, que era su representante, le pregunt\u00f3 si estaba segura de lo que hac\u00eda, pero ella lo ten\u00eda claro: \u00ab<b>Lo siento mucho, porque s\u00e9 que te dejo a ti y a mucha gente con el culo al aire<\/b>. Perder\u00e9is vuestros trabajos, pero esto es insoportable\u00bb. Tambi\u00e9n hay palabras de su marido en la obra, ya que el problema afect\u00f3 a su relaci\u00f3n: \u00ab<b>Mi Pili desapareci\u00f3. Solo ve\u00eda a Pastora Soler, y yo no me hab\u00eda enamorado de ella<\/b>\u00ab.<\/p>\n<p class=\"c-paragraph\">Por todo esto, la cantante aboga por la salud mental y pone palabras a lo que le suced\u00eda:\u00a0\u00ab<b>Sudoraci\u00f3n excesiva, taquicardias, malestar estomacal\u2026 La ansiedad era muy real<\/b>\u00ab. Fue entonces cuando lleg\u00f3 su \u00absalvaci\u00f3n\u00bb, su embarazo: \u00abNunca encontraba el momento adecuado\u00bb.<\/p>\n","protected":false},"excerpt":{"rendered":"Pastora Soler ha publicado sus memorias este mi\u00e9rcoles 5 de noviembre. Cuando se apagan las luces, aparecen las&hellip;\n","protected":false},"author":2,"featured_media":220254,"comment_status":"","ping_status":"","sticky":false,"template":"","format":"standard","meta":{"footnotes":""},"categories":[174],"tags":[255,146,147,25,24,256,44258,5583,23],"class_list":{"0":"post-220253","1":"post","2":"type-post","3":"status-publish","4":"format-standard","5":"has-post-thumbnail","7":"category-famosos","8":"tag-celebrities","9":"tag-entertainment","10":"tag-entretenimiento","11":"tag-es","12":"tag-espana","13":"tag-famosos","14":"tag-pastora","15":"tag-soler","16":"tag-spain"},"share_on_mastodon":{"url":"https:\/\/pubeurope.com\/@es\/115498557500946900","error":""},"_links":{"self":[{"href":"https:\/\/www.europesays.com\/es\/wp-json\/wp\/v2\/posts\/220253","targetHints":{"allow":["GET"]}}],"collection":[{"href":"https:\/\/www.europesays.com\/es\/wp-json\/wp\/v2\/posts"}],"about":[{"href":"https:\/\/www.europesays.com\/es\/wp-json\/wp\/v2\/types\/post"}],"author":[{"embeddable":true,"href":"https:\/\/www.europesays.com\/es\/wp-json\/wp\/v2\/users\/2"}],"replies":[{"embeddable":true,"href":"https:\/\/www.europesays.com\/es\/wp-json\/wp\/v2\/comments?post=220253"}],"version-history":[{"count":0,"href":"https:\/\/www.europesays.com\/es\/wp-json\/wp\/v2\/posts\/220253\/revisions"}],"wp:featuredmedia":[{"embeddable":true,"href":"https:\/\/www.europesays.com\/es\/wp-json\/wp\/v2\/media\/220254"}],"wp:attachment":[{"href":"https:\/\/www.europesays.com\/es\/wp-json\/wp\/v2\/media?parent=220253"}],"wp:term":[{"taxonomy":"category","embeddable":true,"href":"https:\/\/www.europesays.com\/es\/wp-json\/wp\/v2\/categories?post=220253"},{"taxonomy":"post_tag","embeddable":true,"href":"https:\/\/www.europesays.com\/es\/wp-json\/wp\/v2\/tags?post=220253"}],"curies":[{"name":"wp","href":"https:\/\/api.w.org\/{rel}","templated":true}]}}