{"id":220315,"date":"2025-11-05T19:22:09","date_gmt":"2025-11-05T19:22:09","guid":{"rendered":"https:\/\/www.europesays.com\/es\/220315\/"},"modified":"2025-11-05T19:22:09","modified_gmt":"2025-11-05T19:22:09","slug":"los-3-posibles-destinos-de-fernando-gaviria-tras-irse-de-movistar-team","status":"publish","type":"post","link":"https:\/\/www.europesays.com\/es\/220315\/","title":{"rendered":"Los 3 posibles destinos de Fernando Gaviria tras irse de Movistar Team"},"content":{"rendered":"<p>La etapa profesional de <a href=\"https:\/\/ciclismoaldia.es\/fernando-gaviria\" title=\"Fernando Gaviria\" rel=\"nofollow noopener\" target=\"_blank\">Fernando Gaviria<\/a> como ciclista de Movistar Team no se puede considerar que haya sido un \u00e9xito. De hecho, a nadie le ha sorprendido que el equipo telef\u00f3nico no haya renovado al colombiano en el <a href=\"https:\/\/ciclismoaldia.es\/mercado-ciclista\" title=\"Mercado Ciclista\" rel=\"nofollow noopener\" target=\"_blank\">mercado ciclista<\/a>. Por ese motivo, el velocista se encuentra actualmente sin destino fijado para 2026. \u00bfPodr\u00eda cambiar eso pronto?A pesar de que lleva sin conseguir victorias m\u00e1s de un a\u00f1o, Fernando Gaviria es un corredor que puede servir para acumular puntos <a href=\"https:\/\/www.uci.org\/\" target=\"_blank\" rel=\"nofollow noopener\">UCI<\/a> con resultados dentro del Top 10 de los esprints que dispute. A pesar de su notable decadencia, a\u00fan puede despertar el inter\u00e9s de varios equipos dentro del mercado. Hay 3 que pueden darle un nueva renacer al latinoamericano a sus 31 a\u00f1os.<\/p>\n<p>A continuaci\u00f3n, se se\u00f1alan los 3 posibles equipos que podr\u00edan darle a Fernando Gaviria un contrato con el que reencontrarse, si no con su mejor nivel, con unas piernas suficientes como para volver a ser importante en una plantilla profesional. \u00bfSer\u00e1 World Tour alguno de ellos?<\/p>\n<p>1. CofidisEl primer equipo que se podr\u00eda hacer con Fernando Gaviria es <a href=\"https:\/\/ciclismoaldia.es\/cofidis\" title=\"Cofidis\" rel=\"nofollow noopener\" target=\"_blank\">Cofidis<\/a>. La escuadra francesa ha descendido este 2025, y tendr\u00e1 que volver a pelear por recuperar la licencia World Tour a partir de 2026. Eso quiere decir que est\u00e1 muy necesitada de puntos UCI. Adem\u00e1s, muchos veteranos se han marchado del equipo este oto\u00f1o.<\/p>\n<p>Es verdad que a\u00fan poseen a un Bryan Coquard (contrato hasta 2027) que sigue siendo su principal fuente de puntos UCI en los esprints, pero Cofidis tiene que mirar m\u00e1s all\u00e1. Ampliar el abanico de carreras es esencial para volver al World Tour en 2028, cuando finalice el trienio, y Fernando Gaviria podr\u00eda tener un rol muy importante en el equipo franc\u00e9s si se decide ficharle.<\/p>\n<p><img decoding=\"async\" width=\"500\" height=\"280\" loading=\"lazy\" src=\"https:\/\/www.europesays.com\/es\/wp-content\/uploads\/2025\/11\/gaviria-1231275364-68f657f6961db.jpg@webp.webp\" class=\"w-auto h-auto\" alt=\"Fernando Gaviria busca nuevo equipo tras irse de Movistar Team\"\/><\/p>\n<p>Fernando Gaviria busca nuevo equipo tras irse de Movistar Team<\/p>\n<p>2. Caja Rural &#8211; Seguros RGABajar de la categor\u00eda World Tour parece ser la \u00fanica v\u00eda de Fernando Gaviria para seguir compitiendo en Europa al m\u00e1s alto nivel. Y ni siquiera tendr\u00eda que salir de Espa\u00f1a si el <a href=\"https:\/\/ciclismoaldia.es\/caja-rural-seguros-rga\" title=\"Caja Rural - Seguros RGA\" rel=\"nofollow noopener\" target=\"_blank\">Caja Rural &#8211; Seguros RGA<\/a> decide ficharle. El conjunto Pro Team es uno de los mejores de la segunda divisi\u00f3n, y aunque el colombiano no est\u00e1 para ganar, s\u00ed que puede dar m\u00e1s visibilidad.<\/p>\n<p>Una llegada como la de Fernando Gaviria tambi\u00e9n provocar\u00eda que el Caja Rural pudiese so\u00f1ar con repetir invitaci\u00f3n para la Vuelta a Espa\u00f1a en 2026. El equipo ya ha demostrado que consigue sacarle el m\u00e1ximo rendimiento a sus corredores. \u00bfPor qu\u00e9 no podr\u00eda \u00abresucitar\u00bb la carrera del espr\u00ednter colombiano?<\/p>\n<p>3. Unibet Tietema RocketsEl \u00faltimo de ellos es el <a href=\"https:\/\/ciclismoaldia.es\/unibet-tietema-rockets\" title=\"Unibet Tietema Rockets\" rel=\"nofollow noopener\" target=\"_blank\">Unibet Tietema Rockets<\/a> del youtuber Bas Tietema. El proyecto de este equipo es cada vez m\u00e1s serio. Sin ir m\u00e1s lejos, en este mercado ciclista han fichado ya a viejas glorias como Dylan Groenewegen y Wout Poels. Estas llegadas son claramente por el objetivo de sumar puntos UCI. El sue\u00f1o de estos Rockets es poder competir en el Tour de Francia, y tienen que hacerse notar.<\/p>\n<p>Por eso, Fernando Gaviria podr\u00eda encajar a la perfecci\u00f3n de la misma forma que apunta a hacerlo Dylan Groenewegen para los esprints. El equipo Pro Team ya est\u00e1 consiguiendo victorias muy notables pese a su corto tiempo de vida. Sin ir m\u00e1s lejos, en 2025 consiguieron ganar la Par\u00eds-Camembert con Lander Loockx. Que los aficionados no se dejen enga\u00f1ar, este equipo es un destino perfecto para Gaviria.<\/p>\n","protected":false},"excerpt":{"rendered":"La etapa profesional de Fernando Gaviria como ciclista de Movistar Team no se puede considerar que haya sido&hellip;\n","protected":false},"author":2,"featured_media":210410,"comment_status":"","ping_status":"","sticky":false,"template":"","format":"standard","meta":{"footnotes":""},"categories":[273],"tags":[313,312,168,25,24,23,167],"class_list":{"0":"post-220315","1":"post","2":"type-post","3":"status-publish","4":"format-standard","5":"has-post-thumbnail","7":"category-ciclismo","8":"tag-ciclismo","9":"tag-cycling","10":"tag-deportes","11":"tag-es","12":"tag-espana","13":"tag-spain","14":"tag-sports"},"share_on_mastodon":{"url":"https:\/\/pubeurope.com\/@es\/115498722832120035","error":""},"_links":{"self":[{"href":"https:\/\/www.europesays.com\/es\/wp-json\/wp\/v2\/posts\/220315","targetHints":{"allow":["GET"]}}],"collection":[{"href":"https:\/\/www.europesays.com\/es\/wp-json\/wp\/v2\/posts"}],"about":[{"href":"https:\/\/www.europesays.com\/es\/wp-json\/wp\/v2\/types\/post"}],"author":[{"embeddable":true,"href":"https:\/\/www.europesays.com\/es\/wp-json\/wp\/v2\/users\/2"}],"replies":[{"embeddable":true,"href":"https:\/\/www.europesays.com\/es\/wp-json\/wp\/v2\/comments?post=220315"}],"version-history":[{"count":0,"href":"https:\/\/www.europesays.com\/es\/wp-json\/wp\/v2\/posts\/220315\/revisions"}],"wp:featuredmedia":[{"embeddable":true,"href":"https:\/\/www.europesays.com\/es\/wp-json\/wp\/v2\/media\/210410"}],"wp:attachment":[{"href":"https:\/\/www.europesays.com\/es\/wp-json\/wp\/v2\/media?parent=220315"}],"wp:term":[{"taxonomy":"category","embeddable":true,"href":"https:\/\/www.europesays.com\/es\/wp-json\/wp\/v2\/categories?post=220315"},{"taxonomy":"post_tag","embeddable":true,"href":"https:\/\/www.europesays.com\/es\/wp-json\/wp\/v2\/tags?post=220315"}],"curies":[{"name":"wp","href":"https:\/\/api.w.org\/{rel}","templated":true}]}}