{"id":220319,"date":"2025-11-05T19:27:23","date_gmt":"2025-11-05T19:27:23","guid":{"rendered":"https:\/\/www.europesays.com\/es\/220319\/"},"modified":"2025-11-05T19:27:23","modified_gmt":"2025-11-05T19:27:23","slug":"oriente-green-campus-lj-group-landscape-architecture-saraiva-associados-kohn-pedersen-fox-kpf","status":"publish","type":"post","link":"https:\/\/www.europesays.com\/es\/220319\/","title":{"rendered":"Oriente Green Campus \/ LJ-Group Landscape Architecture + Saraiva + Associados + Kohn Pedersen Fox (KPF)"},"content":{"rendered":"<p><a class=\"js-image-size__link \" href=\"https:\/\/www.archdaily.cl\/cl\/1035707\/oriente-green-campus-lj-group-landscape-architecture-plus-saraiva-plus-associados-plus-kohn-pedersen-fox-kpf\/6908a1b0436bc60001fdbb86-oriente-green-campus-lj-group-landscape-architecture-photo\" rel=\"attachment nofollow noopener\" style=\"width: 100%; height: 100%;\" target=\"_blank\"><img decoding=\"async\" alt=\"Oriente Green Campus \/ LJ-Group Landscape Architecture + Saraiva + Associados + Kohn Pedersen Fox (KPF)  - Imagen 1 de 24\" data-nr-picture-id=\"6908a1b0436bc60001fdbb86\" fetchpriority=\"high\" height=\"484\" itemprop=\"image\" loading=\"eager\" longdesc=\"https:\/\/www.archdaily.cl\/cl\/1035707\/oriente-green-campus-lj-group-landscape-architecture-plus-saraiva-plus-associados-plus-kohn-pedersen-fox-kpf\/6908a1b0436bc60001fdbb86-oriente-green-campus-lj-group-landscape-architecture-photo\" src=\"https:\/\/www.europesays.com\/es\/wp-content\/uploads\/2025\/11\/Oriente_Green_Campus_LJ-Group_01_Ivo_Tavares_Studio.jpg\" style=\"min-height: var(--featured-height, auto); aspect-ratio: auto 640 \/ 484\" width=\"640\"\/><\/a>\u00a9 Ivo Tavares Studio<\/p>\n<p class=\"thumbs afd-desktop-e clearfix\"><a class=\"thumbs__link\" data-nr-picture-id=\"6908a1b5436bc60001fdbb9b\" href=\"https:\/\/www.archdaily.cl\/cl\/1035707\/oriente-green-campus-lj-group-landscape-architecture-plus-saraiva-plus-associados-plus-kohn-pedersen-fox-kpf\/6908a1b5436bc60001fdbb9b-oriente-green-campus-lj-group-landscape-architecture-photo\" rel=\"attachment nofollow noopener\" target=\"_blank\"><img loading=\"lazy\" decoding=\"async\" alt=\"Oriente Green Campus \/ LJ-Group Landscape Architecture + Saraiva + Associados + Kohn Pedersen Fox (KPF)  - Fotograf\u00eda exterior\" class=\"thumbs__img b-lazy\" data-nr-picture-id=\"6908a1b5436bc60001fdbb9b\" data-pin-nopin=\"true\" src=\"https:\/\/www.europesays.com\/es\/wp-content\/uploads\/2025\/11\/Oriente_Green_Campus_LJ-Group_23_Ivo_Tavares_Studio.jpg\" height=\"125\" longdesc=\"https:\/\/www.archdaily.cl\/cl\/1035707\/oriente-green-campus-lj-group-landscape-architecture-plus-saraiva-plus-associados-plus-kohn-pedersen-fox-kpf\/6908a1b5436bc60001fdbb9b-oriente-green-campus-lj-group-landscape-architecture-photo\" title=\"\u00a9 Ivo Tavares Studio\" width=\"125\"\/><\/a><a class=\"thumbs__link\" data-nr-picture-id=\"6908a1b5436bc60001fdbb9a\" href=\"https:\/\/www.archdaily.cl\/cl\/1035707\/oriente-green-campus-lj-group-landscape-architecture-plus-saraiva-plus-associados-plus-kohn-pedersen-fox-kpf\/6908a1b5436bc60001fdbb9a-oriente-green-campus-lj-group-landscape-architecture-photo\" rel=\"attachment nofollow noopener\" target=\"_blank\"><img loading=\"lazy\" decoding=\"async\" alt=\"Oriente Green Campus \/ LJ-Group Landscape Architecture + Saraiva + Associados + Kohn Pedersen Fox (KPF)  - Fotograf\u00eda exterior\" class=\"thumbs__img b-lazy\" data-nr-picture-id=\"6908a1b5436bc60001fdbb9a\" data-pin-nopin=\"true\" src=\"https:\/\/www.europesays.com\/es\/wp-content\/uploads\/2025\/11\/Oriente_Green_Campus_LJ-Group_22_Ivo_Tavares_Studio.jpg\" height=\"125\" longdesc=\"https:\/\/www.archdaily.cl\/cl\/1035707\/oriente-green-campus-lj-group-landscape-architecture-plus-saraiva-plus-associados-plus-kohn-pedersen-fox-kpf\/6908a1b5436bc60001fdbb9a-oriente-green-campus-lj-group-landscape-architecture-photo\" title=\"\u00a9 Ivo Tavares Studio\" width=\"125\"\/><\/a><a class=\"thumbs__link\" data-nr-picture-id=\"6908a1b1436bc60001fdbb89\" href=\"https:\/\/www.archdaily.cl\/cl\/1035707\/oriente-green-campus-lj-group-landscape-architecture-plus-saraiva-plus-associados-plus-kohn-pedersen-fox-kpf\/6908a1b1436bc60001fdbb89-oriente-green-campus-lj-group-landscape-architecture-photo\" rel=\"attachment nofollow noopener\" target=\"_blank\"><img loading=\"lazy\" decoding=\"async\" alt=\"Oriente Green Campus \/ LJ-Group Landscape Architecture + Saraiva + Associados + Kohn Pedersen Fox (KPF)  - Fotograf\u00eda exterior\" class=\"thumbs__img b-lazy\" data-nr-picture-id=\"6908a1b1436bc60001fdbb89\" data-pin-nopin=\"true\" src=\"https:\/\/www.europesays.com\/es\/wp-content\/uploads\/2025\/11\/Oriente_Green_Campus_LJ-Group_04_Ivo_Tavares_Studio.jpg\" height=\"125\" longdesc=\"https:\/\/www.archdaily.cl\/cl\/1035707\/oriente-green-campus-lj-group-landscape-architecture-plus-saraiva-plus-associados-plus-kohn-pedersen-fox-kpf\/6908a1b1436bc60001fdbb89-oriente-green-campus-lj-group-landscape-architecture-photo\" title=\"\u00a9 Ivo Tavares Studio\" width=\"125\"\/><\/a><a class=\"thumbs__link\" data-nr-picture-id=\"6908a1b5436bc60001fdbb95\" href=\"https:\/\/www.archdaily.cl\/cl\/1035707\/oriente-green-campus-lj-group-landscape-architecture-plus-saraiva-plus-associados-plus-kohn-pedersen-fox-kpf\/6908a1b5436bc60001fdbb95-oriente-green-campus-lj-group-landscape-architecture-photo\" rel=\"attachment nofollow noopener\" target=\"_blank\"><img loading=\"lazy\" decoding=\"async\" alt=\"Oriente Green Campus \/ LJ-Group Landscape Architecture + Saraiva + Associados + Kohn Pedersen Fox (KPF)  - Imagen 5 de 24\" class=\"thumbs__img b-lazy\" data-nr-picture-id=\"6908a1b5436bc60001fdbb95\" data-pin-nopin=\"true\" src=\"https:\/\/www.europesays.com\/es\/wp-content\/uploads\/2025\/11\/Oriente_Green_Campus_LJ-Group_17_Ivo_Tavares_Studio.jpg\" height=\"125\" longdesc=\"https:\/\/www.archdaily.cl\/cl\/1035707\/oriente-green-campus-lj-group-landscape-architecture-plus-saraiva-plus-associados-plus-kohn-pedersen-fox-kpf\/6908a1b5436bc60001fdbb95-oriente-green-campus-lj-group-landscape-architecture-photo\" title=\"\u00a9 Ivo Tavares Studio\" width=\"125\"\/><\/a><a class=\"gallery-link afd-desktop-e\" href=\"https:\/\/www.archdaily.cl\/cl\/1035707\/oriente-green-campus-lj-group-landscape-architecture-plus-saraiva-plus-associados-plus-kohn-pedersen-fox-kpf\/6908a1b0436bc60001fdbb86-oriente-green-campus-lj-group-landscape-architecture-photo\" rel=\"nofollow noopener\" target=\"_blank\"><img decoding=\"async\" alt=\"Oriente Green Campus \/ LJ-Group Landscape Architecture + Saraiva + Associados + Kohn Pedersen Fox (KPF)  - M\u00e1s Im\u00e1genes\" class=\"thumbs__img b-lazy\" src=\"https:\/\/www.europesays.com\/es\/wp-content\/uploads\/2025\/11\/Oriente_Green_Campus_LJ-Group_01_Ivo_Tavares_Studio.jpg\" itemprop=\"image\" bad-src=\"data:image\/gif;base64,R0lGODlhAQABAIAAAAUEBAAAACwAAAAAAQABAAACAkQBADs=\"\/>+ 19<\/a><\/p>\n<p>    Compartir<\/p>\n<p>Compartir<\/p>\n<ul class=\"afd-share__networks clearfix\">\n<li class=\"afd-share__social\"><a aria-label=\"Facebook\" class=\"afd-share__button\" data-insights-category=\"share\" data-insights-label=\"facebook_sharing_options\" data-insights-value=\"1035707\" data-social=\"facebook\" href=\"https:\/\/www.facebook.com\/sharer\/sharer.php?u=https:\/\/www.archdaily.cl\/cl\/1035707\/oriente-green-campus-lj-group-landscape-architecture-plus-saraiva-plus-associados-plus-kohn-pedersen-fox-kpf\" rel=\"nofollow noopener\" target=\"_blank\"><\/a>\n<p>Facebook<\/p>\n<\/li>\n<li class=\"afd-share__social\"><a aria-label=\"Twitter\" class=\"afd-share__button\" data-insights-category=\"share\" data-insights-label=\"twitter_sharing_options\" data-insights-value=\"1035707\" data-social=\"twitter\" href=\"https:\/\/twitter.com\/intent\/tweet?text=Oriente%20Green%20Campus%20%2F%20LJ-Group%20Landscape%20Architecture%20%2B%20Saraiva%20%2B%20Associados%20%2B%20Kohn%20Pedersen%20Fox%20%28KPF%29%20&amp;url=https:\/\/www.archdaily.cl\/cl\/1035707\/oriente-green-campus-lj-group-landscape-architecture-plus-saraiva-plus-associados-plus-kohn-pedersen-fox-kpf&amp;via=parq\" rel=\"nofollow noopener\" target=\"_blank\"><\/a>\n<p>Twitter<\/p>\n<\/li>\n<li class=\"afd-share__social\"><a class=\"afd-share__button\" data-insights-category=\"share\" data-insights-label=\"email_sharing_options\" data-insights-value=\"1035707\" data-social=\"email\" href=\"mailto:?subject=Oriente Green Campus \/ LJ-Group Landscape Architecture + Saraiva + Associados + Kohn Pedersen Fox (KPF) &amp;body=https:\/\/www.archdaily.cl\/cl\/1035707\/oriente-green-campus-lj-group-landscape-architecture-plus-saraiva-plus-associados-plus-kohn-pedersen-fox-kpf\"><\/a>\n<p>Mail<\/p>\n<\/li>\n<li class=\"afd-share__social\"><a aria-label=\"Pinterest\" class=\"afd-share__button\" data-insights-category=\"share\" data-insights-label=\"pinterest_sharing_options\" data-insights-value=\"1035707\" data-social=\"pinterest\" href=\"https:\/\/pinterest.com\/pin\/create\/button\/?url=https%3A%2F%2Fwww.archdaily.cl%2Fcl%2F1035707%2Foriente-green-campus-lj-group-landscape-architecture-plus-saraiva-plus-associados-plus-kohn-pedersen-fox-kpf&amp;media=https%3A%2F%2Fimages.adsttc.com%2Fmedia%2Fimages%2F6908%2Fa1b0%2F436b%2Fc600%2F01fd%2Fbb86%2Flarge_jpg%2FOriente_Green_Campus_LJ-Group_01_Ivo_Tavares_Studio.jpg%3F1762173392&amp;description=Oriente%20Green%20Campus%20%2F%20LJ-Group%20Landscape%20Architecture%20%2B%20Saraiva%20%2B%20Associados%20%2B%20Kohn%20Pedersen%20Fox%20%28KPF%29%20\" rel=\"nofollow noopener\" target=\"_blank\"><\/a>\n<p>Pinterest<\/p>\n<\/li>\n<li class=\"afd-share__social\"><a aria-label=\"Whatsapp\" class=\"afd-share__button\" data-action=\"share\/whatsapp\/share\" data-insights-category=\"share\" data-insights-label=\"whatsapp_sharing_options\" data-insights-value=\"1035707\" data-social=\"whatsapp\" href=\"whatsapp:\/\/send?text=Oriente+Green+Campus+%2F+LJ-Group+Landscape+Architecture+%2B+Saraiva+%2B+Associados+%2B+Kohn+Pedersen+Fox+%28KPF%29++%7C+https%3A%2F%2Fwww.archdaily.cl%2Fcl%2F1035707%2Foriente-green-campus-lj-group-landscape-architecture-plus-saraiva-plus-associados-plus-kohn-pedersen-fox-kpf%3Futm_source%3DWhatsapp%26utm_medium%3DIM%26utm_campaign%3Dshare-button\" rel=\"nofollow\"><\/a>\n<p>Whatsapp<\/p>\n<\/li>\n<\/ul>\n<p>O<\/p>\n<p>https:\/\/www.archdaily.cl\/cl\/1035707\/oriente-green-campus-lj-group-landscape-architecture-plus-saraiva-plus-associados-plus-kohn-pedersen-fox-kpf<\/p>\n<p>  Portapapeles<\/p>\n<p>              \u00abCOPY\u00bb<\/p>\n<p>Copiar<br \/>\n<a class=\"js-image-size__link lazy-anchor\" href=\"https:\/\/www.archdaily.cl\/cl\/1035707\/oriente-green-campus-lj-group-landscape-architecture-plus-saraiva-plus-associados-plus-kohn-pedersen-fox-kpf\/6908a1b5436bc60001fdbb9b-oriente-green-campus-lj-group-landscape-architecture-photo\" rel=\"nofollow noopener\" target=\"_blank\"><img decoding=\"async\" alt=\"Oriente Green Campus \/ LJ-Group Landscape Architecture + Saraiva + Associados + Kohn Pedersen Fox (KPF)  - Fotograf\u00eda exterior\" data-nr-picture-id=\"6908a1b5436bc60001fdbb9b\" height=\"427\" itemprop=\"image\" loading=\"lazy\" longdesc=\"https:\/\/www.archdaily.cl\/cl\/1035707\/oriente-green-campus-lj-group-landscape-architecture-plus-saraiva-plus-associados-plus-kohn-pedersen-fox-kpf\/6908a1b5436bc60001fdbb9b-oriente-green-campus-lj-group-landscape-architecture-photo\" src=\"https:\/\/www.europesays.com\/es\/wp-content\/uploads\/2025\/11\/1762370839_149_Oriente_Green_Campus_LJ-Group_23_Ivo_Tavares_Studio.jpg\" width=\"640\"\/>\u00a9 Ivo Tavares Studio<\/a><\/p>\n<p>Descripci\u00f3n enviada por el equipo del proyecto. A medida que las ciudades se vuelven m\u00e1s densas y los l\u00edmites entre el trabajo, el aprendizaje y el ocio se difuminan, deben surgir nuevos modelos urbanos que den prioridad a las personas, la resiliencia clim\u00e1tica y el equilibrio con la naturaleza. Oriente Green Campus, situado en el distrito empresarial del este de Lisboa, encarna esta visi\u00f3n. Transformando un complejo comercial abandonado en un centro verde contempor\u00e1neo, el proyecto une educaci\u00f3n, trabajo y paisaje dentro de un ecosistema vibrante e interconectado.<\/p>\n<p><a class=\"js-image-size__link lazy-anchor\" href=\"https:\/\/www.archdaily.cl\/cl\/1035707\/oriente-green-campus-lj-group-landscape-architecture-plus-saraiva-plus-associados-plus-kohn-pedersen-fox-kpf\/6908a1b5436bc60001fdbb9a-oriente-green-campus-lj-group-landscape-architecture-photo\" rel=\"nofollow noopener\" target=\"_blank\"><img decoding=\"async\" alt=\"Oriente Green Campus \/ LJ-Group Landscape Architecture + Saraiva + Associados + Kohn Pedersen Fox (KPF)  - Fotograf\u00eda exterior\" data-nr-picture-id=\"6908a1b5436bc60001fdbb9a\" height=\"427\" itemprop=\"image\" loading=\"lazy\" longdesc=\"https:\/\/www.archdaily.cl\/cl\/1035707\/oriente-green-campus-lj-group-landscape-architecture-plus-saraiva-plus-associados-plus-kohn-pedersen-fox-kpf\/6908a1b5436bc60001fdbb9a-oriente-green-campus-lj-group-landscape-architecture-photo\" src=\"https:\/\/www.europesays.com\/es\/wp-content\/uploads\/2025\/11\/1762370839_613_Oriente_Green_Campus_LJ-Group_22_Ivo_Tavares_Studio.jpg\" width=\"640\"\/>\u00a9 Ivo Tavares Studio<\/a><a class=\"js-image-size__link lazy-anchor\" href=\"https:\/\/www.archdaily.cl\/cl\/1035707\/oriente-green-campus-lj-group-landscape-architecture-plus-saraiva-plus-associados-plus-kohn-pedersen-fox-kpf\/6908a1b3436bc60001fdbb8d-oriente-green-campus-lj-group-landscape-architecture-photo\" rel=\"nofollow noopener\" target=\"_blank\"><img decoding=\"async\" alt=\"Oriente Green Campus \/ LJ-Group Landscape Architecture + Saraiva + Associados + Kohn Pedersen Fox (KPF)  - Fotograf\u00eda exterior\" data-nr-picture-id=\"6908a1b3436bc60001fdbb8d\" height=\"427\" itemprop=\"image\" loading=\"lazy\" longdesc=\"https:\/\/www.archdaily.cl\/cl\/1035707\/oriente-green-campus-lj-group-landscape-architecture-plus-saraiva-plus-associados-plus-kohn-pedersen-fox-kpf\/6908a1b3436bc60001fdbb8d-oriente-green-campus-lj-group-landscape-architecture-photo\" src=\"https:\/\/www.europesays.com\/es\/wp-content\/uploads\/2025\/11\/Oriente_Green_Campus_LJ-Group_08_Ivo_Tavares_Studio.jpg\" width=\"640\"\/>\u00a9 Ivo Tavares Studio<\/a><\/p>\n<p>Ubicado en un terreno de 3.7 hect\u00e1reas con 42,000 m\u00b2 de \u00e1rea construida y m\u00e1s de 19,000 m\u00b2 de superficies verdes, el campus redefine la relaci\u00f3n entre la arquitectura y el paisaje en la rehabilitaci\u00f3n urbana. Convierte azoteas planas, terrazas y patios en entornos exteriores inmersivos que apoyan la biodiversidad, la interacci\u00f3n social y la vida sostenible.<\/p>\n<p><a class=\"js-image-size__link lazy-anchor\" href=\"https:\/\/www.archdaily.cl\/cl\/1035707\/oriente-green-campus-lj-group-landscape-architecture-plus-saraiva-plus-associados-plus-kohn-pedersen-fox-kpf\/6908a1b1436bc60001fdbb89-oriente-green-campus-lj-group-landscape-architecture-photo\" rel=\"nofollow noopener\" target=\"_blank\"><img decoding=\"async\" alt=\"Oriente Green Campus \/ LJ-Group Landscape Architecture + Saraiva + Associados + Kohn Pedersen Fox (KPF)  - Fotograf\u00eda exterior\" data-nr-picture-id=\"6908a1b1436bc60001fdbb89\" height=\"427\" itemprop=\"image\" loading=\"lazy\" longdesc=\"https:\/\/www.archdaily.cl\/cl\/1035707\/oriente-green-campus-lj-group-landscape-architecture-plus-saraiva-plus-associados-plus-kohn-pedersen-fox-kpf\/6908a1b1436bc60001fdbb89-oriente-green-campus-lj-group-landscape-architecture-photo\" src=\"https:\/\/www.europesays.com\/es\/wp-content\/uploads\/2025\/11\/1762370840_263_Oriente_Green_Campus_LJ-Group_04_Ivo_Tavares_Studio.jpg\" width=\"640\"\/>\u00a9 Ivo Tavares Studio<\/a><\/p>\n<p>El paisaje se despliega verticalmente a lo largo de cuatro pisos, ofreciendo experiencias diversas a lo largo del d\u00eda. Un paseo panor\u00e1mico en la azotea corona el edificio, abriendo vistas sobre Lisboa y el r\u00edo Tajo. Funciona como un espacio activo para co-working, ocio y reuniones informales. Las terrazas y los patios albergan vegetaci\u00f3n adaptable y formas org\u00e1nicas de pavimentaci\u00f3n, complementadas con zonas de descanso, p\u00e9rgolas y aulas al aire libre que crean un \u00abritmo verde\u00bb fluido a lo largo del edificio.<\/p>\n<p><a class=\"js-image-size__link lazy-anchor\" href=\"https:\/\/www.archdaily.cl\/cl\/1035707\/oriente-green-campus-lj-group-landscape-architecture-plus-saraiva-plus-associados-plus-kohn-pedersen-fox-kpf\/6908a1b5436bc60001fdbb9d-oriente-green-campus-lj-group-landscape-architecture-axonometric\" rel=\"nofollow noopener\" target=\"_blank\"><img decoding=\"async\" alt=\"Oriente Green Campus \/ LJ-Group Landscape Architecture + Saraiva + Associados + Kohn Pedersen Fox (KPF)  - Imagen 24 de 24\" data-nr-picture-id=\"6908a1b5436bc60001fdbb9d\" height=\"427\" itemprop=\"image\" loading=\"lazy\" longdesc=\"https:\/\/www.archdaily.cl\/cl\/1035707\/oriente-green-campus-lj-group-landscape-architecture-plus-saraiva-plus-associados-plus-kohn-pedersen-fox-kpf\/6908a1b5436bc60001fdbb9d-oriente-green-campus-lj-group-landscape-architecture-axonometric\" src=\"https:\/\/www.europesays.com\/es\/wp-content\/uploads\/2025\/11\/LJ-Group_Landscape_Levels_Axonometric.jpg\" width=\"640\"\/>Axonom\u00e9trica<\/a><\/p>\n<p>Como sede de la Universidad Europea, de la IADE \u2013 Facultad de Dise\u00f1o y de la IPAM \u2013 Escuela de Marketing, pertenecientes al Grupo de Educaci\u00f3n Europa, el campus anticipa un futuro de entornos flexibles e h\u00edbridos.\u00a0El paisaje act\u00faa como una extensi\u00f3n informal del aprendizaje y la colaboraci\u00f3n, con espacios que pueden convertirse en aulas al aire libre, asientos de anfiteatro y \u00e1reas de eventos que invitan a estudiantes y profesionales a involucrarse m\u00e1s all\u00e1 de los interiores tradicionales. Aqu\u00ed, el paisaje se convierte en un actor central en la vida diaria, tanto un conector social como un catalizador para la creatividad.<\/p>\n<p><a class=\"js-image-size__link lazy-anchor\" href=\"https:\/\/www.archdaily.cl\/cl\/1035707\/oriente-green-campus-lj-group-landscape-architecture-plus-saraiva-plus-associados-plus-kohn-pedersen-fox-kpf\/6908a1b3436bc60001fdbb8c-oriente-green-campus-lj-group-landscape-architecture-photo\" rel=\"nofollow noopener\" target=\"_blank\"><img decoding=\"async\" alt=\"Oriente Green Campus \/ LJ-Group Landscape Architecture + Saraiva + Associados + Kohn Pedersen Fox (KPF)  - Fotograf\u00eda exterior\" data-nr-picture-id=\"6908a1b3436bc60001fdbb8c\" height=\"427\" itemprop=\"image\" loading=\"lazy\" longdesc=\"https:\/\/www.archdaily.cl\/cl\/1035707\/oriente-green-campus-lj-group-landscape-architecture-plus-saraiva-plus-associados-plus-kohn-pedersen-fox-kpf\/6908a1b3436bc60001fdbb8c-oriente-green-campus-lj-group-landscape-architecture-photo\" src=\"https:\/\/www.europesays.com\/es\/wp-content\/uploads\/2025\/11\/Oriente_Green_Campus_LJ-Group_07_Ivo_Tavares_Studio.jpg\" width=\"640\"\/>\u00a9 Ivo Tavares Studio<\/a><a class=\"js-image-size__link lazy-anchor\" href=\"https:\/\/www.archdaily.cl\/cl\/1035707\/oriente-green-campus-lj-group-landscape-architecture-plus-saraiva-plus-associados-plus-kohn-pedersen-fox-kpf\/6908a1b0436bc60001fdbb87-oriente-green-campus-lj-group-landscape-architecture-photo\" rel=\"nofollow noopener\" target=\"_blank\"><img decoding=\"async\" alt=\"Oriente Green Campus \/ LJ-Group Landscape Architecture + Saraiva + Associados + Kohn Pedersen Fox (KPF)  - Fotograf\u00eda exterior\" data-nr-picture-id=\"6908a1b0436bc60001fdbb87\" height=\"427\" itemprop=\"image\" loading=\"lazy\" longdesc=\"https:\/\/www.archdaily.cl\/cl\/1035707\/oriente-green-campus-lj-group-landscape-architecture-plus-saraiva-plus-associados-plus-kohn-pedersen-fox-kpf\/6908a1b0436bc60001fdbb87-oriente-green-campus-lj-group-landscape-architecture-photo\" src=\"https:\/\/www.europesays.com\/es\/wp-content\/uploads\/2025\/11\/Oriente_Green_Campus_LJ-Group_02_Ivo_Tavares_Studio.jpg\" width=\"640\"\/>\u00a9 Ivo Tavares Studio<\/a><a class=\"js-image-size__link lazy-anchor\" href=\"https:\/\/www.archdaily.cl\/cl\/1035707\/oriente-green-campus-lj-group-landscape-architecture-plus-saraiva-plus-associados-plus-kohn-pedersen-fox-kpf\/6908a1b5436bc60001fdbb91-oriente-green-campus-lj-group-landscape-architecture-photo\" rel=\"nofollow noopener\" target=\"_blank\"><img decoding=\"async\" alt=\"Oriente Green Campus \/ LJ-Group Landscape Architecture + Saraiva + Associados + Kohn Pedersen Fox (KPF)  - Imagen 12 de 24\" data-nr-picture-id=\"6908a1b5436bc60001fdbb91\" height=\"427\" itemprop=\"image\" loading=\"lazy\" longdesc=\"https:\/\/www.archdaily.cl\/cl\/1035707\/oriente-green-campus-lj-group-landscape-architecture-plus-saraiva-plus-associados-plus-kohn-pedersen-fox-kpf\/6908a1b5436bc60001fdbb91-oriente-green-campus-lj-group-landscape-architecture-photo\" src=\"https:\/\/www.europesays.com\/es\/wp-content\/uploads\/2025\/11\/Oriente_Green_Campus_LJ-Group_12_Ivo_Tavares_Studio.jpg\" width=\"640\"\/>\u00a9 Ivo Tavares Studio<\/a><\/p>\n<p>Siendo el primer proyecto en Portugal en lograr conjuntamente las certificaciones LEED y WELL, el proyecto integra medidas de sostenibilidad pasivas y activas. Los techos verdes ayudan a mitigar el efecto de isla de calor, mejoran la biodiversidad y aumentan el confort t\u00e9rmico. Los paneles fotovoltaicos suministran energ\u00eda renovable, mientras que los sistemas eficientes y la gesti\u00f3n inteligente reducen el consumo general. Estrategias de dise\u00f1o sensibles al agua, bioswales, riego de bajo flujo y especies nativas de bajo mantenimiento, aseguran resiliencia y eficiencia a largo plazo.<\/p>\n<p><a class=\"js-image-size__link lazy-anchor\" href=\"https:\/\/www.archdaily.cl\/cl\/1035707\/oriente-green-campus-lj-group-landscape-architecture-plus-saraiva-plus-associados-plus-kohn-pedersen-fox-kpf\/6908a1b2436bc60001fdbb8b-oriente-green-campus-lj-group-landscape-architecture-photo\" rel=\"nofollow noopener\" target=\"_blank\"><img decoding=\"async\" alt=\"Oriente Green Campus \/ LJ-Group Landscape Architecture + Saraiva + Associados + Kohn Pedersen Fox (KPF)  - Imagen 8 de 24\" data-nr-picture-id=\"6908a1b2436bc60001fdbb8b\" height=\"427\" itemprop=\"image\" loading=\"lazy\" longdesc=\"https:\/\/www.archdaily.cl\/cl\/1035707\/oriente-green-campus-lj-group-landscape-architecture-plus-saraiva-plus-associados-plus-kohn-pedersen-fox-kpf\/6908a1b2436bc60001fdbb8b-oriente-green-campus-lj-group-landscape-architecture-photo\" src=\"https:\/\/www.europesays.com\/es\/wp-content\/uploads\/2025\/11\/Oriente_Green_Campus_LJ-Group_06_Ivo_Tavares_Studio.jpg\" width=\"640\"\/>\u00a9 Ivo Tavares Studio<\/a><a class=\"js-image-size__link lazy-anchor\" href=\"https:\/\/www.archdaily.cl\/cl\/1035707\/oriente-green-campus-lj-group-landscape-architecture-plus-saraiva-plus-associados-plus-kohn-pedersen-fox-kpf\/6908a1b5436bc60001fdbb96-oriente-green-campus-lj-group-landscape-architecture-photo\" rel=\"nofollow noopener\" target=\"_blank\"><img decoding=\"async\" alt=\"Oriente Green Campus \/ LJ-Group Landscape Architecture + Saraiva + Associados + Kohn Pedersen Fox (KPF)  - Imagen 18 de 24\" data-nr-picture-id=\"6908a1b5436bc60001fdbb96\" height=\"427\" itemprop=\"image\" loading=\"lazy\" longdesc=\"https:\/\/www.archdaily.cl\/cl\/1035707\/oriente-green-campus-lj-group-landscape-architecture-plus-saraiva-plus-associados-plus-kohn-pedersen-fox-kpf\/6908a1b5436bc60001fdbb96-oriente-green-campus-lj-group-landscape-architecture-photo\" src=\"https:\/\/www.europesays.com\/es\/wp-content\/uploads\/2025\/11\/Oriente_Green_Campus_LJ-Group_18_Ivo_Tavares_Studio.jpg\" width=\"640\"\/>\u00a9 Ivo Tavares Studio<\/a><a class=\"js-image-size__link lazy-anchor\" href=\"https:\/\/www.archdaily.cl\/cl\/1035707\/oriente-green-campus-lj-group-landscape-architecture-plus-saraiva-plus-associados-plus-kohn-pedersen-fox-kpf\/6908a1b5436bc60001fdbb95-oriente-green-campus-lj-group-landscape-architecture-photo\" rel=\"nofollow noopener\" target=\"_blank\"><img decoding=\"async\" alt=\"Oriente Green Campus \/ LJ-Group Landscape Architecture + Saraiva + Associados + Kohn Pedersen Fox (KPF)  - Imagen 5 de 24\" data-nr-picture-id=\"6908a1b5436bc60001fdbb95\" height=\"427\" itemprop=\"image\" loading=\"lazy\" longdesc=\"https:\/\/www.archdaily.cl\/cl\/1035707\/oriente-green-campus-lj-group-landscape-architecture-plus-saraiva-plus-associados-plus-kohn-pedersen-fox-kpf\/6908a1b5436bc60001fdbb95-oriente-green-campus-lj-group-landscape-architecture-photo\" src=\"https:\/\/www.europesays.com\/es\/wp-content\/uploads\/2025\/11\/1762370842_331_Oriente_Green_Campus_LJ-Group_17_Ivo_Tavares_Studio.jpg\" width=\"640\"\/>\u00a9 Ivo Tavares Studio<\/a><\/p>\n<p>El paisaje define la identidad de Oriente Green Campus. Desde el nivel del suelo hasta la azotea, la vegetaci\u00f3n fluye entre espacios interiores y exteriores, estableciendo una fuerte conexi\u00f3n biof\u00edlica que mejora el bienestar y la creatividad. El resultado es un marco vivo que fomenta el sentido de pertenencia. Estudiantes, empleados y locales comparten \u00e1reas exteriores abiertas y accesibles que se adaptan a las necesidades cambiantes, albergando eventos culturales, espacios de coworking o el ocio cotidiano.<\/p>\n<p><a class=\"js-image-size__link lazy-anchor\" href=\"https:\/\/www.archdaily.cl\/cl\/1035707\/oriente-green-campus-lj-group-landscape-architecture-plus-saraiva-plus-associados-plus-kohn-pedersen-fox-kpf\/6908a1b5436bc60001fdbb99-oriente-green-campus-lj-group-landscape-architecture-photo\" rel=\"nofollow noopener\" target=\"_blank\"><img decoding=\"async\" alt=\"Oriente Green Campus \/ LJ-Group Landscape Architecture + Saraiva + Associados + Kohn Pedersen Fox (KPF)  - Fotograf\u00eda exterior\" data-nr-picture-id=\"6908a1b5436bc60001fdbb99\" height=\"427\" itemprop=\"image\" loading=\"lazy\" longdesc=\"https:\/\/www.archdaily.cl\/cl\/1035707\/oriente-green-campus-lj-group-landscape-architecture-plus-saraiva-plus-associados-plus-kohn-pedersen-fox-kpf\/6908a1b5436bc60001fdbb99-oriente-green-campus-lj-group-landscape-architecture-photo\" src=\"https:\/\/www.europesays.com\/es\/wp-content\/uploads\/2025\/11\/Oriente_Green_Campus_LJ-Group_21_Ivo_Tavares_Studio.jpg\" width=\"640\"\/>\u00a9 Ivo Tavares Studio<\/a><a class=\"js-image-size__link lazy-anchor\" href=\"https:\/\/www.archdaily.cl\/cl\/1035707\/oriente-green-campus-lj-group-landscape-architecture-plus-saraiva-plus-associados-plus-kohn-pedersen-fox-kpf\/6908a1b5436bc60001fdbb92-oriente-green-campus-lj-group-landscape-architecture-photo\" rel=\"nofollow noopener\" target=\"_blank\"><img decoding=\"async\" alt=\"Oriente Green Campus \/ LJ-Group Landscape Architecture + Saraiva + Associados + Kohn Pedersen Fox (KPF)  - Imagen 15 de 24\" data-nr-picture-id=\"6908a1b5436bc60001fdbb92\" height=\"427\" itemprop=\"image\" loading=\"lazy\" longdesc=\"https:\/\/www.archdaily.cl\/cl\/1035707\/oriente-green-campus-lj-group-landscape-architecture-plus-saraiva-plus-associados-plus-kohn-pedersen-fox-kpf\/6908a1b5436bc60001fdbb92-oriente-green-campus-lj-group-landscape-architecture-photo\" src=\"https:\/\/www.europesays.com\/es\/wp-content\/uploads\/2025\/11\/Oriente_Green_Campus_LJ-Group_13_Ivo_Tavares_Studio.jpg\" width=\"640\"\/>\u00a9 Ivo Tavares Studio<\/a><\/p>\n<p>Ganador en la categor\u00eda \u00abGreen Asset Initiative of the Year\u00bb en los Iberian Property Awards, Oriente Green Campus se presenta como un modelo visionario de transformaci\u00f3n urbana sostenible. Demuestra c\u00f3mo el dise\u00f1o, la ecolog\u00eda y la educaci\u00f3n pueden converger para renovar estructuras existentes y dar forma a una ciudad m\u00e1s resiliente y centrada en el ser humano.<\/p>\n<p><a class=\"js-image-size__link lazy-anchor\" href=\"https:\/\/www.archdaily.cl\/cl\/1035707\/oriente-green-campus-lj-group-landscape-architecture-plus-saraiva-plus-associados-plus-kohn-pedersen-fox-kpf\/6908a1b1436bc60001fdbb8a-oriente-green-campus-lj-group-landscape-architecture-photo\" rel=\"nofollow noopener\" target=\"_blank\"><img decoding=\"async\" alt=\"Oriente Green Campus \/ LJ-Group Landscape Architecture + Saraiva + Associados + Kohn Pedersen Fox (KPF)  - Imagen 21 de 24\" data-nr-picture-id=\"6908a1b1436bc60001fdbb8a\" height=\"427\" itemprop=\"image\" loading=\"lazy\" longdesc=\"https:\/\/www.archdaily.cl\/cl\/1035707\/oriente-green-campus-lj-group-landscape-architecture-plus-saraiva-plus-associados-plus-kohn-pedersen-fox-kpf\/6908a1b1436bc60001fdbb8a-oriente-green-campus-lj-group-landscape-architecture-photo\" src=\"https:\/\/www.europesays.com\/es\/wp-content\/uploads\/2025\/11\/Oriente_Green_Campus_LJ-Group_05_Ivo_Tavares_Studio.jpg\" width=\"640\"\/>\u00a9 Ivo Tavares Studio<\/a><script async src=\"https:\/\/platform.twitter.com\/widgets.js\" charset=\"utf-8\"><\/script><\/p>\n","protected":false},"excerpt":{"rendered":"\u00a9 Ivo Tavares Studio + 19 Compartir Compartir Facebook Twitter Mail Pinterest Whatsapp O https:\/\/www.archdaily.cl\/cl\/1035707\/oriente-green-campus-lj-group-landscape-architecture-plus-saraiva-plus-associados-plus-kohn-pedersen-fox-kpf Portapapeles \u00abCOPY\u00bb Copiar&hellip;\n","protected":false},"author":2,"featured_media":220320,"comment_status":"","ping_status":"","sticky":false,"template":"","format":"standard","meta":{"footnotes":""},"categories":[173],"tags":[801,13001,229,233,231,230,232,234,146,147,25,24,58738,9656,23],"class_list":{"0":"post-220319","1":"post","2":"type-post","3":"status-publish","4":"format-standard","5":"has-post-thumbnail","7":"category-arte-y-diseno","8":"tag-arquitectura","9":"tag-arquitectura-de-oficinas","10":"tag-arte","11":"tag-arte-y-diseno","12":"tag-arts","13":"tag-arts-and-design","14":"tag-design","15":"tag-diseno","16":"tag-entertainment","17":"tag-entretenimiento","18":"tag-es","19":"tag-espana","20":"tag-moscavide","21":"tag-paisaje-y-arquitectura","22":"tag-spain"},"share_on_mastodon":{"url":"https:\/\/pubeurope.com\/@es\/115498742693819715","error":""},"_links":{"self":[{"href":"https:\/\/www.europesays.com\/es\/wp-json\/wp\/v2\/posts\/220319","targetHints":{"allow":["GET"]}}],"collection":[{"href":"https:\/\/www.europesays.com\/es\/wp-json\/wp\/v2\/posts"}],"about":[{"href":"https:\/\/www.europesays.com\/es\/wp-json\/wp\/v2\/types\/post"}],"author":[{"embeddable":true,"href":"https:\/\/www.europesays.com\/es\/wp-json\/wp\/v2\/users\/2"}],"replies":[{"embeddable":true,"href":"https:\/\/www.europesays.com\/es\/wp-json\/wp\/v2\/comments?post=220319"}],"version-history":[{"count":0,"href":"https:\/\/www.europesays.com\/es\/wp-json\/wp\/v2\/posts\/220319\/revisions"}],"wp:featuredmedia":[{"embeddable":true,"href":"https:\/\/www.europesays.com\/es\/wp-json\/wp\/v2\/media\/220320"}],"wp:attachment":[{"href":"https:\/\/www.europesays.com\/es\/wp-json\/wp\/v2\/media?parent=220319"}],"wp:term":[{"taxonomy":"category","embeddable":true,"href":"https:\/\/www.europesays.com\/es\/wp-json\/wp\/v2\/categories?post=220319"},{"taxonomy":"post_tag","embeddable":true,"href":"https:\/\/www.europesays.com\/es\/wp-json\/wp\/v2\/tags?post=220319"}],"curies":[{"name":"wp","href":"https:\/\/api.w.org\/{rel}","templated":true}]}}