{"id":220334,"date":"2025-11-05T19:36:16","date_gmt":"2025-11-05T19:36:16","guid":{"rendered":"https:\/\/www.europesays.com\/es\/220334\/"},"modified":"2025-11-05T19:36:16","modified_gmt":"2025-11-05T19:36:16","slug":"primark-reducira-la-jornada-y-subira-un-9-el-sueldo-a-sus-trabajadores-en-espana","status":"publish","type":"post","link":"https:\/\/www.europesays.com\/es\/220334\/","title":{"rendered":"Primark reducir\u00e1 la jornada y subir\u00e1 un 9% el sueldo a sus trabajadores en Espa\u00f1a"},"content":{"rendered":"<p>La cadena irlandesa de moda Primark ha alcanzado con los sindicatos Fetico y CCOO un acuerdo en la negociaci\u00f3n de su nuevo convenio colectivo para el per\u00edodo 2026-2028 que prev\u00e9 una subida de sueldo progresiva del 9% <b>para sus 10.000 trabajadores en Espa\u00f1a <\/b>a dem\u00e1s de una reducci\u00f3n de la jornada laboral.<\/p>\n<p>Con el alza salarial anunciada hoy por los sindicatos mayoritarios en la filial espa\u00f1ola de Primark, <b>los diferentes grupos profesionales de la firma empezar\u00e1n a ver reflejada la subida a partir del 2026 siempre por encima del promedio del IPC,<\/b> con un 3% anual, garantizando un incremento del poder adquisitivo de los trabajadores.<\/p>\n<p>En cuanto a la jornada, el acuerdo prev\u00e9 una reducci\u00f3n hasta 1.765 horas anuales para el a\u00f1o que viene, hasta las 1.760 horas en 2027 y hasta las 1.755 en 2028, adem\u00e1s de frenar el incremento de la distribuci\u00f3n de la jornada irregular, y un <b>aumento progresivo de los pluses dominicales y de festivos<\/b> de 45 euros en 2026, 50 euros en 2027 y a 55 en 2028.<\/p>\n<p>Desde Fetico destacan que reducci\u00f3n de jornada pactada se ha realizado<b> dentro de los par\u00e1metros que pretend\u00eda el Ministerio de Trabajo, <\/b>demostrando que la \u00abnegociaci\u00f3n es la mejor opci\u00f3n\u00bb para la mejora en las condiciones sociales de los trabajadores.<\/p>\n<p>WhatsApp<a href=\"https:\/\/api.whatsapp.com\/send?text=https:\/\/www.eleconomista.es\/retail-consumo\/noticias\/13628166\/11\/25\/primark-reducira-la-jornada-y-subira-un-9-el-sueldo-a-sus-trabajadores-en-espana.html?utm_source%3Dwhatsapp%26utm_medium%3Dshare_button&amp;id=1648118629957_whatsapp\" target=\"_blank\" data-action=\"share\/whatsapp\/share\" aria-label=\"Compartir en Whatsapp\" rel=\"nofollow noopener\"><\/a>Facebook<a id=\"fb-share\" href=\"#\" target=\"_blank\" rel=\"noopener noreferrer\" aria-label=\"Compartir en Facebook\"><\/a>Twitter<a href=\"https:\/\/twitter.com\/share?text=Primark+reducir%C3%A1+la+jornada+y+subir%C3%A1+un+9%25+el+sueldo+a+sus+trabajadores+en+Espa%C3%B1a&amp;url=https:\/\/www.eleconomista.es\/retail-consumo\/noticias\/13628166\/11\/25\/primark-reducira-la-jornada-y-subira-un-9-el-sueldo-a-sus-trabajadores-en-espana.html&amp;via=elEconomistaes&amp;id=1648118839245_twitter\" target=\"_blank\" aria-label=\"Compartir en Twitter\" rel=\"nofollow noopener\"><\/a>Linkedin<a href=\"https:\/\/linkedin.com\/share?text=https:\/\/www.eleconomista.es\/retail-consumo\/noticias\/13628166\/11\/25\/primark-reducira-la-jornada-y-subira-un-9-el-sueldo-a-sus-trabajadores-en-espana.html&amp;via=elEconomistaes\" target=\"_blank\" aria-label=\"Compartir en linkedin\" rel=\"nofollow noopener\"><\/a>Beloud<a href=\"https:\/\/beloud.com\/share?text=Primark+reducir%C3%A1+la+jornada+y+subir%C3%A1+un+9%25+el+sueldo+a+sus+trabajadores+en+Espa%C3%B1a&amp;url=https:\/\/www.eleconomista.es\/retail-consumo\/noticias\/13628166\/11\/25\/primark-reducira-la-jornada-y-subira-un-9-el-sueldo-a-sus-trabajadores-en-espana.html&amp;via=elEconomistaes&amp;id=1648118839245_beloud\" target=\"_blank\" aria-label=\"Compartir en beloud\" rel=\"nofollow noopener\"><\/a>Bluesky<a href=\"https:\/\/bsky.app\/intent\/compose?text=https:\/\/bsky.app\/intent\/compose?text=https:\/\/www.eleconomista.es\/retail-consumo\/noticias\/13628166\/11\/25\/primark-reducira-la-jornada-y-subira-un-9-el-sueldo-a-sus-trabajadores-en-espana.html&amp;url=https:\/\/www.eleconomista.es\/retail-consumo\/noticias\/13628166\/11\/25\/primark-reducira-la-jornada-y-subira-un-9-el-sueldo-a-sus-trabajadores-en-espana.html&amp;via=elEconomistaes&amp;id=1648118839245_bluesky\" target=\"_blank\" aria-label=\"Compartir en bluesky\" rel=\"nofollow noopener\"><\/a><\/p>\n<p><script async src=\"https:\/\/platform.twitter.com\/widgets.js\" charset=\"utf-8\"><\/script><\/p>\n","protected":false},"excerpt":{"rendered":"La cadena irlandesa de moda Primark ha alcanzado con los sindicatos Fetico y CCOO un acuerdo en la&hellip;\n","protected":false},"author":2,"featured_media":220335,"comment_status":"","ping_status":"","sticky":false,"template":"","format":"standard","meta":{"footnotes":""},"categories":[80],"tags":[82,95,94,25,24,11416,23],"class_list":{"0":"post-220334","1":"post","2":"type-post","3":"status-publish","4":"format-standard","5":"has-post-thumbnail","7":"category-economia","8":"tag-business","9":"tag-economia","10":"tag-economy","11":"tag-es","12":"tag-espana","13":"tag-retail-consumo","14":"tag-spain"},"share_on_mastodon":{"url":"https:\/\/pubeurope.com\/@es\/115498777662906785","error":""},"_links":{"self":[{"href":"https:\/\/www.europesays.com\/es\/wp-json\/wp\/v2\/posts\/220334","targetHints":{"allow":["GET"]}}],"collection":[{"href":"https:\/\/www.europesays.com\/es\/wp-json\/wp\/v2\/posts"}],"about":[{"href":"https:\/\/www.europesays.com\/es\/wp-json\/wp\/v2\/types\/post"}],"author":[{"embeddable":true,"href":"https:\/\/www.europesays.com\/es\/wp-json\/wp\/v2\/users\/2"}],"replies":[{"embeddable":true,"href":"https:\/\/www.europesays.com\/es\/wp-json\/wp\/v2\/comments?post=220334"}],"version-history":[{"count":0,"href":"https:\/\/www.europesays.com\/es\/wp-json\/wp\/v2\/posts\/220334\/revisions"}],"wp:featuredmedia":[{"embeddable":true,"href":"https:\/\/www.europesays.com\/es\/wp-json\/wp\/v2\/media\/220335"}],"wp:attachment":[{"href":"https:\/\/www.europesays.com\/es\/wp-json\/wp\/v2\/media?parent=220334"}],"wp:term":[{"taxonomy":"category","embeddable":true,"href":"https:\/\/www.europesays.com\/es\/wp-json\/wp\/v2\/categories?post=220334"},{"taxonomy":"post_tag","embeddable":true,"href":"https:\/\/www.europesays.com\/es\/wp-json\/wp\/v2\/tags?post=220334"}],"curies":[{"name":"wp","href":"https:\/\/api.w.org\/{rel}","templated":true}]}}