{"id":220344,"date":"2025-11-05T19:45:13","date_gmt":"2025-11-05T19:45:13","guid":{"rendered":"https:\/\/www.europesays.com\/es\/220344\/"},"modified":"2025-11-05T19:45:13","modified_gmt":"2025-11-05T19:45:13","slug":"el-ciclista-que-lo-tiene-todo-para-ser-la-gran-joya-de-futuro-de-movistar-team","status":"publish","type":"post","link":"https:\/\/www.europesays.com\/es\/220344\/","title":{"rendered":"El ciclista que lo tiene todo para ser la gran joya de futuro de Movistar Team"},"content":{"rendered":"<p>El futuro del equipo Movistar se presenta tan apasionante como intenso. La escuadra telef\u00f3nico abre a partir de 2026 su nuevo filial, pero lo hace a la vez que comienza un nuevo trienio en el que deber\u00e1 luchar por evitar el descenso del World Tour. Por eso, lo que ocurra con sus ciclistas del sub 23 ser\u00e1 tan importante, y por eso hay tanta ilusi\u00f3n con uno de ellos: <a href=\"https:\/\/ciclismoaldia.es\/mattia-proietti\" title=\"Mattia Proietti\" rel=\"nofollow noopener\" target=\"_blank\">Mattia Proietti<\/a>.El jovenc\u00edsimo corredor italiano de 18 a\u00f1os lo tiene todo para triunfar como estrella del ciclismo. Aunque a\u00fan le queda mucho desarrollo por delante, las se\u00f1ales son claras: es el <a href=\"https:\/\/ciclismoaldia.es\/ciclismo\/las-2-perlas-italianas-que-lideraran-el-nuevo-equipo-sub-23-de-movistar-team-en-2026\" target=\"_self\" rel=\"nofollow noopener\">proyecto m\u00e1s ambicioso<\/a> del filial de <a href=\"https:\/\/ciclismoaldia.es\/movistar-team\" title=\"Movistar Team\" rel=\"nofollow noopener\" target=\"_blank\">Movistar Team<\/a>. Ha corrido las dos \u00faltimas temporadas para el Team Franco Ballerini, y estar\u00e1 otros 2 a\u00f1os en el sub 23 de la &#8216;M&#8217; antes de dar el salto final al World Tour.El curso 2025 de Mattia Proietti estaba siendo <a href=\"https:\/\/www.procyclingstats.com\/rider\/mattia-proietti-gagliardoni#goog_rewarded\" target=\"_blank\" rel=\"nofollow noopener\">incre\u00edble<\/a>. Con 5 victorias y dos podios en clasificaciones generales, apuntaba a un ilusionante debut en el Mundial de Kigali. Sin embargo, una intervenci\u00f3n quir\u00fargica provoc\u00f3 que no pudiese disputar ni el campeonato del mundo ni el Europeo de Dr\u00f4me-Ard\u00e8che.Pero eso no impidi\u00f3 que los equipos World Tour se fijaran en \u00e9l. De hecho, antes de firmar por Movistar Team en el <a href=\"https:\/\/ciclismoaldia.es\/mercado-ciclista\" title=\"Mercado Ciclista\" rel=\"nofollow noopener\" target=\"_blank\">mercado ciclista<\/a>, tambi\u00e9n mostraron un fuerte inter\u00e9s tanto Lidl-Trek como Jayco AlUla, dos gigantes del pelot\u00f3n. Por eso se siente como uno de los grandes fichajes de los \u00faltimos a\u00f1os para el equipo telef\u00f3nico.<img decoding=\"async\" width=\"500\" height=\"280\" loading=\"lazy\" src=\"https:\/\/www.europesays.com\/es\/wp-content\/uploads\/2025\/11\/movistar-6903dbf7675be.jpg@webp.webp\" class=\"w-auto h-auto\" alt=\"Movistar Team ha hecho uno de los fichajes m\u00e1s prometedores del mundo\"\/><\/p>\n<p>Movistar Team ha hecho uno de los fichajes m\u00e1s prometedores del mundo<\/p>\n<p>La ambici\u00f3n de Proietti con Movistar TeamJustamente Mattia Proeitti ha concedido recientemente una entrevista a <a href=\"https:\/\/bici.pro\/news\/giovani\/proietti-gagliardoni-altro-figlio-gentili-pronto-decollo\/\" target=\"_blank\" rel=\"nofollow noopener\">bici.pro<\/a>, en la que habl\u00f3 sobre sus pasos antes de la llegada a Movistar Team y lo que espera en los dos a\u00f1os en el filial (Movistar Team Academy).<\/p>\n<p>\u00abSin duda, he crecido mucho. El primer a\u00f1o fue todo un descubrimiento. Me adapt\u00e9 enseguida a las nuevas distancias y consegu\u00ed buenos resultados, como el 2\u00ba puesto en el campeonato de Italia. Me clasifiqu\u00e9 bien en las competiciones nacionales, pero no fui muy constante, porque no estaba acostumbrado a grandes cargas de trabajo, as\u00ed que me cost\u00f3 un poco\u00bb, comenz\u00f3 se\u00f1alando.<\/p>\n<p>Tambi\u00e9n se le pregunt\u00f3 sobre el proyecto que le ha propuesto el equipo Movistar para aceptar la propuesta tan r\u00e1pido:<\/p>\n<p>\u00abMe dijeron que ten\u00eda que hacer 2 a\u00f1os de crecimiento en el equipo. Ya tendr\u00e9 tiempo para madurar y competir a nivel profesional. Por ahora ya hemos hecho una concentraci\u00f3n para conocernos con los entrenadores y personal. Nos han dado una bici nueva, que es muy importante. Es id\u00e9ntica a la World Tour\u00bb.<\/p>\n<p>\u00abEstoy deseando que llegue el momento de competir. Mi deseo es intentar disputar algunas carreras por etapas importantes, como el Giro de Italia o el Tour del Porvenir\u00bb, sentenci\u00f3 un Mattia Proietti que sin duda tiene claro cu\u00e1les son sus 2 principales objetivos en sus primeros a\u00f1os con Movistar Team.<\/p>\n","protected":false},"excerpt":{"rendered":"El futuro del equipo Movistar se presenta tan apasionante como intenso. La escuadra telef\u00f3nico abre a partir de&hellip;\n","protected":false},"author":2,"featured_media":220345,"comment_status":"","ping_status":"","sticky":false,"template":"","format":"standard","meta":{"footnotes":""},"categories":[273],"tags":[313,312,168,25,24,23,167],"class_list":{"0":"post-220344","1":"post","2":"type-post","3":"status-publish","4":"format-standard","5":"has-post-thumbnail","7":"category-ciclismo","8":"tag-ciclismo","9":"tag-cycling","10":"tag-deportes","11":"tag-es","12":"tag-espana","13":"tag-spain","14":"tag-sports"},"share_on_mastodon":{"url":"https:\/\/pubeurope.com\/@es\/115498813191775041","error":""},"_links":{"self":[{"href":"https:\/\/www.europesays.com\/es\/wp-json\/wp\/v2\/posts\/220344","targetHints":{"allow":["GET"]}}],"collection":[{"href":"https:\/\/www.europesays.com\/es\/wp-json\/wp\/v2\/posts"}],"about":[{"href":"https:\/\/www.europesays.com\/es\/wp-json\/wp\/v2\/types\/post"}],"author":[{"embeddable":true,"href":"https:\/\/www.europesays.com\/es\/wp-json\/wp\/v2\/users\/2"}],"replies":[{"embeddable":true,"href":"https:\/\/www.europesays.com\/es\/wp-json\/wp\/v2\/comments?post=220344"}],"version-history":[{"count":0,"href":"https:\/\/www.europesays.com\/es\/wp-json\/wp\/v2\/posts\/220344\/revisions"}],"wp:featuredmedia":[{"embeddable":true,"href":"https:\/\/www.europesays.com\/es\/wp-json\/wp\/v2\/media\/220345"}],"wp:attachment":[{"href":"https:\/\/www.europesays.com\/es\/wp-json\/wp\/v2\/media?parent=220344"}],"wp:term":[{"taxonomy":"category","embeddable":true,"href":"https:\/\/www.europesays.com\/es\/wp-json\/wp\/v2\/categories?post=220344"},{"taxonomy":"post_tag","embeddable":true,"href":"https:\/\/www.europesays.com\/es\/wp-json\/wp\/v2\/tags?post=220344"}],"curies":[{"name":"wp","href":"https:\/\/api.w.org\/{rel}","templated":true}]}}