{"id":220364,"date":"2025-11-05T19:58:10","date_gmt":"2025-11-05T19:58:10","guid":{"rendered":"https:\/\/www.europesays.com\/es\/220364\/"},"modified":"2025-11-05T19:58:10","modified_gmt":"2025-11-05T19:58:10","slug":"google-presenta-el-proyecto-suncatcher-con-el-que-quiere-llevar-la-ia-al-espacio","status":"publish","type":"post","link":"https:\/\/www.europesays.com\/es\/220364\/","title":{"rendered":"Google presenta el \u00abProyecto Suncatcher\u00bb, con el que quiere llevar la IA al espacio"},"content":{"rendered":"<p>Google ha presentado este martes el <strong>\u00abProyecto Suncatcher\u00bb<\/strong>, una nueva iniciativa de investigaci\u00f3n para, \u00abalg\u00fan d\u00eda, <strong>escalar el aprendizaje autom\u00e1tico en el espacio<\/strong>\u00ab, ha explicado la tecnol\u00f3gica estadounidense en un comunicado.<\/p>\n<p>\u00abPartiendo de este futuro potencial, exploramos c\u00f3mo una red interconectada de sat\u00e9lites alimentados por energ\u00eda solar, equipados con nuestros chips de IA de Unidad de Procesamiento Tensorial (TPU),<strong> podr\u00eda aprovechar toda la energ\u00eda del Sol\u00bb<\/strong>, asegura.<\/p>\n<p>El siguiente paso en este proyecto es una misi\u00f3n de aprendizaje en colaboraci\u00f3n con Planet para <strong>lanzar dos sat\u00e9lites prototipo a principios de 2027. <\/strong><\/p>\n<p>\u00abEstos sat\u00e9lites pondr\u00e1n a prueba nuestro hardware en \u00f3rbita, <strong>sentando las bases para una futura era de computaci\u00f3n espacial a gran escala<\/strong>\u00ab, a\u00f1ade.<\/p>\n<p>La tecnol\u00f3gica estadounidense asegura que ya ha comenzado \u00aba trabajar en las bases necesarias para hacer posible este futuro\u00bb, y lo hace con la inspiraci\u00f3n de \u00ab<strong>otros proyectos ambiciosos de Google, como los veh\u00edculos aut\u00f3nomos y la computaci\u00f3n cu\u00e1ntica\u00bb<\/strong>.<\/p>\n<p>\u00abNos entusiasma que este sea un campo de exploraci\u00f3n en auge, y nuestra investigaci\u00f3n inicial, presentada hoy en un art\u00edculo preliminar, <strong>describe nuestro enfoque para el dise\u00f1o<\/strong>, el control y la comunicaci\u00f3n de constelaciones de sat\u00e9lites, as\u00ed como nuestros primeros aprendizajes derivados de las pruebas de radiaci\u00f3n de las TPU de Google\u00bb, concluye.<\/p>\n","protected":false},"excerpt":{"rendered":"Google ha presentado este martes el \u00abProyecto Suncatcher\u00bb, una nueva iniciativa de investigaci\u00f3n para, \u00abalg\u00fan d\u00eda, escalar el&hellip;\n","protected":false},"author":2,"featured_media":220365,"comment_status":"","ping_status":"","sticky":false,"template":"","format":"standard","meta":{"footnotes":""},"categories":[81],"tags":[2571,2572,56071,119,123,124,25,10558,24,5003,10484,2782,5568,2615,117,121,122,23,58742,118,120],"class_list":{"0":"post-220364","1":"post","2":"type-post","3":"status-publish","4":"format-standard","5":"has-post-thumbnail","7":"category-ciencia-y-tecnologia","8":"tag-categoryall","9":"tag-categorycompany-news","10":"tag-categorysectorial-technology-services","11":"tag-ciencia","12":"tag-ciencia-y-tecnologia","13":"tag-cienciaytecnologia","14":"tag-es","15":"tag-espacio","16":"tag-espana","17":"tag-google","18":"tag-llevar","19":"tag-presenta","20":"tag-proyecto","21":"tag-quiere","22":"tag-science","23":"tag-science-and-technology","24":"tag-scienceandtechnology","25":"tag-spain","26":"tag-suncatcher","27":"tag-technology","28":"tag-tecnologia"},"share_on_mastodon":{"url":"https:\/\/pubeurope.com\/@es\/115498864046383828","error":""},"_links":{"self":[{"href":"https:\/\/www.europesays.com\/es\/wp-json\/wp\/v2\/posts\/220364","targetHints":{"allow":["GET"]}}],"collection":[{"href":"https:\/\/www.europesays.com\/es\/wp-json\/wp\/v2\/posts"}],"about":[{"href":"https:\/\/www.europesays.com\/es\/wp-json\/wp\/v2\/types\/post"}],"author":[{"embeddable":true,"href":"https:\/\/www.europesays.com\/es\/wp-json\/wp\/v2\/users\/2"}],"replies":[{"embeddable":true,"href":"https:\/\/www.europesays.com\/es\/wp-json\/wp\/v2\/comments?post=220364"}],"version-history":[{"count":0,"href":"https:\/\/www.europesays.com\/es\/wp-json\/wp\/v2\/posts\/220364\/revisions"}],"wp:featuredmedia":[{"embeddable":true,"href":"https:\/\/www.europesays.com\/es\/wp-json\/wp\/v2\/media\/220365"}],"wp:attachment":[{"href":"https:\/\/www.europesays.com\/es\/wp-json\/wp\/v2\/media?parent=220364"}],"wp:term":[{"taxonomy":"category","embeddable":true,"href":"https:\/\/www.europesays.com\/es\/wp-json\/wp\/v2\/categories?post=220364"},{"taxonomy":"post_tag","embeddable":true,"href":"https:\/\/www.europesays.com\/es\/wp-json\/wp\/v2\/tags?post=220364"}],"curies":[{"name":"wp","href":"https:\/\/api.w.org\/{rel}","templated":true}]}}