{"id":220373,"date":"2025-11-05T20:07:10","date_gmt":"2025-11-05T20:07:10","guid":{"rendered":"https:\/\/www.europesays.com\/es\/220373\/"},"modified":"2025-11-05T20:07:10","modified_gmt":"2025-11-05T20:07:10","slug":"estoy-bien-con-no-ganar-mas","status":"publish","type":"post","link":"https:\/\/www.europesays.com\/es\/220373\/","title":{"rendered":"Estoy bien con no ganar m\u00e1s"},"content":{"rendered":"<p class=\"article-text\">\n        Este lunes volvi\u00f3 a ganar en el torneo<strong> ATP de Atenas<\/strong> y, adem\u00e1s, a lo grande, remontando un partido ante <strong>Botic Van de Zandschulp<\/strong> que iba perdiendo para un definitivo 2-6, 7-6 y 7-5 para citarse en segunda ronda ante <strong>Lorenzo Musetti<\/strong>. La atenci\u00f3n volv\u00eda a fijarse en <strong>Stan Wawrinka<\/strong>, que a sus 40 a\u00f1os sigue en activo y sin haber anunciado una <a href=\"https:\/\/www.eldiario.es\/spin\/deportes\/retira-ultimos-tenistas-activo-etapa-dorada-nadal-gano-mejor-partido-vida-gael-monfils-pm_1_12652061.html\" data-mrf-recirculation=\"links-noticia\" class=\"link\" rel=\"nofollow noopener\" target=\"_blank\">retirada<\/a> de forma oficial.\n    <\/p>\n<p>    <a href=\"https:\/\/www.eldiario.es\/spin\/deportes\/retira-ultimos-tenistas-activo-etapa-dorada-nadal-gano-mejor-partido-vida-gael-monfils-pm_1_12652061.html\" data-mrf-recirculation=\"saber-mas\" data-dl-event=\"saber-mas\" rel=\"nofollow noopener\" target=\"_blank\"><\/p>\n<p class=\"know-more__title\">Se retira uno de los \u00faltimos tenistas en activo de la etapa dorada: Nadal le gan\u00f3 en el \u00abmejor partido\u00bb de su vida<\/p>\n<p>            <img decoding=\"async\" class=\"lazy\" loading=\"lazy\" data-src=\"https:\/\/static.eldiario.es\/clip\/b92e9a57-dc55-4f56-8118-0be5073f9eff_16-9-aspect-ratio_default_0.jpg\" src=\"data:image\/svg+xml,%3Csvg xmlns=\" http:=\"\" viewbox=\"0 0 880 495\" alt=\"Se retira uno de los \u00faltimos tenistas en activo de la etapa dorada: Nadal le gan\u00f3 en el &quot;mejor partido&quot; de su vida\"\/><\/p>\n<p>                        <\/a><\/p>\n<p class=\"article-text\">\n        El tenista suizo parece lejos de su mejor momento, en el que compiti\u00f3 de t\u00fa a t\u00fa ante <strong>Djokovic, Nadal y Federer<\/strong>, y se sit\u00faa fuera del top 150 del ranking con un balance de 23-22 en esta temporada, pero todo ello mostrando intenci\u00f3n de seguir y dando muestras de que le queda mucho tenis en sus piernas.\n    <\/p>\n<p>    Wawrinka no habla de retirada: \u201cLa pasi\u00f3n no se trata de resultados\u201d<\/p>\n<p class=\"article-text\">\n        A sus 40 a\u00f1os y lejos de estar entre los mejores del ranking ATP, <strong>Wawrinka<\/strong> ha tenido que hacer frente a las cr\u00edticas y a los que no entienden que siga en activo, sobre todo con una trayectoria en la que fue capaz de ganar hasta tres <strong>Grand Slam<\/strong> en la \u00e9poca del llamado \u2018Big Three\u2019 que formaron <strong>Rafa Nadal<\/strong>, <a href=\"https:\/\/www.eldiario.es\/spin\/deportes\/djokovic-sobrevive-brutales-condiciones-shanghai-divisa-nuevo-titulo-retirada-sinner-pm_1_12659682.html\" data-mrf-recirculation=\"links-noticia\" class=\"link\" rel=\"nofollow noopener\" target=\"_blank\">Novak Djokovic<\/a> y <strong>Roger Federer.<\/strong>\n    <\/p>\n<blockquote class=\"twitter-tweet\" data-lang=\"es\"><p><a href=\"https:\/\/twitter.com\/X\/status\/1981820062458949655?ref_src=twsrc%5Etfw\" rel=\"nofollow noopener\" target=\"_blank\"><\/p><\/blockquote>\n<p class=\"article-text\">\n        Es por eso que ya hace unas semanas dedic\u00f3 una publicaci\u00f3n en redes sociales para explicar la raz\u00f3n por la que segu\u00eda jugando y aleg\u00f3 a la pasi\u00f3n, que describ\u00eda como \u201cUn fuerte gusto, deseo o devoci\u00f3n por una actividad\u201d, y a\u00f1ad\u00eda que \u201cs\u00e9 que, como deportista, a la gente le gusta creer que sabe cu\u00e1ndo es el momento de parar. Creen que, cuando uno envejece, cuando ya no juega al mismo nivel, no tiene la misma clasificaci\u00f3n ni el mismo resultado, debe parar\u201d.\n    <\/p>\n<p class=\"article-text\">\n        Al mismo tiempo, el tenista tambi\u00e9n hizo clara referencia a que lo importante no es la competici\u00f3n: \u201cLa pasi\u00f3n no siempre se trata de los resultados: se trata de superar tus l\u00edmites. Estoy bien con no ganar m\u00e1s un Grand Slam. Estoy bien con no estar m\u00e1s entre los 10 mejores. Pero me encanta el proceso de siempre superar mis propios l\u00edmites. S\u00e9 que el final de mi carrera llegar\u00e1 un d\u00eda, pero hasta entonces, siempre dar\u00e9 lo mejor de m\u00ed.\u201d\n    <\/p>\n<p>    Cuando Wawrinka logr\u00f3 superar a Nadal, Djokovic o Federer<\/p>\n<p class=\"article-text\">\n        Junto a <strong>Tomas Berdych y Jo-Wilfried Tsonga<\/strong>, Stan Wawrinka es uno de los tenistas que fue capaz de imponerse a los llamados \u2018Big Four\u2019 como fueron Nadal, Djokovic, Federer y Murray en torneos Grand Slam. En el caso del suizo, en concreto, venci\u00f3 una final en Australia a Rafa Nadal y dos finales, en Roland Garros y US Open a Novak Djokovic.\n    <\/p>\n<p class=\"article-text\">\n        Una trayectoria peculiar de Wawrinka, que se crio en una zona rural de Suiza de familia de origen checo y alem\u00e1n, y que fue una d\u00e9cada despu\u00e9s de su debut profesional cuando encontr\u00f3 su mejor versi\u00f3n a los 28 a\u00f1os, siendo en 2014 y 2015 cuando se dieron sus temporadas brillando en la \u00e9lite.\n    <\/p>\n<p class=\"article-text\">\n        De hecho, para el tenista suizo un punto de inflexi\u00f3n fue cuando perdi\u00f3 los octavos de final del Open de Australia ante Djokovic, en el que perdi\u00f3 12-10 en el tie break del \u00faltimo set y en el que se retir\u00f3 ovacionado por el p\u00fablico mientras era un mar de l\u00e1grimas. \u201cDespu\u00e9s del partido estaba destruido\u201d, reconoc\u00eda.\n    <\/p>\n<p>    <a href=\"https:\/\/www.eldiario.es\/spin\/deportes\/nitto-atp-finals-2025-fechas-horarios-grupos-juega-alcaraz-ver-partidos-television_1_12742220.html\" data-mrf-recirculation=\"saber-mas-abajo\" data-dl-event=\"saber-mas-abajo\" rel=\"nofollow noopener\" target=\"_blank\"><\/p>\n<p class=\"know-more__title\">Nitto ATP Finals 2025: fechas, horarios, grupos, cu\u00e1ndo juega Alcaraz y d\u00f3nde ver los partidos por televisi\u00f3n<\/p>\n<p>            <img decoding=\"async\" class=\"lazy\" loading=\"lazy\" data-src=\"https:\/\/static.eldiario.es\/clip\/38e8eb76-4c3f-4ab9-9a0a-dc6d40b5a0f9_16-9-aspect-ratio_default_0.jpg\" src=\"data:image\/svg+xml,%3Csvg xmlns=\" http:=\"\" viewbox=\"0 0 880 495\" alt=\"Nitto ATP Finals 2025: fechas, horarios, grupos, cu\u00e1ndo juega Alcaraz y d\u00f3nde ver los partidos por televisi\u00f3n\"\/><\/p>\n<p>                        <\/a><\/p>\n<p class=\"article-text\">\n        Este fue capaz de verlo como una oportunidad de resarcirse y al serbio lo dobleg\u00f3 hasta en dos ocasiones en finales de Grand Slam. En su carrera logr\u00f3 tambi\u00e9n una medalla de oro en los Juegos Ol\u00edmpicos de Pek\u00edn 2008 en dobles junto a Roger Federer y una<a href=\"https:\/\/www.eldiario.es\/spin\/deportes\/copa-davis-conoce-cuadro-final-posible-alcaraz-vs-sinner-horizonte-pm_1_12617136.html\" data-mrf-recirculation=\"links-noticia\" class=\"link\" rel=\"nofollow noopener\" target=\"_blank\"> Copa Davis<\/a> con Suiza tambi\u00e9n con este en 2014.\n    <\/p>\n<p>                                    <script async src=\"https:\/\/platform.twitter.com\/widgets.js\" charset=\"utf-8\"><\/script><\/p>\n","protected":false},"excerpt":{"rendered":"Este lunes volvi\u00f3 a ganar en el torneo ATP de Atenas y, adem\u00e1s, a lo grande, remontando un&hellip;\n","protected":false},"author":2,"featured_media":220374,"comment_status":"","ping_status":"","sticky":false,"template":"","format":"standard","meta":{"footnotes":""},"categories":[274],"tags":[11499,3418,988,4404,168,25,24,2678,1262,23,167,58743,327,6811,326,57404,28388],"class_list":{"0":"post-220373","1":"post","2":"type-post","3":"status-publish","4":"format-standard","5":"has-post-thumbnail","7":"category-tenis","8":"tag-11499","9":"tag-activo","10":"tag-anos","11":"tag-big","12":"tag-deportes","13":"tag-es","14":"tag-espana","15":"tag-pm","16":"tag-sigue","17":"tag-spain","18":"tag-sports","19":"tag-stan-wawrinka","20":"tag-tenis","21":"tag-tenista","22":"tag-tennis","23":"tag-three","24":"tag-vencer"},"share_on_mastodon":{"url":"https:\/\/pubeurope.com\/@es\/115498899742891293","error":""},"_links":{"self":[{"href":"https:\/\/www.europesays.com\/es\/wp-json\/wp\/v2\/posts\/220373","targetHints":{"allow":["GET"]}}],"collection":[{"href":"https:\/\/www.europesays.com\/es\/wp-json\/wp\/v2\/posts"}],"about":[{"href":"https:\/\/www.europesays.com\/es\/wp-json\/wp\/v2\/types\/post"}],"author":[{"embeddable":true,"href":"https:\/\/www.europesays.com\/es\/wp-json\/wp\/v2\/users\/2"}],"replies":[{"embeddable":true,"href":"https:\/\/www.europesays.com\/es\/wp-json\/wp\/v2\/comments?post=220373"}],"version-history":[{"count":0,"href":"https:\/\/www.europesays.com\/es\/wp-json\/wp\/v2\/posts\/220373\/revisions"}],"wp:featuredmedia":[{"embeddable":true,"href":"https:\/\/www.europesays.com\/es\/wp-json\/wp\/v2\/media\/220374"}],"wp:attachment":[{"href":"https:\/\/www.europesays.com\/es\/wp-json\/wp\/v2\/media?parent=220373"}],"wp:term":[{"taxonomy":"category","embeddable":true,"href":"https:\/\/www.europesays.com\/es\/wp-json\/wp\/v2\/categories?post=220373"},{"taxonomy":"post_tag","embeddable":true,"href":"https:\/\/www.europesays.com\/es\/wp-json\/wp\/v2\/tags?post=220373"}],"curies":[{"name":"wp","href":"https:\/\/api.w.org\/{rel}","templated":true}]}}