{"id":220402,"date":"2025-11-05T20:24:08","date_gmt":"2025-11-05T20:24:08","guid":{"rendered":"https:\/\/www.europesays.com\/es\/220402\/"},"modified":"2025-11-05T20:24:08","modified_gmt":"2025-11-05T20:24:08","slug":"la-jueza-de-la-dana-cita-como-testigos-a-seis-altos-cargos-de-mazon-y-al-dueno-de-el-ventorro-noticias-de-la-comunidad-valenciana","status":"publish","type":"post","link":"https:\/\/www.europesays.com\/es\/220402\/","title":{"rendered":"La jueza de la dana cita como testigos a seis altos cargos de Maz\u00f3n y al due\u00f1o de El Ventorro | Noticias de la Comunidad Valenciana"},"content":{"rendered":"<p class=\"\">La jueza de la dana estrecha el cerco sobre el president de la Generalitat Valenciana, <a href=\"https:\/\/elpais.com\/noticias\/carlos-mazon-guixot\/\" target=\"_self\" rel=\"nofollow noopener\" title=\"https:\/\/elpais.com\/noticias\/carlos-mazon-guixot\/\">Carlos Maz\u00f3n<\/a>. La magistrada de Catarroja (Valencia) que investiga penalmente la tragedia, Nuria Ruiz Tobarra, ha acordado citar como testigos a seis altos cargos del n\u00facleo duro del Ejecutivo valenciano y al due\u00f1o del restaurante El Ventorro, donde el dirigente pas\u00f3 casi cuatro horas el 29 de octubre de 2024, durante las inundaciones de la provincia de Valencia que dejaron 229 muertos, seg\u00fan una resoluci\u00f3n notificada este mi\u00e9rcoles. <\/p>\n<p class=\"\">La magistrada cita al s\u00edndic (portavoz) del PP en las Cortes Valencianas, Juanfran P\u00e9rez Llorca, <a href=\"https:\/\/elpais.com\/espana\/comunidad-valenciana\/2025-11-03\/tres-nombres-para-la-sucesion-de-mazon-perez-llorca-catala-y-mompo.html\" target=\"_self\" rel=\"nofollow noopener\" title=\"https:\/\/elpais.com\/espana\/comunidad-valenciana\/2025-11-03\/tres-nombres-para-la-sucesion-de-mazon-perez-llorca-catala-y-mompo.html\">que figura en la terna de posibles nombres para sustituir a Maz\u00f3n, despu\u00e9s de que este haya dimitido<\/a>. Adem\u00e1s, llama al secretario auton\u00f3mico de Presidencia, Jos\u00e9 Manuel Cuenca, la sombra del president. El secretario auton\u00f3mico Cayetano Garc\u00eda y el director general de Comunicaci\u00f3n, Francisco Gonz\u00e1lez, tambi\u00e9n acudir\u00e1n al juzgado. <\/p>\n<p class=\"\">La instructora quiere conocer la informaci\u00f3n que manej\u00f3 la principal imputada en la causa, la exconsejera de Justicia e Interior Salom\u00e9 Pradas, tras las conversaciones con estos altos cargos, que tambi\u00e9n hablaron con Maz\u00f3n. Y c\u00f3mo influy\u00f3 este flujo de datos en las decisiones del Cecopi, el \u00f3rgano de la Generalitat que coordin\u00f3 la crisis y desde donde se envi\u00f3 la alerta. Una notificaci\u00f3n que se col\u00f3 en los tel\u00e9fonos a las 20.11 horas, cuando la mayor\u00eda de los desaparecidos hab\u00eda muerto. Y que se ha convertido en la piedra angular de las pesquisas. <\/p>\n<p class=\"\">La jueza considera relevante la declaraci\u00f3n del portavoz popular P\u00e9rez Llorca. La magistrada recuerda que este mantuvo tres conversaciones la tarde de la riada con la exconsejera <a href=\"https:\/\/elpais.com\/noticias\/salome-pradas-ten\/\" target=\"_self\" rel=\"nofollow noopener\" title=\"https:\/\/elpais.com\/noticias\/salome-pradas-ten\/\">Pradas<\/a>. Las comunicaciones se registraron a las 18.57 (cuando se produjo una llamada perdida), las 18.58 (una comunicaci\u00f3n de 14 segundos) y las 18.59 (nueve segundos). Entonces, ya se hab\u00eda desbordado el barranco del Poyo, g\u00e9nesis de la cat\u00e1strofe, a la altura de municipios como Paiporta o Catarroja, donde la riada dej\u00f3, al menos, 56 y 25 muertos, respectivamente. Tras abandonar El Ventorro, Maz\u00f3n llam\u00f3 tambi\u00e9n dos veces a P\u00e9rez Llorca a las 18.57. <\/p>\n<p class=\"\">La instructora destaca que la cercan\u00eda entre el president y P\u00e9rez Llorca es tal que Pradas ten\u00eda guardado en su m\u00f3vil el n\u00famero de tel\u00e9fono del portavoz de las Cortes como \u201cJuanFran Maz\u00f3n\u201d.<\/p>\n<p class=\"\">Sobre Cuenca, el hombre de confianza del dimitido president, la magistrada expone para justificar su declaraci\u00f3n el incesante trasiego de llamadas con la exconsejera responsable de la emergencia. Pradas llam\u00f3 a Cuenca a las 12.53 tras decretarse las alertas hidrol\u00f3gicas en el r\u00edo Magro y el barranco del Poyo, que acab\u00f3 desbord\u00e1ndose. Y Cuenca le colg\u00f3. Despu\u00e9s, ambos restablecieron la comunicaci\u00f3n a las 13.19 y a las 18.48 horas. <\/p>\n<p class=\"\">La magistrada tambi\u00e9n considera clave la comparecencia del director general de Comunicaci\u00f3n, Francisco Gonz\u00e1lez. Tras charlar con Maz\u00f3n a las 18.25, Pradas le llam\u00f3 por tel\u00e9fono. Habl\u00f3 con \u00e9l un minuto y, despu\u00e9s, el president volvi\u00f3 a comunicar con la exconsejera desde El Ventorro. El asesor de prensa llam\u00f3 a Maz\u00f3n m\u00e1s tarde, a las 18.48. La comunicaci\u00f3n se registr\u00f3 poco antes de que el jefe del Consell iniciase un periodo de incomunicaci\u00f3n de 37 minutos (18.57 y 19.34). <\/p>\n<p class=\"\">La jueza tambi\u00e9n llama como testigo a Josep Lanuza, el asesor de Maz\u00f3n que le acompa\u00f1\u00f3 cuando el president lleg\u00f3 al Cecopi en L\u2019Eliana (Valencia) tras su extensa sobremesa en el restaurante, donde estuvo con la periodista Maribel Vilaplana. La llegada del bar\u00f3n popular se produjo a las 20.28, 17 minutos despu\u00e9s del env\u00edo de la alerta masiva a m\u00f3viles. La directora de Prensa de Presidencia, Mar\u00eda Teresa G\u00f3mez Noguera, tambi\u00e9n desfilar\u00e1 como testigo. La instructora considera que pudo escuchar alg\u00fan dato importante sobre las conversaciones que Pradas mantuvo con Maz\u00f3n antes de que se enviara el aviso a los tel\u00e9fonos cuando la mayor\u00eda de las v\u00edctimas mortales ya hab\u00eda fallecido. <\/p>\n<p class=\"\">El foco de la jueza tambi\u00e9n apunta al due\u00f1o de El Ventorro. La citaci\u00f3n de este empresario llega despu\u00e9s de que Maribel Vilaplana declarar\u00e1 este lunes en el juzgado, donde compareci\u00f3 como testigo, que <a href=\"https:\/\/elpais.com\/espana\/comunidad-valenciana\/2025-11-05\/aclarado-el-misterio-de-lo-que-firmo-mazon-en-el-ventorro-el-dia-de-la-dana-unas-becas-para-deportistas-de-elite.html\" target=\"_self\" rel=\"nofollow noopener\" title=\"https:\/\/elpais.com\/espana\/comunidad-valenciana\/2025-11-05\/aclarado-el-misterio-de-lo-que-firmo-mazon-en-el-ventorro-el-dia-de-la-dana-unas-becas-para-deportistas-de-elite.html\">el propietario del establecimiento llev\u00f3 a Maz\u00f3n un sobre con unos documentos para que los firmara.<\/a> Y que el bar\u00f3n popular lo hizo. Un dato que revelar\u00eda que el dirigente ten\u00eda contacto con el exterior. <\/p>\n<p class=\"\">Para aprobar las declaraciones de estos testigos, una condici\u00f3n que obliga a decir la verdad en sede judicial, la magistrada acepta las peticiones de las acusaciones populares que ejercen en la causa el PSPV y Comprom\u00eds. Tambi\u00e9n admite que se incorpore al sumario, que suma ya 42 tomos, el documental \u00bfD\u00f3nde estaba Maz\u00f3n?, de Eldiario.es. La instructora, por contra, rechaza que se identifiquen a los escoltas que acompa\u00f1aron al president durante la jornada. <\/p>\n<p class=\"\">Las comparecencia del n\u00facleo duro de Maz\u00f3n y del due\u00f1o de El Ventorro se fijan despu\u00e9s del cambio de criterio impuesto en las pesquisas por la Audiencia Provincia de Valencia. El tribunal oblig\u00f3 hace dos semanas a la instructora de Catarroja a tomar declaraci\u00f3n a Vilaplana. Anteriormente, la jueza hab\u00eda negado esta diligencia con el argumento de que supondr\u00eda desplazar el foco de las pesquisas al president. Al ser aforado, Maz\u00f3n solo puede ser llamado a declarar por el Tribunal Superior de Justicia de Valencia (Tsjcv) tras la exposici\u00f3n razonada de la magistrada Ruiz Tobarra. <\/p>\n<p class=\"\">Desde el pasado marzo, tras la imputaci\u00f3n de Pradas y de quien fuera su segundo, el exdirector de Emergencias durante la riada, Emilio Arg\u00fceso, la magistrada ha ofrecido tres veces al jefe del Consell comparecer voluntariamente como investigado. Maz\u00f3n se ha negado. <\/p>\n<p>Informaci\u00f3n de la alerta en tiempo real<\/p>\n<p class=\"\">La acusaci\u00f3n popular <a href=\"https:\/\/elpais.com\/noticias\/gota-fria\/\" target=\"_self\" rel=\"nofollow noopener\" title=\"https:\/\/elpais.com\/noticias\/gota-fria\/\">que ejerce en la causa de la dana Acci\u00f3 Cultural del Pa\u00eds Valenci\u00e0<\/a> ha requerido a la magistrada de Catarroja (Valencia) que pida a la Generalitat informaci\u00f3n sobre un servicio de alertas en medios escritos y audiovisuales que reportaba datos en tiempo real a la c\u00fapula del Consell. Con este movimiento, Acci\u00f3 Cultural quiere desgranar el flujo de datos que manejaba el Gobierno de Carlos Maz\u00f3n mientras arreciaba la dana. Tambi\u00e9n pretenden conocer el nivel de comunicaci\u00f3n que tuvo el president durante las casi cuatro horas (15.00-18.45) que dur\u00f3 su almuerzo en el restaurante El Ventorro, donde mantuvo ocho conversaciones sobre la riada con dirigentes como la exconsejera de Justicia e Interior Salom\u00e9 Pradas, o el presidente de la Diputaci\u00f3n de Valencia, Vicente Momp\u00f3, del PP. <\/p>\n<p class=\"\">Seg\u00fan esta acusaci\u00f3n, Presidencia de la Generalitat ten\u00eda contratado un servicio con dos empresas. Una, le reportaba las alertas en radio y televisi\u00f3n. Y la otra, el resumen de prensa. Las firmas ten\u00edan por contrato que enviar informes casi en tiempo real a trav\u00e9s de WhatsApp u otras aplicaciones de mensajer\u00eda. <\/p>\n<p class=\"\">Acci\u00f3 Cultural pide a la jueza el pliego del contrato con estas empresas, qu\u00e9 medio utilizaban para notificar las alertas a la Generalitat y qui\u00e9nes las recib\u00edan. Tambi\u00e9n solicitan a la magistrada que reclame la copia de los mensajes remitidos a los altos cargos del Consell a trav\u00e9s de este servicio entre el 28 y el 29 de octubre de 2024, <a href=\"https:\/\/elpais.com\/noticias\/gota-fria\/\" target=\"_self\" rel=\"nofollow noopener\" title=\"https:\/\/elpais.com\/noticias\/gota-fria\/\">el d\u00eda de la dana<\/a>. <\/p>\n","protected":false},"excerpt":{"rendered":"La jueza de la dana estrecha el cerco sobre el president de la Generalitat Valenciana, Carlos Maz\u00f3n. La&hellip;\n","protected":false},"author":2,"featured_media":220403,"comment_status":"","ping_status":"","sticky":false,"template":"","format":"standard","meta":{"footnotes":""},"categories":[8],"tags":[17,18,2007,9865,242,1681,25,24,13,14,238,11,5128,4274,19,20,9,10,15,16,55278,23,12,493,21,22,235],"class_list":{"0":"post-220402","1":"post","2":"type-post","3":"status-publish","4":"format-standard","5":"has-post-thumbnail","7":"category-espana","8":"tag-breaking-news","9":"tag-breakingnews","10":"tag-carlos-mazon","11":"tag-catarroja","12":"tag-comunidad-valenciana","13":"tag-dana","14":"tag-es","15":"tag-espana","16":"tag-featured-news","17":"tag-featurednews","18":"tag-generalitat-valenciana","19":"tag-headlines","20":"tag-inundaciones","21":"tag-inundaciones-dana-octubre-2024","22":"tag-latest-news","23":"tag-latestnews","24":"tag-news","25":"tag-noticias","26":"tag-noticias-destacadas","27":"tag-noticiasdestacadas","28":"tag-salome-pradas","29":"tag-spain","30":"tag-titulares","31":"tag-tribunales","32":"tag-ultimas-noticias","33":"tag-ultimasnoticias","34":"tag-valencia"},"share_on_mastodon":{"url":"","error":"Validation failed: Text character limit of 500 exceeded"},"_links":{"self":[{"href":"https:\/\/www.europesays.com\/es\/wp-json\/wp\/v2\/posts\/220402","targetHints":{"allow":["GET"]}}],"collection":[{"href":"https:\/\/www.europesays.com\/es\/wp-json\/wp\/v2\/posts"}],"about":[{"href":"https:\/\/www.europesays.com\/es\/wp-json\/wp\/v2\/types\/post"}],"author":[{"embeddable":true,"href":"https:\/\/www.europesays.com\/es\/wp-json\/wp\/v2\/users\/2"}],"replies":[{"embeddable":true,"href":"https:\/\/www.europesays.com\/es\/wp-json\/wp\/v2\/comments?post=220402"}],"version-history":[{"count":0,"href":"https:\/\/www.europesays.com\/es\/wp-json\/wp\/v2\/posts\/220402\/revisions"}],"wp:featuredmedia":[{"embeddable":true,"href":"https:\/\/www.europesays.com\/es\/wp-json\/wp\/v2\/media\/220403"}],"wp:attachment":[{"href":"https:\/\/www.europesays.com\/es\/wp-json\/wp\/v2\/media?parent=220402"}],"wp:term":[{"taxonomy":"category","embeddable":true,"href":"https:\/\/www.europesays.com\/es\/wp-json\/wp\/v2\/categories?post=220402"},{"taxonomy":"post_tag","embeddable":true,"href":"https:\/\/www.europesays.com\/es\/wp-json\/wp\/v2\/tags?post=220402"}],"curies":[{"name":"wp","href":"https:\/\/api.w.org\/{rel}","templated":true}]}}