{"id":220410,"date":"2025-11-05T20:33:11","date_gmt":"2025-11-05T20:33:11","guid":{"rendered":"https:\/\/www.europesays.com\/es\/220410\/"},"modified":"2025-11-05T20:33:11","modified_gmt":"2025-11-05T20:33:11","slug":"he-hecho-todo-lo-posible-para-que-marco-justo-se-quedara","status":"publish","type":"post","link":"https:\/\/www.europesays.com\/es\/220410\/","title":{"rendered":"\u00abHe hecho todo lo posible para que Marco Justo se quedara\u00bb"},"content":{"rendered":"<p><strong>Vicen\u00e7 Palmer<\/strong>, presidente del Palmer Basket, ha expresado este mi\u00e9rcoles la sorpresa que supuso la dimisi\u00f3n de Marco Justo como t\u00e9cnico del equipo y ha relatado que hizo \u00abtodo lo posible\u00bb para que se quedara. El m\u00e1ximo responsable del conjunto mallorqu\u00edn, que agradecido la labor desarrollada por el preparador, ha defendido que el club \u00ab<strong>en ning\u00fan caso se hab\u00eda planteado prescindir de \u00e9l\u00bb <\/strong>y ha se\u00f1alado que el grupo est\u00e1 enfocado en seguir adelante.<\/p>\n<p>El presidente ha relatado que, tras el partido contra Zamora, mantuvo un encuentro con<strong> el director deportivo, Juanan Serra y el t\u00e9cnico Marco Justo <\/strong>para valorar la situaci\u00f3n y ver qu\u00e9 estaba pasando con el equipo despu\u00e9s de la imagen que se dio en ese partido y tambi\u00e9n frente al Oviedo. \u00abEl <strong>lunes por la noche, la directiva se reuni\u00f3 con el entrenador y antes que cualquier cosa somos personas, y vi a alguien que por una decisi\u00f3n propia y familiar, lo mejor era dar un paso al lado, algo que a mi me sorprendi\u00f3 mucho ya que no esperaba que se produjera<\/strong> una dimisi\u00f3n tan r\u00e1pida teniendo en cuenta en el punto de la temporada en el que estamos\u00bb, ha explicado Vicen\u00e7 Palmer.<\/p>\n<p>\u00abEl martes tuvimos una <strong>nueva reuni\u00f3n con Marco y hice todo lo posible para que se quedara en el banquillo ya que se pod\u00eda revertir la situaci\u00f3n<\/strong>. Le dije que nosotros le quer\u00edamos dentro del proyecto, <strong>que en ning\u00fan caso la entidad se hab\u00eda planteado prescindir de \u00e9l<\/strong>, todo lo contrario, que ten\u00edamos muy claro que deb\u00edamos tomar unas decisiones totalmente necesarias para dar un paso adelante y poder competir y estamos en esa situaci\u00f3n para seguir mejorando\u00bb, subray\u00f3 el presidente.<\/p>\n<p>Un Vicen\u00e7 Palmer que solo ha tenido palabras de agradecimiento hacia la figura del entrenador que les dio el ascenso la temporada pasada a la categor\u00eda de plata del <a href=\"https:\/\/www.ultimahora.es\/etiqueta\/baloncesto.html?utm_source=Inline-tag&amp;utm_medium=internal\" rel=\"nofollow noopener\" target=\"_blank\">baloncesto<\/a> espa\u00f1ol. \u00abEs un d\u00eda y situaci\u00f3n complicada para todos, ha dimitido un entrenador que ha sido muy importante en este a\u00f1o y medio que ha estado con nosotros. <strong>Marco Justo ha sido alguien excepcional tanto como entrenador como persona desde que lleg\u00f3 a la isla, quer\u00edamos un t\u00e9cnico de proyecto y as\u00ed se le traslad\u00f3 desde el primer d\u00eda, \u00e9l profesionaliz\u00f3 el club<\/strong> y el equipo y por ese motivo se consigue el ascenso a <a href=\"https:\/\/www.ultimahora.es\/etiqueta\/Primera+FEB.html?utm_source=Inline-tag&amp;utm_medium=internal\" rel=\"nofollow noopener\" target=\"_blank\">Primera FEB<\/a>. Hemos vivido una de la mayores gestas de la historia de la entidad y que siempre estar\u00e1 escrita en letras de oro, as\u00ed que solo tengo palabras de agradecimiento hacia \u00e9l, por la extraordinaria persona que es y su profesionalidad que tambi\u00e9n ha sido y es excelente\u00bb, explic\u00f3.<\/p>\n<p>Una dimisi\u00f3n que llegaba de forma inesperada para la directiva de la entidad que se estrena este a\u00f1o en Primera FEB. \u00ab<strong>Cuando ves la persona y no el entrenador, que la decisi\u00f3n que ha tomado es irrevocable, que ya no se ve con fuerzas de seguir adelante, aunque no comparta la decisi\u00f3n, la tengo y debemos respetarla<\/strong>. Marco, en un acto de valent\u00eda dimite, no es f\u00e1cil despu\u00e9s de todo lo que has hecho, tienes que tener fuerza para hacerlo. Por parte del club, solo tenemos palabras de agradecimiento por su honestidad y su persona y todo lo que nos ha dado\u00bb, reconoci\u00f3 Palmer.<\/p>\n<p>Una comparecencia en la que Marco Justo deb\u00eda acudir, pero por motivos personales decidi\u00f3 ausentarse. \u00ab<strong>La idea era que estuviera en esta rueda de prensa, pero una vez por motivos personales no ha podido ser<\/strong>. Ahora hay que poner las luces largas para ir hacia delante en todo lo que queda de temporada\u00bb, dijo.<\/p>\n<p>Sobre el nuevo entrenador no ha querido avanzar nada sobre el nuevo t\u00e9cnico que puede sentarse en el banquillo del Palmer Basket. \u00ab<strong>Es complicado ahora, tenemos claro el perfil que queremos, convocaremos para presentar el nuevo entrenador pero queremos respetar y centrarnos en Marco<\/strong>\u00bb, concluy\u00f3.<\/p>\n<p>Por su parte, el director deportivo del club, Juanan Serra, explicaba que hay factores a mejorar en cuanto a plantilla se refiere para dar un paso adelante, pero tambi\u00e9n explica que los jugadores pueden dar m\u00e1s de si mismos para revertir la situaci\u00f3n. \u00ab<strong>Tenemos un equipo que necesita detalles de mejora para llegar a ser competitivos, el equipo en si puede dar una mejor versi\u00f3n<\/strong>. La competici\u00f3n nos est\u00e1 dando unos avisos de que hay que mejorar, pero el grupo es muy bueno y necesitan ese voto de confianza. Ellos mismos tambi\u00e9n trasladan que hay que hacer incorporaciones para dar unos salto que nos permita dar ese paso m\u00e1s, y estamos en ello ya que es un mercado muy complicado\u00bb, afirm\u00f3 Serra.<\/p>\n<p>Una dimisi\u00f3n que llega por un c\u00famulo de factores que han sido el detonante de esta dimisi\u00f3n. \u00abEn la confecci\u00f3n de la plantilla nos faltaba presencia f\u00edsica e interior. Lo que creemos que ha pasado es que con toda la mala racha pues el entrenador se ha visto sobrepasado e incapaz de revertir la situaci\u00f3n y no se ve\u00eda con energ\u00eda. <strong>En un acto de honestidad, cuando no te ves en la condici\u00f3n de darle la vuelta, lo mira, lo ves y no puedes tirar hacia delante, aunque nos duela hay que respetarlo y aceptarlo<\/strong>\u00bb, explic\u00f3.<\/p>\n<p>Un inicio de temporada en la que se incorporaban ciertos jugadores de los que se esperaba un rendimiento inmediato el cual no se ha producido por diversos factores. \u00ab<strong>Desde la direcci\u00f3n deportiva tambi\u00e9n esperamos que los jugadores den o dieran un paso adelante.<\/strong> Cuando fichamos a seg\u00fan que jugadores esperas un rendimiento, as\u00ed lo declaraba Marco, que tiene ese gran punto de exigencia. <strong>El toque de atenci\u00f3n que dio sobre Matt y Tray que hizo Marco antes de Zamora me pareci\u00f3 perfecta ya que fue desde el respeto<\/strong>\u00bb, confes\u00f3 Serra.<\/p>\n<p>Finalmente, el director deportivo habl\u00f3 de como han recibido la noticia los jugadores. \u00abHay diferentes situaciones, jugadores que llevan todo el proceso con Marco y otros que poco. <strong>Tuvimos una reuni\u00f3n con todos y est\u00e1n ese punto de la despedida del que fue entrenador, pero ya enfocados en lo siguiente<\/strong>\u00bb, concluy\u00f3.<\/p>\n","protected":false},"excerpt":{"rendered":"Vicen\u00e7 Palmer, presidente del Palmer Basket, ha expresado este mi\u00e9rcoles la sorpresa que supuso la dimisi\u00f3n de Marco&hellip;\n","protected":false},"author":2,"featured_media":220411,"comment_status":"","ping_status":"","sticky":false,"template":"","format":"standard","meta":{"footnotes":""},"categories":[269],"tags":[299,298,168,25,24,301,832,833,830,831,829,3917,23,167],"class_list":{"0":"post-220410","1":"post","2":"type-post","3":"status-publish","4":"format-standard","5":"has-post-thumbnail","7":"category-baloncesto","8":"tag-baloncesto","9":"tag-basketball","10":"tag-deportes","11":"tag-es","12":"tag-espana","13":"tag-eurobasket","14":"tag-eurocup","15":"tag-euroliga","16":"tag-leb-oro","17":"tag-liga-acb","18":"tag-palmer-basket-mallorca","19":"tag-primera-feb","20":"tag-spain","21":"tag-sports"},"share_on_mastodon":{"url":"https:\/\/pubeurope.com\/@es\/115499001756292768","error":""},"_links":{"self":[{"href":"https:\/\/www.europesays.com\/es\/wp-json\/wp\/v2\/posts\/220410","targetHints":{"allow":["GET"]}}],"collection":[{"href":"https:\/\/www.europesays.com\/es\/wp-json\/wp\/v2\/posts"}],"about":[{"href":"https:\/\/www.europesays.com\/es\/wp-json\/wp\/v2\/types\/post"}],"author":[{"embeddable":true,"href":"https:\/\/www.europesays.com\/es\/wp-json\/wp\/v2\/users\/2"}],"replies":[{"embeddable":true,"href":"https:\/\/www.europesays.com\/es\/wp-json\/wp\/v2\/comments?post=220410"}],"version-history":[{"count":0,"href":"https:\/\/www.europesays.com\/es\/wp-json\/wp\/v2\/posts\/220410\/revisions"}],"wp:featuredmedia":[{"embeddable":true,"href":"https:\/\/www.europesays.com\/es\/wp-json\/wp\/v2\/media\/220411"}],"wp:attachment":[{"href":"https:\/\/www.europesays.com\/es\/wp-json\/wp\/v2\/media?parent=220410"}],"wp:term":[{"taxonomy":"category","embeddable":true,"href":"https:\/\/www.europesays.com\/es\/wp-json\/wp\/v2\/categories?post=220410"},{"taxonomy":"post_tag","embeddable":true,"href":"https:\/\/www.europesays.com\/es\/wp-json\/wp\/v2\/tags?post=220410"}],"curies":[{"name":"wp","href":"https:\/\/api.w.org\/{rel}","templated":true}]}}