{"id":220416,"date":"2025-11-05T20:36:13","date_gmt":"2025-11-05T20:36:13","guid":{"rendered":"https:\/\/www.europesays.com\/es\/220416\/"},"modified":"2025-11-05T20:36:13","modified_gmt":"2025-11-05T20:36:13","slug":"donde-queda-el-edificio-mas-alto-de-sudamerica-mide-300-metros-tiene-62-pisos-y-ofrece-vistas-increibles-de-una-importante-ciudad","status":"publish","type":"post","link":"https:\/\/www.europesays.com\/es\/220416\/","title":{"rendered":"D\u00f3nde queda el edificio m\u00e1s alto de Sudam\u00e9rica: mide 300 metros, tiene 62 pisos y ofrece vistas incre\u00edbles de una importante ciudad"},"content":{"rendered":"<p>El pa\u00eds que alberga otros rascacielos notables, como Titanium La Portada y la Torre Telef\u00f3nica, tambi\u00e9n cuenta con la construcci\u00f3n que m\u00e1s impone en el continente.<\/p>\n<p><a class=\"link\" href=\"https:\/\/www.canal26.com\/redactor\/canal-26\/\" target=\"_self\" rel=\"nofollow noopener\"><img src=\"https:\/\/www.europesays.com\/es\/wp-content\/uploads\/2025\/11\/https:\/\/canal26-canal26-prod.web.arc-cdn.net\/resizer\/HFTTyvsQqjm6YWwnyZiA7J4_ETY=\/arc-photo-canal26\/.png\" alt=\"Canal 26\" class=\"global-image twoxl-1-1 xl-1-1 lg-1-1 md-1-1 sm-1-1 xsm-1-1\" decoding=\"async\"   fetchpriority=\"low\" loading=\"lazy\"\/><\/a><img src=\"https:\/\/www.europesays.com\/es\/wp-content\/uploads\/2025\/11\/NGR3MJS67BBNDBH5F25MM6HXHY.png\" alt=\"El edificio m\u00e1s alto de Sudam\u00e9rica.\" class=\"global-image twoxl-16-9 xl-16-9 lg-16-9 md-16-9 sm-16-9 xsm-16-9\" decoding=\"async\"   fetchpriority=\"high\" loading=\"eager\"\/>El edificio m\u00e1s alto de Sudam\u00e9rica. Foto: Pelli Clarke &amp; Partners <\/p>\n<p class=\"article-body__paragraph\">El edificio m\u00e1s alto de <a href=\"https:\/\/www.canal26.com\/internacionales\/2025\/11\/02\/inauguraran-el-tren-mas-rapido-de-sudamerica-alcanzara-una-velocidad-de-350-kmh-y-conectara-dos-ciudades-muy-importantes\/\" target=\"_blank\" rel=\"noreferrer nofollow noopener\" title=\"https:\/\/www.canal26.com\/internacionales\/2025\/11\/02\/inauguraran-el-tren-mas-rapido-de-sudamerica-alcanzara-una-velocidad-de-350-kmh-y-conectara-dos-ciudades-muy-importantes\/\">Am\u00e9rica del Sur<\/a> no es una obra arquitect\u00f3nica m\u00e1s. Con <b>300 metros de altura y 62 pisos<\/b>, el rascacielos integra oficinas, hoteles, locales comerciales y una plataforma de observaci\u00f3n que permite disfrutar de vistas panor\u00e1micas de una ciudad espectacular y la cordillera de los Andes, consolid\u00e1ndose como <a href=\"https:\/\/www.canal26.com\/turismo\/2025\/06\/22\/las-5-esquinas-mas-iconicas-de-buenos-aires-rincones-que-deslumbran-con-su-historia-y-encanto\/\" target=\"_blank\" rel=\"noreferrer nofollow noopener\" title=\"https:\/\/www.canal26.com\/turismo\/2025\/06\/22\/las-5-esquinas-mas-iconicas-de-buenos-aires-rincones-que-deslumbran-con-su-historia-y-encanto\/\">un \u00edcono urbano y tur\u00edstico<\/a>.<\/p>\n<p class=\"article-body__paragraph\">Se trata de la <b>Gran Torre Costanera<\/b>, ubicada en<b> Santiago de Chile<\/b>. Inaugurada oficialmente en 2014, su presencia modific\u00f3 por completo el perfil arquitect\u00f3nico de la ciudad. Su construcci\u00f3n represent\u00f3 un verdadero desaf\u00edo de ingenier\u00eda: gracias a la combinaci\u00f3n de concreto reforzado y acero estructural, el edificio fue dise\u00f1ado para mantener su estabilidad ante sismos y fuertes vientos, asegurando as\u00ed su resistencia y durabilidad.<\/p>\n<p><img src=\"https:\/\/www.europesays.com\/es\/wp-content\/uploads\/2025\/11\/5XV7A7ZH4RE43PAJREQTH4QP4A.png\" alt=\"\" class=\"global-image twoxl-377-600 xl-377-600 lg-377-600 md-377-600 sm-377-600 xsm-377-600\" decoding=\"async\"   fetchpriority=\"low\" loading=\"lazy\"\/>Gran Torre Costanera. Foto: Pelli Clarke &amp; Partners <\/p>\n<p class=\"article-body__paragraph\">El edificio forma parte del complejo<b> Costanera Center<\/b>, que incluye un centro comercial y otras torres, centralizando comercio, oficinas y servicios en un solo espacio urbano. Cada d\u00eda, decenas de miles de personas transitan el lugar, consolidando al rascacielos como un referente para visitantes y habitantes de la ciudad.<\/p>\n<p class=\"article-body__paragraph\">Adem\u00e1s de su funci\u00f3n comercial y residencial, la Gran Torre Costanera se convirti\u00f3 en<b> un atractivo tur\u00edstico<\/b>. Su plataforma de observaci\u00f3n permite a los visitantes contemplar la ciudad desde las alturas, mientras que su imponente dise\u00f1o arquitect\u00f3nico lo posiciona entre los edificios m\u00e1s destacados del mundo en cuanto a altura y modernidad.<\/p>\n<p>Tambi\u00e9n podr\u00eda interesarte<\/p>\n<p class=\"article-body__paragraph\">A nivel global, la Gran Torre Costanera se encuentra lejos de los gigantes como el <b>Burj Khalifa <\/b>en Dub\u00e1i (828 metros) o la <b>Shanghai Tower<\/b> (632), pero lidera en Sudam\u00e9rica, marcando un nuevo est\u00e1ndar en la regi\u00f3n y consolidando a Santiago como un centro urbano moderno y competitivo en arquitectura.<\/p>\n<p>El mirador m\u00e1s alto de Sudam\u00e9rica se encuentra en Chile<\/p>\n<p class=\"article-body__paragraph\">El mirador m\u00e1s alto de Sudam\u00e9rica se encuentra en Chile, dentro de la imponente Gran Torre Costanera, en Santiago. Se trata del <b>Sky Costanera<\/b>, un observatorio ubicado a 300 metros de altura que ofrece <b>vistas panor\u00e1micas de 360 grados<\/b> de la capital chilena y de la majestuosa cordillera de los Andes.<\/p>\n<p><img src=\"https:\/\/www.europesays.com\/es\/wp-content\/uploads\/2025\/11\/QGAZMF47RNAJ5PTAORFUG5BRNI.png\" alt=\"\" class=\"global-image twoxl-3-2 xl-3-2 lg-3-2 md-3-2 sm-3-2 xsm-3-2\" decoding=\"async\"   fetchpriority=\"low\" loading=\"lazy\"\/>El mirador m\u00e1s alto de Sudam\u00e9rica. Foto: Pelli Clarke &amp; Partners <\/p>\n<p class=\"article-body__paragraph\">El acceso se realiza mediante <b>ascensores de alta velocidad<\/b>, lo que permite alcanzar la cima en pocos segundos. Adem\u00e1s, el complejo cuenta con un <b>restaurante, espacio para eventos y servicio de fotograf\u00eda<\/b>, lo que lo convierte en una experiencia completa tanto para turistas como para locales.<\/p>\n<p class=\"article-body__paragraph\">Durante la visita, los visitantes pueden disfrutar de <b>vistas \u00fanicas de d\u00eda y de noche<\/b>, apreciando desde el paisaje urbano hasta el r\u00edo y las monta\u00f1as que rodean la ciudad. En el piso 62 se encuentra una <b>terraza al aire libre<\/b>, dise\u00f1ada para canalizar el agua de lluvia y permitir disfrutar del mirador sin techo. <\/p>\n<p class=\"article-body__paragraph\">Ubicado en el coraz\u00f3n financiero de Santiago, conocido como \u201c<b>Sanhattan<\/b>\u201d, el Sky Costanera funciona generalmente de <b>10:00 a 21:00<\/b>.<\/p>\n","protected":false},"excerpt":{"rendered":"El pa\u00eds que alberga otros rascacielos notables, como Titanium La Portada y la Torre Telef\u00f3nica, tambi\u00e9n cuenta con&hellip;\n","protected":false},"author":2,"featured_media":220417,"comment_status":"","ping_status":"","sticky":false,"template":"","format":"standard","meta":{"footnotes":""},"categories":[173],"tags":[229,233,231,230,2047,232,234,1155,146,147,25,24,23,2573],"class_list":{"0":"post-220416","1":"post","2":"type-post","3":"status-publish","4":"format-standard","5":"has-post-thumbnail","7":"category-arte-y-diseno","8":"tag-arte","9":"tag-arte-y-diseno","10":"tag-arts","11":"tag-arts-and-design","12":"tag-chile","13":"tag-design","14":"tag-diseno","15":"tag-edificio","16":"tag-entertainment","17":"tag-entretenimiento","18":"tag-es","19":"tag-espana","20":"tag-spain","21":"tag-sudamerica"},"share_on_mastodon":{"url":"https:\/\/pubeurope.com\/@es\/115499013542369579","error":""},"_links":{"self":[{"href":"https:\/\/www.europesays.com\/es\/wp-json\/wp\/v2\/posts\/220416","targetHints":{"allow":["GET"]}}],"collection":[{"href":"https:\/\/www.europesays.com\/es\/wp-json\/wp\/v2\/posts"}],"about":[{"href":"https:\/\/www.europesays.com\/es\/wp-json\/wp\/v2\/types\/post"}],"author":[{"embeddable":true,"href":"https:\/\/www.europesays.com\/es\/wp-json\/wp\/v2\/users\/2"}],"replies":[{"embeddable":true,"href":"https:\/\/www.europesays.com\/es\/wp-json\/wp\/v2\/comments?post=220416"}],"version-history":[{"count":0,"href":"https:\/\/www.europesays.com\/es\/wp-json\/wp\/v2\/posts\/220416\/revisions"}],"wp:featuredmedia":[{"embeddable":true,"href":"https:\/\/www.europesays.com\/es\/wp-json\/wp\/v2\/media\/220417"}],"wp:attachment":[{"href":"https:\/\/www.europesays.com\/es\/wp-json\/wp\/v2\/media?parent=220416"}],"wp:term":[{"taxonomy":"category","embeddable":true,"href":"https:\/\/www.europesays.com\/es\/wp-json\/wp\/v2\/categories?post=220416"},{"taxonomy":"post_tag","embeddable":true,"href":"https:\/\/www.europesays.com\/es\/wp-json\/wp\/v2\/tags?post=220416"}],"curies":[{"name":"wp","href":"https:\/\/api.w.org\/{rel}","templated":true}]}}