{"id":220432,"date":"2025-11-05T20:46:10","date_gmt":"2025-11-05T20:46:10","guid":{"rendered":"https:\/\/www.europesays.com\/es\/220432\/"},"modified":"2025-11-05T20:46:10","modified_gmt":"2025-11-05T20:46:10","slug":"mamdani-gana-la-alcaldia-de-nueva-york-en-una-gran-noche-electoral-para-los-democratas","status":"publish","type":"post","link":"https:\/\/www.europesays.com\/es\/220432\/","title":{"rendered":"Mamdani gana la alcald\u00eda de Nueva York en una gran noche electoral para los dem\u00f3cratas"},"content":{"rendered":"<p>    <img src=\"https:\/\/www.europesays.com\/es\/wp-content\/uploads\/2025\/11\/2025-11-05T033A323A01Z-90280621.jpg\" width=\"1024\" height=\"682\" alt=\"\" loading=\"eager\" decoding=\"sync\" fetchpriority=\"high\"\/><\/p>\n<p>            afp_tickers        <\/p>\n<p>        Este contenido fue publicado en    <\/p>\n<p>        05 noviembre 2025 &#8211; 20:43\n<\/p>\n<p>Nueva York eligi\u00f3 el martes al izquierdista musulm\u00e1n Zohran Mamdani como su nuevo alcalde y los dem\u00f3cratas ganaron dos importantes gobernaciones estatales, una advertencia temprana al presidente Donald Trump antes de las elecciones legislativas de medio mandato en 2026.<\/p>\n<p>La victoria de Mamdani ocurre en medio de feroces ataques a sus propuestas pol\u00edticas y a su confesi\u00f3n religiosa por parte del presidente republicano, las \u00e9lites empresariales y los medios conservadores.<\/p>\n<p>Los dem\u00f3cratas tambi\u00e9n ganaron las gobernaciones en Virginia y Nueva Jersey, resultado que esboza un cambio en el \u00e1nimo pol\u00edtico del pa\u00eds, que en 2026 ir\u00e1 a las urnas con el control del Congreso en juego.<\/p>\n<p>Mamdani, legislador estatal de Nueva York por Queens, se autodenomina socialista.<\/p>\n<p>En un bar de Brooklyn en la noche del martes, un grupo de seguidores de Mamdami estall\u00f3 de alegr\u00eda cuando empezaron a conocerse los resultados.\u00a0<\/p>\n<p>Para Michelle Dimuzio, de 37 a\u00f1os, lo que cal\u00f3 m\u00e1s hondo fue la promesa de Mamdani de hacer la vida para los neoyorquinos m\u00e1s asequible, la principal de su campa\u00f1a.\u00a0<\/p>\n<p>\u00abSe mantiene fiel a su mensaje\u00bb, defiende Dimuzio, y \u00abno trae simplemente el t\u00edpico mensaje pol\u00edtico\u00bb.\u00a0<\/p>\n<p>\u2013 \u00abDerrotar\u00bb a Trump \u2013<\/p>\n<p>El alcalde electo de 34 a\u00f1os, el m\u00e1s joven en ocupar el cargo en m\u00e1s de un siglo, dijo el martes que su triunfo muestra el camino para \u00abderrotar\u00bb al presidente Trump.<\/p>\n<p>\u00abSi alguien puede mostrar a una naci\u00f3n traicionada por Donald Trump c\u00f3mo derrotarlo, es la ciudad que lo vio nacer\u00bb, dijo Mamdani en un discurso de victoria. \u00abEn este momento de oscuridad pol\u00edtica, Nueva York ser\u00e1 la luz\u00bb, agreg\u00f3.<\/p>\n<p>Nacido en Uganda en una familia de origen indio y naturalizado estadounidense, Mamdani era virtualmente desconocido antes de ganar la nominaci\u00f3n dem\u00f3crata frente al exgobernador Andrew Cuomo, a quien volvi\u00f3 a vencer el martes.<\/p>\n<p>La participaci\u00f3n fue alta en las elecciones de este a\u00f1o, con 2,06 millones de votos, m\u00e1s que en los comicios de 2021.<\/p>\n<p>\u2013 \u00abDesaf\u00edo\u00bb de izquierda \u2013<\/p>\n<p>Trump hab\u00eda hecho una intervenci\u00f3n de \u00faltima hora en medio de los comicios para calificar a Mamdani, que asumir\u00e1 su cargo en enero, de \u00abenemigo de los jud\u00edos\u00bb y llam\u00f3 \u00abest\u00fapido\u00bb a quien votara por \u00e9l.<\/p>\n<p>Horas despu\u00e9s, incluso el ministro israel\u00ed de la Di\u00e1spora, Amichai Chikli, tild\u00f3 al alcalde electo de \u00abpartidario\u00bb del grupo islamista Ham\u00e1s.<\/p>\n<p>Chikli a\u00f1adi\u00f3 que las opiniones de Mamdani \u00abno distan mucho de las de los fan\u00e1ticos yihadistas que, hace 25 a\u00f1os, asesinaron a 3.000 de sus propios ciudadanos\u00bb, en referencia a los atentados perpetrados por Al Qaida el 11 de septiembre de 2001 en Nueva York y Washington.<\/p>\n<p>Tras conocer los resultados, Trump se sacudi\u00f3 del rev\u00e9s electoral republicano.<\/p>\n<p>\u00ab\u2018Trump no estaba en la boleta y el cierre del gobierno fueron las dos razones por las que los republicanos perdieron las elecciones esta noche\u2019, seg\u00fan encuestadores\u00bb, escribi\u00f3 en su plataforma Truth Social.\u00a0<\/p>\n<p>Tambi\u00e9n figuras del mundo empresarial, incluyendo al famoso gestor de fondos Bill Ackman, atacaron ruidosamente a Mamdani y canalizaron dinero hacia sus rivales, mientras medios conservadores fueron cr\u00edticos con su campa\u00f1a.<\/p>\n<p>El ascenso improbable de Mamdani destac\u00f3, adem\u00e1s, un debate dentro del Partido Dem\u00f3crata sobre un futuro centrista o izquierdista, con algunas figuras nacionales prominentes ofreciendo solo respaldos tibios a Mamdani antes de las votaciones.<\/p>\n<p>Cuomo, exgobernador y rival de Mamdani, dijo que hab\u00eda \u00abuna guerra civil en el Partido Dem\u00f3crata\u00bb.\u00a0<\/p>\n<p>\u00abHay una izquierda radical extrema, dirigida por socialistas, que desaf\u00eda a lo que ellos llamar\u00edan dem\u00f3cratas moderados. Yo soy un dem\u00f3crata moderado\u00bb, declar\u00f3 despu\u00e9s de votar.<\/p>\n<p>\u2013 Victoria en Nueva Jersey, Virginia y California \u2013<\/p>\n<p>Si bien Mamdani ha acaparado los titulares, las elecciones a la gobernaci\u00f3n de Nueva Jersey y Virginia tambi\u00e9n son indicadores del clima pol\u00edtico, casi diez meses despu\u00e9s del regreso de Trump a la Casa Blanca.\u00a0<\/p>\n<p>La congresista dem\u00f3crata Mikie Sherrill gan\u00f3 la gobernaci\u00f3n de Nueva Jersey, seg\u00fan proyectaron medios estadounidenses.<\/p>\n<p>Sherrill, una expiloto de la Marina que se apoy\u00f3 en sus credenciales de seguridad nacional, derrot\u00f3 al empresario republicano y exasamble\u00edsta estatal Jack Ciattarelli, respaldado por Trump.<\/p>\n<p>Y en Virginia, la dem\u00f3crata Abigail Spanberger fue elegida gobernadora del estado.\u00a0<\/p>\n<p>Spanberger, exagente de la CIA de 46 a\u00f1os, era la gran favorita en las encuestas para convertirse en la primera mujer gobernadora de este estado de la costa este, dirigido por el republicano Glenn Youngkin en los \u00faltimos cuatro a\u00f1os.<\/p>\n<p>En otra victoria significativa para los dem\u00f3cratas, los votantes de California tambi\u00e9n aprobaron una propuesta para redise\u00f1ar los distritos electorales en un intento por neutralizar los esfuerzos de manipulaci\u00f3n electoral ordenados por Trump en otros estados, que le habr\u00edan dado ventaja en las legislativas de 2026.<\/p>\n<p>\u00abTodav\u00eda tenemos mucho trabajo por hacer, pero el futuro parece un poco m\u00e1s brillante\u00bb, reaccion\u00f3 el expresidente dem\u00f3crata Barack Obama.<\/p>\n<p>gw-bur\/sms\/atm\/mel\/mr\/ad\/db\/mvl\/cjc\/arm\/jvb\/mr\/mel<\/p>\n","protected":false},"excerpt":{"rendered":"afp_tickers Este contenido fue publicado en 05 noviembre 2025 &#8211; 20:43 Nueva York eligi\u00f3 el martes al izquierdista&hellip;\n","protected":false},"author":2,"featured_media":220433,"comment_status":"","ping_status":"","sticky":false,"template":"","format":"standard","meta":{"footnotes":""},"categories":[42],"tags":[17,18,82,9516,84,6654,13,14,11,61,62,63,64,19,20,87,9,10,15,16,88,90,12,21,22,46872,65,66,67],"class_list":{"0":"post-220432","1":"post","2":"type-post","3":"status-publish","4":"format-standard","5":"has-post-thumbnail","7":"category-internacional","8":"tag-breaking-news","9":"tag-breakingnews","10":"tag-business","11":"tag-economic-indicator","12":"tag-economy-general","13":"tag-election","14":"tag-featured-news","15":"tag-featurednews","16":"tag-headlines","17":"tag-internacional","18":"tag-international","19":"tag-international-news","20":"tag-internationalnews","21":"tag-latest-news","22":"tag-latestnews","23":"tag-macro-economics","24":"tag-news","25":"tag-noticias","26":"tag-noticias-destacadas","27":"tag-noticiasdestacadas","28":"tag-politics","29":"tag-ticker","30":"tag-titulares","31":"tag-ultimas-noticias","32":"tag-ultimasnoticias","33":"tag-voting","34":"tag-world","35":"tag-world-news","36":"tag-worldnews"},"share_on_mastodon":{"url":"https:\/\/pubeurope.com\/@es\/115499053395432737","error":""},"_links":{"self":[{"href":"https:\/\/www.europesays.com\/es\/wp-json\/wp\/v2\/posts\/220432","targetHints":{"allow":["GET"]}}],"collection":[{"href":"https:\/\/www.europesays.com\/es\/wp-json\/wp\/v2\/posts"}],"about":[{"href":"https:\/\/www.europesays.com\/es\/wp-json\/wp\/v2\/types\/post"}],"author":[{"embeddable":true,"href":"https:\/\/www.europesays.com\/es\/wp-json\/wp\/v2\/users\/2"}],"replies":[{"embeddable":true,"href":"https:\/\/www.europesays.com\/es\/wp-json\/wp\/v2\/comments?post=220432"}],"version-history":[{"count":0,"href":"https:\/\/www.europesays.com\/es\/wp-json\/wp\/v2\/posts\/220432\/revisions"}],"wp:featuredmedia":[{"embeddable":true,"href":"https:\/\/www.europesays.com\/es\/wp-json\/wp\/v2\/media\/220433"}],"wp:attachment":[{"href":"https:\/\/www.europesays.com\/es\/wp-json\/wp\/v2\/media?parent=220432"}],"wp:term":[{"taxonomy":"category","embeddable":true,"href":"https:\/\/www.europesays.com\/es\/wp-json\/wp\/v2\/categories?post=220432"},{"taxonomy":"post_tag","embeddable":true,"href":"https:\/\/www.europesays.com\/es\/wp-json\/wp\/v2\/tags?post=220432"}],"curies":[{"name":"wp","href":"https:\/\/api.w.org\/{rel}","templated":true}]}}