{"id":220484,"date":"2025-11-05T21:24:10","date_gmt":"2025-11-05T21:24:10","guid":{"rendered":"https:\/\/www.europesays.com\/es\/220484\/"},"modified":"2025-11-05T21:24:10","modified_gmt":"2025-11-05T21:24:10","slug":"a-punt-zanja-la-investigacion-de-la-filtracion-de-los-videos-del-cecopi-el-sistema-no-detecta-quien-accede-al-material","status":"publish","type":"post","link":"https:\/\/www.europesays.com\/es\/220484\/","title":{"rendered":"\u00c0 Punt zanja la investigaci\u00f3n de la filtraci\u00f3n de los v\u00eddeos del Cecopi: el sistema no detecta qui\u00e9n accede al material"},"content":{"rendered":"<p>\u00c0 Punt ha cerrado la investigaci\u00f3n abierta para determinar al autor o autores de la supuesta filtraci\u00f3n a Televisi\u00f3n Espa\u00f1ola (TVE) de los v\u00eddeos grabados  &#8230; en el Cecopi. Este material, conocido en el sector period\u00edstico como mudos porque se omite el audio, fue difundido de manera sorpresiva en un informativo de la cadena estatal. En esas im\u00e1genes se observaba a Salom\u00e9 Pradas pedir que el Es Alert incluyera la referencia a las redes sociales. La jueza de la dana interpret\u00f3 esa referencia como algo de \u00abgran trascendencia\u00bb porque, seg\u00fan su criterio, contradec\u00eda lo que hab\u00eda declarado previamente respecto a que sigui\u00f3 las indicaciones de los t\u00e9cnicos. <\/p>\n<p class=\"v-p\">Aquello gener\u00f3 un enorme revuelo en \u00c0 Punt porque se interpret\u00f3 que la cadena auton\u00f3mica hab\u00eda ocultado ese material. Desde la televisi\u00f3n auton\u00f3mica explicaron que no pod\u00edan aportar voluntariamente esas im\u00e1genes porque no ten\u00edan autorizaci\u00f3n para su registro y podr\u00eda suponer una vulneraci\u00f3n del secreto profesional\u00ab. <\/p>\n<p class=\"v-p\">La filtraci\u00f3n gener\u00f3 un enorme enfado en la dirigencia de \u00c0 Punt, que decidi\u00f3 abrir una investigaci\u00f3n interna para averiguar las personas que accedieron al fichero y depurar responsabilidades. Personal t\u00e9cnico de la cadena ha realizad un an\u00e1lisis del sistema, del almacenamiento, de las copias que se hicieron de ese material y de todas las consultas o accesos. <\/p>\n<p class=\"v-p\">El fichero original fue distribuido en directo a trav\u00e9s de la red interna de \u00c0 Punt y tambi\u00e9n a la Federaci\u00f3n de Organismos de Radio y Televisi\u00f3n Auton\u00f3micos (FORTA). Este material estuvo disponible para su visionado y edici\u00f3n para m\u00faltiples usuarios. Adem\u00e1s, el sistema no permite vincular las consultas del material a una persona en concreto, seg\u00fan concluye la investigaci\u00f3n de la televisi\u00f3n auton\u00f3mica.<\/p>\n<p class=\"v-p\">Adem\u00e1s, se generaron dos copias del fichero original, lo que complicaba todav\u00eda m\u00e1s el \u00e9xito de las pesquisas. Una de ellas estaba destinada a documentaci\u00f3n. Y estuvieron disponibles para toda la redacci\u00f3n de informativos. De hecho, este contenido fue usado en m\u00e1s de 90 piezas informativas. La dana, como no pod\u00eda ser de otro modo, multiplic\u00f3 el tiempo dedicado a la informaci\u00f3n acerca del fen\u00f3meno meteorol\u00f3gico y sus consecuencias, en especial, las 229 v\u00edctimas mortales. <\/p>\n<p class=\"v-p\">En definitiva, la investigaci\u00f3n de la cadena p\u00fablica concluye que el sistema no registra de forma individualizada los accesos ni las ediciones realizadas por cada usuario sobre un fichero concreto. De tal forma que se no se puede reconstruir una trazabilidad sobre el archivo y los usuarios que lo consultaron o manipularon. El caso, que amenazaba con desembocar en los tribunales, se cierra de esta forma en el \u00e1mbito administrativo. <\/p>\n","protected":false},"excerpt":{"rendered":"\u00c0 Punt ha cerrado la investigaci\u00f3n abierta para determinar al autor o autores de la supuesta filtraci\u00f3n a&hellip;\n","protected":false},"author":2,"featured_media":220485,"comment_status":"","ping_status":"","sticky":false,"template":"","format":"standard","meta":{"footnotes":""},"categories":[171],"tags":[26519,37330,3319,146,147,25,24,19406,1294,15468,19344,7019,23,214,1018,29267],"class_list":{"0":"post-220484","1":"post","2":"type-post","3":"status-publish","4":"format-standard","5":"has-post-thumbnail","7":"category-tv","8":"tag-accede","9":"tag-cecopi","10":"tag-detecta","11":"tag-entertainment","12":"tag-entretenimiento","13":"tag-es","14":"tag-espana","15":"tag-filtracion","16":"tag-investigacion","17":"tag-material","18":"tag-punt","19":"tag-sistema","20":"tag-spain","21":"tag-tv","22":"tag-videos","23":"tag-zanja"},"share_on_mastodon":{"url":"https:\/\/pubeurope.com\/@es\/115499202393062312","error":""},"_links":{"self":[{"href":"https:\/\/www.europesays.com\/es\/wp-json\/wp\/v2\/posts\/220484","targetHints":{"allow":["GET"]}}],"collection":[{"href":"https:\/\/www.europesays.com\/es\/wp-json\/wp\/v2\/posts"}],"about":[{"href":"https:\/\/www.europesays.com\/es\/wp-json\/wp\/v2\/types\/post"}],"author":[{"embeddable":true,"href":"https:\/\/www.europesays.com\/es\/wp-json\/wp\/v2\/users\/2"}],"replies":[{"embeddable":true,"href":"https:\/\/www.europesays.com\/es\/wp-json\/wp\/v2\/comments?post=220484"}],"version-history":[{"count":0,"href":"https:\/\/www.europesays.com\/es\/wp-json\/wp\/v2\/posts\/220484\/revisions"}],"wp:featuredmedia":[{"embeddable":true,"href":"https:\/\/www.europesays.com\/es\/wp-json\/wp\/v2\/media\/220485"}],"wp:attachment":[{"href":"https:\/\/www.europesays.com\/es\/wp-json\/wp\/v2\/media?parent=220484"}],"wp:term":[{"taxonomy":"category","embeddable":true,"href":"https:\/\/www.europesays.com\/es\/wp-json\/wp\/v2\/categories?post=220484"},{"taxonomy":"post_tag","embeddable":true,"href":"https:\/\/www.europesays.com\/es\/wp-json\/wp\/v2\/tags?post=220484"}],"curies":[{"name":"wp","href":"https:\/\/api.w.org\/{rel}","templated":true}]}}