{"id":220492,"date":"2025-11-05T21:28:07","date_gmt":"2025-11-05T21:28:07","guid":{"rendered":"https:\/\/www.europesays.com\/es\/220492\/"},"modified":"2025-11-05T21:28:07","modified_gmt":"2025-11-05T21:28:07","slug":"tres-copas-de-alcohol-al-dia-pueden-provocar-hemorragias-cerebrales-severas-y-precoces-salud-y-bienestar","status":"publish","type":"post","link":"https:\/\/www.europesays.com\/es\/220492\/","title":{"rendered":"Tres copas de alcohol al d\u00eda pueden provocar hemorragias cerebrales severas y precoces | Salud y bienestar"},"content":{"rendered":"<p class=\"\">Una investigaci\u00f3n ha desentra\u00f1ado el <a href=\"https:\/\/elpais.com\/sociedad\/2025-05-12\/un-total-de-18-sociedades-medico-cientificas-se-unen-para-lanzar-un-mensaje-sobre-el-alcohol-no-existe-el-consumo-responsable.html\" target=\"_self\" rel=\"nofollow noopener\" title=\"https:\/\/elpais.com\/sociedad\/2025-05-12\/un-total-de-18-sociedades-medico-cientificas-se-unen-para-lanzar-un-mensaje-sobre-el-alcohol-no-existe-el-consumo-responsable.html\">preocupante v\u00ednculo detectado en EE UU entre el consumo intensivo de alcohol<\/a> y los infartos cerebrales m\u00e1s graves y tempranos. El estudio, que ha analizado a 1.600 pacientes hospitalizados por hemorragia cerebral, explica que quienes beben tres o m\u00e1s bebidas al d\u00eda sufren derrames cerebrales 11 a\u00f1os antes que <a href=\"https:\/\/elpais.com\/salud-y-bienestar\/2024-07-25\/no-beber-con-moderacion-no-alarga-la-vida-aunque-lo-digan-algunos-estudios.html\" target=\"_self\" rel=\"nofollow noopener\" title=\"https:\/\/elpais.com\/salud-y-bienestar\/2024-07-25\/no-beber-con-moderacion-no-alarga-la-vida-aunque-lo-digan-algunos-estudios.html\">quienes no consumen alcohol o lo hacen moderadamente.<\/a><\/p>\n<p class=\"\">La investigaci\u00f3n muestra que <a href=\"https:\/\/elpais.com\/ciencia\/2022-06-13\/el-estudio-de-un-centenar-de-afectados-por-ictus-desvela-el-circuito-del-desenganche-a-las-adicciones.html\" target=\"_self\" rel=\"nofollow noopener\" title=\"https:\/\/elpais.com\/ciencia\/2022-06-13\/el-estudio-de-un-centenar-de-afectados-por-ictus-desvela-el-circuito-del-desenganche-a-las-adicciones.html\">los pacientes con estos h\u00e1bitos de consumo llegan al hospital con hemorragias cerebrales<\/a> que, adem\u00e1s de ser hasta un 70% mayores, tienden a asentarse en zonas m\u00e1s profundas del cerebro, lo que compromete a\u00fan m\u00e1s su pron\u00f3stico. De hecho, son casi el doble de propensos a experimentar una combinaci\u00f3n particularmente peligrosa: el derrame se extiende a los ventr\u00edculos cerebrales, algo que los especialistas relacionan con peores tasas de recuperaci\u00f3n y mayor riesgo de discapacidad severa. El estudio <a href=\"http:\/\/dx.doi.org\/10.1212\/WNL.0000000000214348\" rel=\"nofollow noopener\" target=\"_blank\">se publica hoy en la revista Neurology<\/a>, de la Academia Estadounidense de Neurolog\u00eda.<\/p>\n<p class=\"\">\u201cLa hemorragia cerebral es una de las condiciones m\u00e1s letales e incapacitantes conocidas por el ser humano\u201d, afirma <a href=\"https:\/\/researchers.mgh.harvard.edu\/profile\/3296317\/Edip-Gurol\" rel=\"nofollow noopener\" target=\"_blank\">Edip Gurol<\/a>, autor principal del estudio e investigador del Departamento de Neurolog\u00eda de Hospital General de Massachusetts. \u201cAparecen de manera s\u00fabita, causan da\u00f1os graves y, a menudo, dejan a los pacientes con discapacidades que cambian sus vidas. Es una de las enfermedades m\u00e1s dif\u00edciles de superar\u201d, a\u00f1ade este investigador.<\/p>\n<p class=\"\">En su estudio, los cient\u00edficos definieron el consumo fuerte como la ingesta regular de tres o m\u00e1s bebidas alcoh\u00f3licas al d\u00eda, lo que equivale a unos 42 gramos de alcohol, como tres latas de cerveza o tres copas de vino. El an\u00e1lisis mostr\u00f3 una marcada diferencia de edad: <a href=\"https:\/\/elpais.com\/salud-y-bienestar\/2023-05-16\/se-puede-reducir-el-consumo-de-alcohol-en-espana-subiendo-su-precio-minimo.html\" target=\"_self\" rel=\"nofollow noopener\" title=\"https:\/\/elpais.com\/salud-y-bienestar\/2023-05-16\/se-puede-reducir-el-consumo-de-alcohol-en-espana-subiendo-su-precio-minimo.html\">los pacientes catalogados como bebedores fuertes<\/a> sufrieron el ictus a una edad promedio de 64 a\u00f1os. El resto de pacientes \u2014quienes beb\u00edan menos de tres copas o nada\u2014 sufrieron el ictus a una edad media de 75, con una diferencia de 11 a\u00f1os. A pesar de que la mayor\u00eda de los pacientes estudiados eran cauc\u00e1sicos, Gurol considera que los resultados son \u201cmuy generalizables\u201d a otras poblaciones, como los pacientes afroamericanos, hispanos o asi\u00e1ticos. <\/p>\n<p class=\"\">Para el neur\u00f3logo Jos\u00e9 Manuel Molt\u00f3, \u201cel trabajo es bueno y han recolectado datos de un n\u00famero importante de pacientes\u201d, aunque aclara que \u201cno han descubierto nada nuevo, sino que han sistematizado muy bien\u201d el estudio de un factor de riesgo que ya era conocido. Molt\u00f3, neur\u00f3logo en el Hospital Verge dels Lliris de Alcoi y miembro de la <a href=\"https:\/\/www.sen.es\/\" target=\"_blank\" rel=\"noreferrer nofollow noopener\" title=\"https:\/\/www.sen.es\/\">Sociedad Espa\u00f1ola de Neurolog\u00eda (SEN)<\/a>, cree que quiz\u00e1 los excesos del alcohol sobre el deterioro cognitivo o el h\u00edgado \u201csean m\u00e1s conocidos\u201d; as\u00ed que este estudio, en el que \u00e9l no ha participado, puede ayudar a entender mejor los impactos neurol\u00f3gicos del consumo de alcohol. <\/p>\n<p>No hay un consumo seguro<\/p>\n<p class=\"\">Molt\u00f3 matiza que, en el contexto espa\u00f1ol, \u201ctres consumos diarios, para mucha gente, no es elevado, aunque realmente lo sea\u201d. El experto cree que la debilidad de muchos estudios es el consumo autodeclarado, es decir, que son los pacientes quienes dicen cu\u00e1nto beben, y eso puede no corresponderse con la realidad. \u201cQuiz\u00e1 lo m\u00e1s importante es conocer si el h\u00e1bito es continuado\u201d, resalta.<\/p>\n<p class=\"\">El equipo autor del nuevo estudio tambi\u00e9n vincul\u00f3 el consumo excesivo con signos m\u00e1s graves de la llamada enfermedad de peque\u00f1o vaso (EPV), un da\u00f1o cr\u00f3nico en las arterias diminutas del cerebro que es un factor de riesgo clave tanto para el ictus como para el deterioro cognitivo. Los bebedores fuertes mostraron m\u00e1s del triple de probabilidades de presentar signos severos de da\u00f1o en la sustancia blanca del cerebro, un indicador de EPV avanzada. Los investigadores plantean que el alcohol act\u00faa por dos v\u00edas: elevando la presi\u00f3n arterial \u2014lo que da\u00f1a y debilita los vasos\u2014 y reduciendo el recuento de plaquetas \u2014lo que dificulta la coagulaci\u00f3n y la detenci\u00f3n de cualquier fuga\u2014. Seg\u00fan Molt\u00f3, esta afectaci\u00f3n de los peque\u00f1os vasos es un fen\u00f3meno \u201cmuy conocido, muy com\u00fan\u201d y se ha asociado tradicionalmente a otros factores de riesgo como \u201cla hipertensi\u00f3n y la diabetes\u201d.<\/p>\n<p class=\"\">Todo esto sugiere que<a href=\"https:\/\/elpais.com\/salud-y-bienestar\/2024-07-25\/no-beber-con-moderacion-no-alarga-la-vida-aunque-lo-digan-algunos-estudios.html\" target=\"_blank\" rel=\"noreferrer nofollow noopener\" title=\"https:\/\/elpais.com\/salud-y-bienestar\/2024-07-25\/no-beber-con-moderacion-no-alarga-la-vida-aunque-lo-digan-algunos-estudios.html\"> no existe un consumo totalmente seguro de alcohol<\/a>. \u201cMinimizar o dejar de beber alcohol es un paso importante para reducir riesgo\u201d, dice Gurol. \u201cIncluso para las personas que tienen un riesgo relativamente bajo de hemorragia cerebral, limitar el consumo de alcohol a no m\u00e1s de tres copas por semana puede ser una medida eficaz para protegerse contra todo tipo de ictus y preservar tanto la salud cerebral como la cardiovascular\u201d, a\u00f1ade. Molt\u00f3 coincide en que el consumo moderado de alcohol \u201cno tiene ning\u00fan efecto beneficioso\u201d comprobado y que reducirlo debe ser parte de una estrategia integral de prevenci\u00f3n. \u201cSe puede hacer mucho para prevenir tanto el ictus como el deterioro cognitivo, controlando la tensi\u00f3n, la diabetes y reduciendo el consumo de alcohol a una cantidad muy peque\u00f1a\u201d, concluye Molt\u00f3, a\u00f1adiendo esta pauta a un estilo de vida saludable y activo.<\/p>\n","protected":false},"excerpt":{"rendered":"Una investigaci\u00f3n ha desentra\u00f1ado el preocupante v\u00ednculo detectado en EE UU entre el consumo intensivo de alcohol y&hellip;\n","protected":false},"author":2,"featured_media":220493,"comment_status":"","ping_status":"","sticky":false,"template":"","format":"standard","meta":{"footnotes":""},"categories":[92],"tags":[4030,7587,58753,25494,1293,25,24,165,6297,31367,11289,166,1452,23],"class_list":{"0":"post-220492","1":"post","2":"type-post","3":"status-publish","4":"format-standard","5":"has-post-thumbnail","7":"category-salud","8":"tag-adicciones","9":"tag-alcoholismo","10":"tag-consumo-alcohol","11":"tag-derrame-cerebral","12":"tag-enfermedades","13":"tag-es","14":"tag-espana","15":"tag-health","16":"tag-hepatitis","17":"tag-infarto-cerebral","18":"tag-neurologia","19":"tag-salud","20":"tag-salud-publica","21":"tag-spain"},"share_on_mastodon":{"url":"https:\/\/pubeurope.com\/@es\/115499218013762265","error":""},"_links":{"self":[{"href":"https:\/\/www.europesays.com\/es\/wp-json\/wp\/v2\/posts\/220492","targetHints":{"allow":["GET"]}}],"collection":[{"href":"https:\/\/www.europesays.com\/es\/wp-json\/wp\/v2\/posts"}],"about":[{"href":"https:\/\/www.europesays.com\/es\/wp-json\/wp\/v2\/types\/post"}],"author":[{"embeddable":true,"href":"https:\/\/www.europesays.com\/es\/wp-json\/wp\/v2\/users\/2"}],"replies":[{"embeddable":true,"href":"https:\/\/www.europesays.com\/es\/wp-json\/wp\/v2\/comments?post=220492"}],"version-history":[{"count":0,"href":"https:\/\/www.europesays.com\/es\/wp-json\/wp\/v2\/posts\/220492\/revisions"}],"wp:featuredmedia":[{"embeddable":true,"href":"https:\/\/www.europesays.com\/es\/wp-json\/wp\/v2\/media\/220493"}],"wp:attachment":[{"href":"https:\/\/www.europesays.com\/es\/wp-json\/wp\/v2\/media?parent=220492"}],"wp:term":[{"taxonomy":"category","embeddable":true,"href":"https:\/\/www.europesays.com\/es\/wp-json\/wp\/v2\/categories?post=220492"},{"taxonomy":"post_tag","embeddable":true,"href":"https:\/\/www.europesays.com\/es\/wp-json\/wp\/v2\/tags?post=220492"}],"curies":[{"name":"wp","href":"https:\/\/api.w.org\/{rel}","templated":true}]}}