{"id":220497,"date":"2025-11-05T21:32:07","date_gmt":"2025-11-05T21:32:07","guid":{"rendered":"https:\/\/www.europesays.com\/es\/220497\/"},"modified":"2025-11-05T21:32:07","modified_gmt":"2025-11-05T21:32:07","slug":"francia-ordena-la-suspension-temporal-de-shein-por-el-escandalo-de-las-munecas-sexuales-expansion","status":"publish","type":"post","link":"https:\/\/www.europesays.com\/es\/220497\/","title":{"rendered":"Francia ordena la suspensi\u00f3n temporal de Shein por el esc\u00e1ndalo de las mu\u00f1ecas sexuales &#8211; Expansi\u00f3n"},"content":{"rendered":"<ol>\n<li><a href=\"https:\/\/news.google.com\/rss\/articles\/CBMikgFBVV95cUxNRUdzbHV6aHVsNU56WThZWE1NMS1yUl94aXd6T3NrTGQydnBDaGYwYmdqX2RuR1V0MnVFal9KZTJRU3dZcUVNbWxqZFZIdnhMcVdsVm9CbGFELWJvb1E4VWlNbEFKYkRTSFFZc3d2MVBWbHFkMWhWaDVSX0dFWTdoeHVQZXlXQnZaOWJLSEJuSmZpZ9IBkgFBVV95cUxPbXA2Y1JHVWZPOVUzZFJMRkRkVnMwNWxJUXU1R01RWm9taWcyZUo3NFJvd2M0X1dJYXJlTlZIaWo2al8yUHJQNWFfVnVib0drckRXalprVElGQl9Ddm1WRTJERHZ1Qy1KQmQ2TzFJZVEyeW43VHB4V2t2bmt5RTI4a0kxU0dRYnM0eU5RbjdXbkptUQ?oc=5\" target=\"_blank\" rel=\"nofollow noopener\">Francia ordena la suspensi\u00f3n temporal de Shein por el esc\u00e1ndalo de las mu\u00f1ecas sexuales<\/a>&nbsp;&nbsp;Expansi\u00f3n<\/li>\n<li><a href=\"https:\/\/news.google.com\/rss\/articles\/CBMi9AFBVV95cUxQLVN5XzlDNTN4WU1zTWZvUWJBTXI3OEplaTRqS1Q1M2xOb3VQdWtnenJZVko1TTh1XzhHUTNHV3dybmZ4SEZGSmtoQlZsRzF0enptMlZlOVF6VEU1b1RfNW1xMnVqM0hETHQzc09Ub21vdko3NDZtOF9adlB4bDRGTWNhTW9ZMG9rOEYxd2ZnRWxyT3Q4QzRVODhMeFdFUlJEcnpESXpldXZnOHJFM1FvUGJua2NsYkF5Nm1nQUdNcUtBajBZOUVqbkFsTk14LUF2dUtGMWxfaHp2WXRSNHdVUW4yWThlTklBQzJyUUo1QXh4QUY3?oc=5\" target=\"_blank\" rel=\"nofollow noopener\">Francia ordena suspender el acceso a la plataforma Shein por el esc\u00e1ndalo de las mu\u00f1ecas sexuales con aspecto de ni\u00f1as<\/a>&nbsp;&nbsp;EL PA\u00cdS<\/li>\n<li><a href=\"https:\/\/news.google.com\/rss\/articles\/CBMiswFBVV95cUxQb2RiXzdPWWFELTlmMzZhWDUxN1M0Y2pmRDRMZXQ2ajlCQkdsdy1IMVpOTVNfcy1acGpBMDM0bmVWZTBSMmRMcGdIb2FHVk1FdklrRGcwVEFjeFJlLVNSUC1pUE9GX2UxUTczM2lMam5nSGJIekFEdEliYmRFT3NISUJRd1g2X0o3NlVmbVd1VWN2UHo3aXUwVHFZbEdwVXdmbVo5eXRFUFRmWWVRcHZfQUF5UQ?oc=5\" target=\"_blank\" rel=\"nofollow noopener\">Francia inicia suspensi\u00f3n temporal de Shein coincidiendo con apertura de primera tienda<\/a>&nbsp;&nbsp;ABC<\/li>\n<li><a href=\"https:\/\/news.google.com\/rss\/articles\/CBMi5wFBVV95cUxNSHhoNUZOSjJZdXpidWV3eEdCdFhtVmdoTWp2eU1YUWFXamMwcVdHRFJ0dXdlU3U4SC15ZDRNQjZhejRTMXAyZFJlVS12MjBLVUVjMHhFX3BrdFdvTUVvQ0poSFJyMHRSTHpyNFY2Z3IyZDFwQXhzQnRXOFdJbnBFSDE2MExUa0h3QTR4U2VjcE1tQzkxM2pVcGdlbGdSVW1GU2JrYUNYUkwteXRrQ25tQTlkTTNBMkJhWlNMMGNTU1otcXZVZkQ4dmV2eDQ1ZWFhZ0lfTzFxMEF2Ujd4QWVoNFViaU04ZjTSAfsBQVVfeXFMUGM0bUZrNjFGa09pQk1Fc09QMWlISkY0Rm5rNjBsOEpMYXRMZHRLTWdWZkd3TmRXTklYXy1zLTJYU3NCY3RyZ0dka0F1MzQwbTIzOEQzZXI0Q1M4QnlMM0dQUXRRQlhJc0dSWEp1Z0NUb3VOSGtSOUUtUEVNWk56RUVwY3FoLXg3LTdqNnpZMjJkS2hzUUE0am1EUFh2WU55cnduMnpjMTlWZHJpZ1R2U2NTbWZLN0VkbUcxUTVKQmtINkVlZXNVN0dOeTVuMzZxV1N2cVN2MXAwRno2SzVsM1VtNVhRczBISWlNbnB2RzBHQms1RFNGcUFFX00?oc=5\" target=\"_blank\" rel=\"nofollow noopener\">As\u00ed son las mu\u00f1ecas sexuales con apariencia infantil de Shein que han sido prohibidas en Francia<\/a>&nbsp;&nbsp;La Raz\u00f3n<\/li>\n<li><a href=\"https:\/\/news.google.com\/rss\/articles\/CBMirwFBVV95cUxQTE9kenUwV1IzQjU1bzhDZUMyZEZSNklYREpWRU02SWd1Q213alliS0dqNHBvV25JNGpzYkJQN3MzdDdJbl9vVHlhTU5oTi1oTlV2RmpUSG0teEhOb3h1VGxmQUd3TWE3dWszVVUzeWdHZUJ1Xzlnb2ZmeXptUThkdGlpX3Z4OWc4Nk0weUJsY0pYX3luQ21DYWhlV3J5SVhGOWU5N2JJdVZ1WklZdHNF?oc=5\" target=\"_blank\" rel=\"nofollow noopener\">Francia proh\u00edbe el acceso a Shein por la supuesta venta de mu\u00f1ecas sexuales con apariencia infantil<\/a>&nbsp;&nbsp;El Correo<\/li>\n<\/ol>\n","protected":false},"excerpt":{"rendered":"Francia ordena la suspensi\u00f3n temporal de Shein por el esc\u00e1ndalo de las mu\u00f1ecas sexuales&nbsp;&nbsp;Expansi\u00f3n Francia ordena suspender el&hellip;\n","protected":false},"author":2,"featured_media":220498,"comment_status":"","ping_status":"","sticky":false,"template":"","format":"standard","meta":{"footnotes":""},"categories":[42],"tags":[17,18,11085,2308,20864,13,14,11,61,62,63,64,19,20,24594,9,10,15,16,12,21,22,65,66,67],"class_list":{"0":"post-220497","1":"post","2":"type-post","3":"status-publish","4":"format-standard","5":"has-post-thumbnail","7":"category-internacional","8":"tag-breaking-news","9":"tag-breakingnews","10":"tag-distribucion","11":"tag-empresas","12":"tag-empresas-distribucion","13":"tag-featured-news","14":"tag-featurednews","15":"tag-headlines","16":"tag-internacional","17":"tag-international","18":"tag-international-news","19":"tag-internationalnews","20":"tag-latest-news","21":"tag-latestnews","22":"tag-nea","23":"tag-news","24":"tag-noticias","25":"tag-noticias-destacadas","26":"tag-noticiasdestacadas","27":"tag-titulares","28":"tag-ultimas-noticias","29":"tag-ultimasnoticias","30":"tag-world","31":"tag-world-news","32":"tag-worldnews"},"share_on_mastodon":{"url":"https:\/\/pubeurope.com\/@es\/115499233692444668","error":""},"_links":{"self":[{"href":"https:\/\/www.europesays.com\/es\/wp-json\/wp\/v2\/posts\/220497","targetHints":{"allow":["GET"]}}],"collection":[{"href":"https:\/\/www.europesays.com\/es\/wp-json\/wp\/v2\/posts"}],"about":[{"href":"https:\/\/www.europesays.com\/es\/wp-json\/wp\/v2\/types\/post"}],"author":[{"embeddable":true,"href":"https:\/\/www.europesays.com\/es\/wp-json\/wp\/v2\/users\/2"}],"replies":[{"embeddable":true,"href":"https:\/\/www.europesays.com\/es\/wp-json\/wp\/v2\/comments?post=220497"}],"version-history":[{"count":0,"href":"https:\/\/www.europesays.com\/es\/wp-json\/wp\/v2\/posts\/220497\/revisions"}],"wp:featuredmedia":[{"embeddable":true,"href":"https:\/\/www.europesays.com\/es\/wp-json\/wp\/v2\/media\/220498"}],"wp:attachment":[{"href":"https:\/\/www.europesays.com\/es\/wp-json\/wp\/v2\/media?parent=220497"}],"wp:term":[{"taxonomy":"category","embeddable":true,"href":"https:\/\/www.europesays.com\/es\/wp-json\/wp\/v2\/categories?post=220497"},{"taxonomy":"post_tag","embeddable":true,"href":"https:\/\/www.europesays.com\/es\/wp-json\/wp\/v2\/tags?post=220497"}],"curies":[{"name":"wp","href":"https:\/\/api.w.org\/{rel}","templated":true}]}}