{"id":220517,"date":"2025-11-05T21:48:11","date_gmt":"2025-11-05T21:48:11","guid":{"rendered":"https:\/\/www.europesays.com\/es\/220517\/"},"modified":"2025-11-05T21:48:11","modified_gmt":"2025-11-05T21:48:11","slug":"katy-perry-anuncia-su-nuevo-sencillo-bandaids-novedades","status":"publish","type":"post","link":"https:\/\/www.europesays.com\/es\/220517\/","title":{"rendered":"Katy Perry anuncia su nuevo sencillo &#8216;Bandaids&#8217; | Novedades"},"content":{"rendered":"<p><a href=\"https:\/\/los40.com\/tag\/katy_perry\/a\/\" target=\"_blank\" rel=\"nofollow noopener\" title=\"https:\/\/los40.com\/tag\/katy_perry\/a\/\"><b>Katy Perry<\/b><\/a> ha anunciado el lanzamiento de su nueva canci\u00f3n titulada <b>Bandaids <\/b>y cuyo estreno est\u00e1 previsto para el 6 de noviembre de 2025. El tema podr\u00eda marcar el inicio de una nueva etapa art\u00edstica para la cantante californiana, quien actualmente se encuentra en plena promoci\u00f3n de su \u00e1lbum <b>143 <\/b>y preparando su gira internacional The Lifetimes Tour para 2026.<\/p>\n<p>La producci\u00f3n de Bandaids ha contado con la colaboraci\u00f3n de grandes nombres de la industria como <b>Max Martin, Andrew Watt y Cirkut<\/b>, habituales en los \u00e9xitos de artistas como Taylor Swift, Dua Lipa y The Weeknd. Aunque a\u00fan no se ha revelado el sonido exacto del tema, se espera una mezcla de pop mel\u00f3dico con tintes electr\u00f3nicos, en l\u00ednea con el estilo que la int\u00e9rprete ha cultivado en sus \u00faltimos trabajos.<\/p>\n<p>Seg\u00fan recogen varios medios especializados citando el entorno de Katy Perry, la canci\u00f3n reflejar\u00e1 la reconstrucci\u00f3n personal y la sanaci\u00f3n de la artista <b>despu\u00e9s de su separaci\u00f3n de Orlando Bloom, padre de su hija Daisy Dove<\/b>, con quien ha compartido sus \u00faltimos a\u00f1os en lo que ha sido una monta\u00f1a rusa de emociones personales desde su \u00e9poca m\u00e1s vulnerable cercana a la depresi\u00f3n hasta su renacimiento personal y profesional.<\/p>\n<p><img decoding=\"async\" src=\"https:\/\/los40.com\/pf\/resources\/img\/logo-40-v-c.svg?d=903\" alt=\"LOS40\" class=\"i-pro\" width=\"68\" height=\"68\" loading=\"lazy\"\/><\/p>\n<p>En la portada de la canci\u00f3n, Katy Perry refleja esas marcas de la vida en su cara magullada. Una forma de superarlas sin olvidarlas y que cicatricen dejando en la piel el recuerdo de haber vivido al m\u00e1ximo <\/p>\n<p>Este lanzamiento coincide con la preparaci\u00f3n de su gira mundial <b>The Lifetimes Tour<\/b>, que en 2026 incluir\u00e1 paradas en algunos de los festivales m\u00e1s importantes de Europa. <a href=\"https:\/\/los40.com\/2025\/10\/20\/cartel-rock-in-rio-lisboa-2026-linkin-park-y-katy-perry-entre-los-primeros-anunciados\/\" target=\"_blank\" rel=\"nofollow noopener\" title=\"https:\/\/los40.com\/2025\/10\/20\/cartel-rock-in-rio-lisboa-2026-linkin-park-y-katy-perry-entre-los-primeros-anunciados\/\"><b>Entre ellos destaca su actuaci\u00f3n en el Rock in Rio Lisboa<\/b><\/a>, donde ser\u00e1 una de las cabezas de cartel el 20 de junio de 2026. Un mes en el que tambi\u00e9n actuar\u00e1 en varios festivales en Espa\u00f1a como R\u00edo Babel y O Son do Cami\u00f1o.<\/p>\n<p><img loading=\"lazy\" decoding=\"async\" src=\"https:\/\/www.europesays.com\/es\/wp-content\/uploads\/2025\/11\/1762379291_627_maxresdefault.jpg\" width=\"16\" height=\"9\"\/><\/p>\n<p>Bandaids podr\u00eda ser el primer adelanto de un nuevo disco, aunque Perry no ha confirmado oficialmente si el sencillo formar\u00e1 parte de un \u00e1lbum completo o de una reedici\u00f3n de su disco 143. Lo que s\u00ed ha dejado claro es que este tema representa un cambio de ciclo: \u00abHe aprendido que las heridas no desaparecen, pero podemos transformarlas en algo bello\u00bb dijo en una entrevista reciente<\/p>\n<p>Despu\u00e9s de pasar por Am\u00e9rica, Latinoam\u00e9rica y Australia, <a href=\"https:\/\/los40.com\/2025\/09\/02\/cuanto-dinero-ha-ganado-katy-perry-con-su-nueva-gira-mundial-the-lifetimes-tour\/\" target=\"_blank\" rel=\"nofollow noopener\" title=\"https:\/\/los40.com\/2025\/09\/02\/cuanto-dinero-ha-ganado-katy-perry-con-su-nueva-gira-mundial-the-lifetimes-tour\/\"><b>Katy Perry se prepara para desembarcar en Espa\u00f1a<\/b><\/a>. La cantante tiene confirmadas dos paradas muy especiales de su The Lifetimes Tour en nuestro pa\u00eds. La primera ser\u00e1 el 9 de noviembre en el Palau Sant Jordi de Barcelona, un recinto que ya conoce bien y que se llenar\u00e1 de miles de KatyCats. Tan solo dos d\u00edas despu\u00e9s, el 11 de noviembre, Katy cumplir\u00e1 con su cita en el Movistar Arena de Madrid. All\u00ed, la artista har\u00e1 lo que toca: repasar una de las discograf\u00edas m\u00e1s brillantes del pop.<\/p>\n","protected":false},"excerpt":{"rendered":"Katy Perry ha anunciado el lanzamiento de su nueva canci\u00f3n titulada Bandaids y cuyo estreno est\u00e1 previsto para&hellip;\n","protected":false},"author":2,"featured_media":220518,"comment_status":"","ping_status":"","sticky":false,"template":"","format":"standard","meta":{"footnotes":""},"categories":[170],"tags":[1837,10109,146,147,25,24,35847,6234,184,185,22254,58754,58755,46286,58756,23,58757],"class_list":{"0":"post-220517","1":"post","2":"type-post","3":"status-publish","4":"format-standard","5":"has-post-thumbnail","7":"category-musica","8":"tag-album","9":"tag-celebrity","10":"tag-entertainment","11":"tag-entretenimiento","12":"tag-es","13":"tag-espana","14":"tag-famous","15":"tag-live","16":"tag-music","17":"tag-musica","18":"tag-personality","19":"tag-presentation","20":"tag-san-miguel-tarraco-arena","21":"tag-sergio-dalma","22":"tag-smile-because-youre-in-the-photo","23":"tag-spain","24":"tag-stage"},"share_on_mastodon":{"url":"https:\/\/pubeurope.com\/@es\/115499296735867185","error":""},"_links":{"self":[{"href":"https:\/\/www.europesays.com\/es\/wp-json\/wp\/v2\/posts\/220517","targetHints":{"allow":["GET"]}}],"collection":[{"href":"https:\/\/www.europesays.com\/es\/wp-json\/wp\/v2\/posts"}],"about":[{"href":"https:\/\/www.europesays.com\/es\/wp-json\/wp\/v2\/types\/post"}],"author":[{"embeddable":true,"href":"https:\/\/www.europesays.com\/es\/wp-json\/wp\/v2\/users\/2"}],"replies":[{"embeddable":true,"href":"https:\/\/www.europesays.com\/es\/wp-json\/wp\/v2\/comments?post=220517"}],"version-history":[{"count":0,"href":"https:\/\/www.europesays.com\/es\/wp-json\/wp\/v2\/posts\/220517\/revisions"}],"wp:featuredmedia":[{"embeddable":true,"href":"https:\/\/www.europesays.com\/es\/wp-json\/wp\/v2\/media\/220518"}],"wp:attachment":[{"href":"https:\/\/www.europesays.com\/es\/wp-json\/wp\/v2\/media?parent=220517"}],"wp:term":[{"taxonomy":"category","embeddable":true,"href":"https:\/\/www.europesays.com\/es\/wp-json\/wp\/v2\/categories?post=220517"},{"taxonomy":"post_tag","embeddable":true,"href":"https:\/\/www.europesays.com\/es\/wp-json\/wp\/v2\/tags?post=220517"}],"curies":[{"name":"wp","href":"https:\/\/api.w.org\/{rel}","templated":true}]}}