{"id":220525,"date":"2025-11-05T21:52:15","date_gmt":"2025-11-05T21:52:15","guid":{"rendered":"https:\/\/www.europesays.com\/es\/220525\/"},"modified":"2025-11-05T21:52:15","modified_gmt":"2025-11-05T21:52:15","slug":"rosalia-de-palermo-la-santa-que-eligio-a-dios-antes-que-a-su-prometido-y-a-traves-de-la-que-rosalia-relata-su-ruptura-con-rauw-alejandro-en-focu-ranni-queria-ir-de-blanco-pero-term","status":"publish","type":"post","link":"https:\/\/www.europesays.com\/es\/220525\/","title":{"rendered":"Rosal\u00eda de Palermo, la santa que eligi\u00f3 a dios antes que a su prometido y a trav\u00e9s de la que Rosal\u00eda relata su ruptura con Rauw Alejandro en Focu \u2018ranni: \u201cQuer\u00eda ir de blanco pero termin\u00e9 de violeta\u201d"},"content":{"rendered":"<p>Aunque existe una a\u00fan m\u00e1s evidente, teniendo en cuenta la historia de ambos, titulada <strong>Focu &#8216;ranni,<\/strong> uno de los tres temas exclusivos solo disponibles para CD y vinilo. Esta es una expresi\u00f3n siciliana que significa literalmente \u00abgran incendio\u00bb, y se usa para describir una situaci\u00f3n complicada y dif\u00edcil. Es similar a decir que alguien est\u00e1 en un \u00abaprieto\u00bb o en una situaci\u00f3n complicada. Forma parte del tercer movimiento en la que explora la vigilancia, la vulnerabilidad y la identidad en la era digital. La explicaci\u00f3n se entiende a trav\u00e9s de su letra, en la que Rosal\u00eda comienza cantando: <strong>\u201cQuer\u00eda ir de blanco, pero termin\u00e9 vistiendo de violeta\u00bb<\/strong>. En el imaginario religioso, este color es el de los h\u00e1bitos de los cardenales (los purpurados), y simboliza la pasi\u00f3n y la muerte de Jesucristo. Tambi\u00e9n podr\u00eda hacer referencia movimiento feminista, y por lo tanto a la feminidad y al empoderamiento. \u201cYa nadie tirar\u00e1 arroz al cielo, ni habr\u00e1 borracheras, ni flores\u201d, explica Rosal\u00eda, despidi\u00e9ndose de la idea de hacer una fiesta, de su deseo de ser novia, de su ilusi\u00f3n. Conforme avanza la canci\u00f3n, sigue dando detalles personales con amargura. \u201cGrab\u00e9 tu nombre en mis costillas pero en mi coraz\u00f3n nunca estuvo tus iniciales\u201d, dice refiri\u00e9ndose al <a data-offer-url=\"https:\/\/www.instagram.com\/p\/DAohZIZzmQM\/?utm_source=ig_embed&amp;utm_campaign=invalid&amp;img_index=1\" class=\"external-link\" data-event-click=\"{&quot;element&quot;:&quot;ExternalLink&quot;,&quot;outgoingURL&quot;:&quot;https:\/\/www.instagram.com\/p\/DAohZIZzmQM\/?utm_source=ig_embed&amp;utm_campaign=invalid&amp;img_index=1&quot;}\" href=\"https:\/\/www.instagram.com\/p\/DAohZIZzmQM\/?utm_source=ig_embed&amp;utm_campaign=invalid&amp;img_index=1\" rel=\"nofollow noopener\" target=\"_blank\">tatuaje<\/a> con el nombre de Raul que luce bajo su pecho izquierdo, y que a\u00fan ten\u00eda en octubre del a\u00f1o pasado.<\/p>\n<p><img decoding=\"async\" alt=\"Rosal\u00eda de Palermo la santa que eligi\u00f3 a dios antes que a su prometido y a travs de la que Rosal\u00eda relata su ruptura con...\" loading=\"lazy\" class=\"ResponsiveImageContainer-eNxvmU cfBbTk responsive-image__image\"   src=\"https:\/\/www.europesays.com\/es\/wp-content\/uploads\/2025\/11\/Cover.jpg\"\/><\/p>\n<p>Hacia la mitad del tema, se desprende de esa melancol\u00eda, y narra los hechos de su ruptura desde un prisma m\u00e1s optimista. \u201cNo habr\u00e1 nadie que bendiga un amor que desconoce\u00bb, escribe. La ruptura de Rauw y Rosal\u00eda gener\u00f3 una oleada de insatisfacci\u00f3n en las redes sociales. Tanto los medios como los creadores de contenido trataban de explicar la raz\u00f3n por la que esta separaci\u00f3n hab\u00eda resultado tan dolorosa a nivel social. El hecho de haber grabado tres canciones juntos en el EP RR, acompa\u00f1adas de <a href=\"https:\/\/www.youtube.com\/watch?v=QXQQAsIhHMw&amp;list=RDQXQQAsIhHMw&amp;start_radio=1\" rel=\"nofollow noopener\" target=\"_blank\">v\u00eddeos<\/a> en los que se desnudaban ante la c\u00e1mara, tanto de forma metaf\u00f3rica como figurada, nos hizo creer que podr\u00edamos tener una relaci\u00f3n parecida a la suya. O que la sinti\u00e9ramos tan cercana que nos cre\u00edmos con derechos a opinar y sentir sobre ella. \u201cAhora ser\u00e9 m\u00eda y de mi libertad\u201d, celebra.<\/p>\n<p>La cantante utiliza el siciliano \u2013entre los 13 idiomas que utiliza para expresarse en Lux\u2013 para cantar que prefiere la incertidumbre antes que el sufrimiento. \u201cMe lanzo al vac\u00edo antes que quemarme\u201d, comienza antes de decir que el \u00fanico amor al que se encomienda, es un amor sin leyes, un amor divino. Rosal\u00eda ha explicado que para hacer Lux se ha inspirado en la m\u00edstica femenina, en las santas del mundo, y en su creencia de la espiritualidad; no necesariamente desde la idea universal del Dios cristiano. En referencia a este concepto, la historia de <strong>Santa Rosal\u00eda de Palermo<\/strong> ha servido a la artista de inspiraci\u00f3n. Reci\u00e9n confirmado por ella en una entrevista en <a data-offer-url=\"https:\/\/www.billboard.com\/espanol\/musica\/rosalia-nuevo-album-lux-entrevista-portada-billboard-1236105382\/\" class=\"external-link\" data-event-click=\"{&quot;element&quot;:&quot;ExternalLink&quot;,&quot;outgoingURL&quot;:&quot;https:\/\/www.billboard.com\/espanol\/musica\/rosalia-nuevo-album-lux-entrevista-portada-billboard-1236105382\/&quot;}\" href=\"https:\/\/www.billboard.com\/espanol\/musica\/rosalia-nuevo-album-lux-entrevista-portada-billboard-1236105382\/\" rel=\"nofollow noopener\" target=\"_blank\">Billboard<\/a>, le sorprendi\u00f3 la historia de \u00abesta santa que decidi\u00f3 no casarse por dedicar su vida a Dios\u00bb. \u00abMe pareci\u00f3 que hab\u00eda algo muy poderoso en eso. Investigu\u00e9 su historia, y por eso hay algo de siciliano en la canci\u00f3n. Fue un reto cantarla en ese idioma. Fue una canci\u00f3n dif\u00edcil de componer y de cantar, pero me siento agradecida de que exista\u00bb, dice.<\/p>\n<p><script async src=\"\/\/www.instagram.com\/embed.js\"><\/script><\/p>\n","protected":false},"excerpt":{"rendered":"Aunque existe una a\u00fan m\u00e1s evidente, teniendo en cuenta la historia de ambos, titulada Focu &#8216;ranni, uno de&hellip;\n","protected":false},"author":2,"featured_media":220526,"comment_status":"","ping_status":"","sticky":false,"template":"","format":"standard","meta":{"footnotes":""},"categories":[91],"tags":[146,147,25,24,185,4147,23],"class_list":{"0":"post-220525","1":"post","2":"type-post","3":"status-publish","4":"format-standard","5":"has-post-thumbnail","7":"category-entretenimiento","8":"tag-entertainment","9":"tag-entretenimiento","10":"tag-es","11":"tag-espana","12":"tag-musica","13":"tag-rosalia","14":"tag-spain"},"share_on_mastodon":{"url":"https:\/\/pubeurope.com\/@es\/115499312551477194","error":""},"_links":{"self":[{"href":"https:\/\/www.europesays.com\/es\/wp-json\/wp\/v2\/posts\/220525","targetHints":{"allow":["GET"]}}],"collection":[{"href":"https:\/\/www.europesays.com\/es\/wp-json\/wp\/v2\/posts"}],"about":[{"href":"https:\/\/www.europesays.com\/es\/wp-json\/wp\/v2\/types\/post"}],"author":[{"embeddable":true,"href":"https:\/\/www.europesays.com\/es\/wp-json\/wp\/v2\/users\/2"}],"replies":[{"embeddable":true,"href":"https:\/\/www.europesays.com\/es\/wp-json\/wp\/v2\/comments?post=220525"}],"version-history":[{"count":0,"href":"https:\/\/www.europesays.com\/es\/wp-json\/wp\/v2\/posts\/220525\/revisions"}],"wp:featuredmedia":[{"embeddable":true,"href":"https:\/\/www.europesays.com\/es\/wp-json\/wp\/v2\/media\/220526"}],"wp:attachment":[{"href":"https:\/\/www.europesays.com\/es\/wp-json\/wp\/v2\/media?parent=220525"}],"wp:term":[{"taxonomy":"category","embeddable":true,"href":"https:\/\/www.europesays.com\/es\/wp-json\/wp\/v2\/categories?post=220525"},{"taxonomy":"post_tag","embeddable":true,"href":"https:\/\/www.europesays.com\/es\/wp-json\/wp\/v2\/tags?post=220525"}],"curies":[{"name":"wp","href":"https:\/\/api.w.org\/{rel}","templated":true}]}}