{"id":22054,"date":"2025-08-03T04:27:08","date_gmt":"2025-08-03T04:27:08","guid":{"rendered":"https:\/\/www.europesays.com\/es\/22054\/"},"modified":"2025-08-03T04:27:08","modified_gmt":"2025-08-03T04:27:08","slug":"trump-llama-bocazas-a-medvedev-y-defiende-movilizar-submarinos-hacia-rusia","status":"publish","type":"post","link":"https:\/\/www.europesays.com\/es\/22054\/","title":{"rendered":"Trump llama &#8216;bocazas&#8217; a Medv\u00e9dev y defiende movilizar submarinos hacia Rusia"},"content":{"rendered":"<p>El presidente de Estados Unidos, Donald Trump, <b>ha calificado de \u00abbocazas\u00bb <\/b>al expresidente ruso y actual vicepresidente del Consejo de Seguridad de ese pa\u00eds, Dmitri Medv\u00e9dev, y ha justificado<a href=\"https:\/\/www.huffingtonpost.es\/global\/trump-despliega-dos-submarinos-nucleares-provocadoras-declaraciones-medvedevbr.html\" target=\"_blank\" rel=\"nofollow noopener\"> la movilizaci\u00f3n de dos submarinos nucleares hacia Rusia<\/a> como una medida para garantizar la seguridad nacional.<\/p>\n<p>\u00abUn expresidente de Rusia, Medv\u00e9dev, quien ahora est\u00e1 a cargo de uno de los consejos m\u00e1s importantes, <b>dijo cosas muy malas al hablar de energ\u00eda nuclear<\/b>. Y cuando se menciona la palabra nuclear, me pongo a pensar: &#8216;Seamos cautelosos, porque es la amenaza definitiva&#8217;. No deber\u00eda haberlo dicho. Es un bocazas\u00bb, ha explicado Trump en una entrevista con Newsmax emitida este s\u00e1bado.<\/p>\n<p>\u00abSiempre queremos estar preparados. Por eso<b> he enviado dos submarinos nucleares a la regi\u00f3n<\/b>. Solo quiero asegurarme de que sus palabras sean solo palabras y nada m\u00e1s\u00bb, ha agregado.<\/p>\n<p>Trump orden\u00f3 el viernes movilizar dos submarinos nucleares hacia Rusia por las \u00abprovocadoras declaraciones\u00bb de Medv\u00e9dev, quien <b>critic\u00f3 esta semana el ultim\u00e1tum que Estados Unidos le impuso a Rusia<\/b> para que frene la guerra de Ucrania y advirti\u00f3 que este podr\u00eda derivar en un conflicto entre ambos pa\u00edses.<\/p>\n<p>\u00abTrump est\u00e1 jugando al juego de los ultim\u00e1tum con Rusia: 50 o 10 d\u00edas&#8230; \u00c9l deber\u00eda recordar dos cosas. Primero: Rusia no es ni Israel ni incluso Ir\u00e1n. Y segundo: <b>cada nuevo ultim\u00e1tum es un paso hacia la guerra. No entre Rusia y Ucrania, pero con su propio pa\u00eds<\/b>\u00ab, escribi\u00f3 el lunes en su cuenta de X.<\/p>\n<p>El l\u00edder republicano, que lleva meses expresando su frustraci\u00f3n por la negativa del presidente ruso, Vlad\u00edmir Putin, a detener los bombardeos en Ucrania,<a href=\"https:\/\/www.huffingtonpost.es\/global\/trump-da-10-12-dias-putin-llegar-acuerdo-alto-fuego-ucraniabr.html\" target=\"_blank\" rel=\"nofollow noopener\"> redujo a 10 d\u00edas el plazo que fij\u00f3 a Mosc\u00fa para que acuerde una tregua<\/a> en los combates.\u00a0<\/p>\n","protected":false},"excerpt":{"rendered":"El presidente de Estados Unidos, Donald Trump, ha calificado de \u00abbocazas\u00bb al expresidente ruso y actual vicepresidente del&hellip;\n","protected":false},"author":2,"featured_media":22055,"comment_status":"","ping_status":"","sticky":false,"template":"","format":"standard","meta":{"footnotes":""},"categories":[42],"tags":[17,18,352,115,13,14,8233,11,61,62,63,64,19,20,9,10,15,16,1614,12,21,22,65,66,67],"class_list":{"0":"post-22054","1":"post","2":"type-post","3":"status-publish","4":"format-standard","5":"has-post-thumbnail","7":"category-internacional","8":"tag-breaking-news","9":"tag-breakingnews","10":"tag-donald-trump","11":"tag-eeuu","12":"tag-featured-news","13":"tag-featurednews","14":"tag-guerra-ucrania","15":"tag-headlines","16":"tag-internacional","17":"tag-international","18":"tag-international-news","19":"tag-internationalnews","20":"tag-latest-news","21":"tag-latestnews","22":"tag-news","23":"tag-noticias","24":"tag-noticias-destacadas","25":"tag-noticiasdestacadas","26":"tag-rusia","27":"tag-titulares","28":"tag-ultimas-noticias","29":"tag-ultimasnoticias","30":"tag-world","31":"tag-world-news","32":"tag-worldnews"},"share_on_mastodon":{"url":"","error":""},"_links":{"self":[{"href":"https:\/\/www.europesays.com\/es\/wp-json\/wp\/v2\/posts\/22054","targetHints":{"allow":["GET"]}}],"collection":[{"href":"https:\/\/www.europesays.com\/es\/wp-json\/wp\/v2\/posts"}],"about":[{"href":"https:\/\/www.europesays.com\/es\/wp-json\/wp\/v2\/types\/post"}],"author":[{"embeddable":true,"href":"https:\/\/www.europesays.com\/es\/wp-json\/wp\/v2\/users\/2"}],"replies":[{"embeddable":true,"href":"https:\/\/www.europesays.com\/es\/wp-json\/wp\/v2\/comments?post=22054"}],"version-history":[{"count":0,"href":"https:\/\/www.europesays.com\/es\/wp-json\/wp\/v2\/posts\/22054\/revisions"}],"wp:featuredmedia":[{"embeddable":true,"href":"https:\/\/www.europesays.com\/es\/wp-json\/wp\/v2\/media\/22055"}],"wp:attachment":[{"href":"https:\/\/www.europesays.com\/es\/wp-json\/wp\/v2\/media?parent=22054"}],"wp:term":[{"taxonomy":"category","embeddable":true,"href":"https:\/\/www.europesays.com\/es\/wp-json\/wp\/v2\/categories?post=22054"},{"taxonomy":"post_tag","embeddable":true,"href":"https:\/\/www.europesays.com\/es\/wp-json\/wp\/v2\/tags?post=22054"}],"curies":[{"name":"wp","href":"https:\/\/api.w.org\/{rel}","templated":true}]}}