{"id":220543,"date":"2025-11-05T22:08:10","date_gmt":"2025-11-05T22:08:10","guid":{"rendered":"https:\/\/www.europesays.com\/es\/220543\/"},"modified":"2025-11-05T22:08:10","modified_gmt":"2025-11-05T22:08:10","slug":"un-arquitecto-construye-la-casa-de-sus-suenos-en-57-m%c2%b2-y-una-sorpresa-en-su-interior-es-parecido-a-acampar","status":"publish","type":"post","link":"https:\/\/www.europesays.com\/es\/220543\/","title":{"rendered":"Un arquitecto construye la casa de sus sue\u00f1os en 57\u202fm\u00b2 y una sorpresa en su interior: \u201cEs parecido a acampar\u201d"},"content":{"rendered":"<p><img alt=\"Un arquitecto construye la casa\" class=\"global-image\" decoding=\"async\" fetchpriority=\"high\" height=\"1080\" loading=\"eager\" src=\"https:\/\/www.europesays.com\/es\/wp-content\/uploads\/2025\/11\/XKCUICTVWRE2TEX6Z6BUT5VZNE.jpg\" width=\"1920\"\/>Un arquitecto construye la casa de sus sue\u00f1os en 57\u202fm\u00b2. (Imagen:\/Youtube: @nevertoosmall)<\/p>\n<p class=\"paragraph\">En el coraz\u00f3n del distrito de Suginami (Jap\u00f3n), entre las estaciones de Kami-Shakujii y Nishi-Ogikubo, se encuentra la <b>Open Sky House<\/b>, una vivienda de dos plantas que rompe con los <a rel=\"noopener noreferrer nofollow\" href=\"https:\/\/www.infobae.com\/espana\/2025\/10\/30\/juan-bidart-arquitecto-usar-pinturas-clasicas-puede-alterar-el-oxigeno-de-tu-casa-durante-semanas\/\" target=\"_self\" title=\"https:\/\/www.infobae.com\/espana\/2025\/10\/30\/juan-bidart-arquitecto-usar-pinturas-clasicas-puede-alterar-el-oxigeno-de-tu-casa-durante-semanas\/\">c\u00f3digos arquitect\u00f3nicos tradicionales<\/a>.<\/p>\n<p class=\"paragraph\">Un barrio residencial \u201cmuy tranquilo, pero a la vez muy cerca de Kichijoji, uno de los centros neur\u00e1lgicos de la ciudad. Es un equilibrio perfecto entre la vida urbana y la calma\u201d, ha descrito Nobufumi Takahashi, conocido art\u00edsticamente como <b>Zajirogh<\/b>, a Newsweek.<\/p>\n<p class=\"paragraph\">El arquitecto parti\u00f3 de una necesidad estrictamente pr\u00e1ctica. Tras comprar una vivienda de segunda mano, descubri\u00f3 que superaba el coeficiente legal de edificabilidad y no pod\u00eda reformarla. \u201cNo tuve m\u00e1s remedio que demoler el edificio y <b>construir una nueva casa<\/b>, pero los problemas distaban mucho de haber terminado\u201d, ha recordado.<\/p>\n<p class=\"paragraph\">El terreno, de 76 m\u00b2, solo permit\u00eda levantar una vivienda de unos 60 m\u00b2, insuficiente para una familia de cinco. La soluci\u00f3n fue tan atrevida como brillante: \u201c<b>Poner parte del interior fuera de la casa<\/b>\u201d, ya que los <a rel=\"noopener noreferrer nofollow\" href=\"https:\/\/www.infobae.com\/espana\/2025\/10\/31\/jordi-martix-arquitecto-sobre-las-casas-en-forma-de-cupula-esta-estructura-distribuye-las-cargas-de-manera-muy-eficiente\/\" target=\"_self\" title=\"https:\/\/www.infobae.com\/espana\/2025\/10\/31\/jordi-martix-arquitecto-sobre-las-casas-en-forma-de-cupula-esta-estructura-distribuye-las-cargas-de-manera-muy-eficiente\/\">espacios sin techo<\/a> no computan como superficie habitable.<\/p>\n<p><img alt=\"La casa sin techo de\" class=\"global-image\" decoding=\"async\" fetchpriority=\"low\" height=\"1080\" loading=\"lazy\" src=\"https:\/\/www.europesays.com\/es\/wp-content\/uploads\/2025\/11\/LFBAVHVGVJDMJEVMY6EIFQK4SY.jpg\" width=\"1920\"\/>La casa sin techo de Takahashi. (Imagen\/YouTube: @nevertoosmall)<\/p>\n<p class=\"paragraph\">La distribuci\u00f3n es sencilla. <b>Cocina y ba\u00f1o<\/b> y la planta baja, <b>dormitorios <\/b>en la parte superior y en el centro, un sal\u00f3n que act\u00faa como coraz\u00f3n del hogar, pero que se puede confundir con un solarium, dado que carece de techo.<\/p>\n<p class=\"paragraph\">\u201cEl tejado es uno de los elementos m\u00e1s simb\u00f3licos de la arquitectura, <a rel=\"noopener noreferrer nofollow\" href=\"https:\/\/www.infobae.com\/espana\/2025\/09\/12\/marcelo-seia-arquitecto-sobre-el-dinero-que-te-puedes-ahorrar-cuando-planificas-una-reforma-esa-casa-te-cuenta-que-algo-raro-le-esta-pasando\/\" target=\"_self\" title=\"https:\/\/www.infobae.com\/espana\/2025\/09\/12\/marcelo-seia-arquitecto-sobre-el-dinero-que-te-puedes-ahorrar-cuando-planificas-una-reforma-esa-casa-te-cuenta-que-algo-raro-le-esta-pasando\/\">pero al eliminarlo<\/a>, pens\u00e9 que podr\u00eda reintroducir la naturaleza en la ciudad. Debido a las restricciones legales del terreno, <b>el sal\u00f3n resultante se convirti\u00f3 en un espacio \u00fanico<\/b>, sin precedentes\u201d, ha explicado Zajirogh.<\/p>\n<p class=\"paragraph\">Para los d\u00edas de lluvia, la familia utiliza una lona m\u00f3vil similar a la capota de un coche descapotable. \u201cCuando hace sol abrimos todo y cuando llueve utilizamos la lona\u201d, ha detallado. Sin duda, la <b>adaptaci\u00f3n clim\u00e1tica<\/b> es parte de la experiencia.<\/p>\n<p class=\"paragraph\">\u201cEn verano, el aire fresco se queda abajo y resulta f\u00e1cil mantener una temperatura agradable\u201d, ha se\u00f1alado Takahashi. \u201cEn invierno, como el calor se escapa hacia arriba, usamos estufas de gas y suelo radiante. <b>Es un estilo de vida parecido a acampar<\/b>, solo que en plena ciudad. Siempre est\u00e1n pendientes del viento, de la luz y de la temperatura\u201d.<\/p>\n<p class=\"paragraph\">Pese a lo que pod\u00eda parecer, la casa resulta sorprendentemente c\u00f3moda: \u201cHay mucha luz y la naturaleza se siente muy cerca. Cuando llueve, <b>el sonido de las gotas es fuerte pero reconfortante<\/b>. Curiosamente, los espacios cerrados son m\u00e1s estables t\u00e9rmicamente porque <a rel=\"noopener noreferrer nofollow\" href=\"https:\/\/www.infobae.com\/espana\/2025\/10\/26\/el-arquitecto-pedro-torrijos-reivindica-en-catedral-de-escombros-la-memoria-de-las-victimas-de-desastres-como-la-dana-de-valencia-se-convierten-en-fantasmas-sin-cara\/\" target=\"_self\" title=\"https:\/\/www.infobae.com\/espana\/2025\/10\/26\/el-arquitecto-pedro-torrijos-reivindica-en-catedral-de-escombros-la-memoria-de-las-victimas-de-desastres-como-la-dana-de-valencia-se-convierten-en-fantasmas-sin-cara\/\">la zona abierta <\/a>act\u00faa como amortiguador\u201d.<\/p>\n<p><img alt=\"La casa sin techo de\" class=\"global-image\" decoding=\"async\" fetchpriority=\"low\" height=\"1080\" loading=\"lazy\" src=\"https:\/\/www.europesays.com\/es\/wp-content\/uploads\/2025\/11\/DCO3LP5LVFF3DE5WAV7PGNIRW4.jpg\" width=\"1920\"\/>La casa sin techo de Takahashi. (Imagen\/YouTube: @nevertoosmall)<\/p>\n<p class=\"paragraph\">Al principio, la lona funcionaba bien. No obstante, con la llegada de las fuertes lluvias, el arquitecto se dio cuenta de que la lona acumulaba tanta agua que \u201cllegaba a <a rel=\"noopener noreferrer nofollow\" href=\"https:\/\/www.infobae.com\/america\/agencias\/2021\/05\/20\/la-arquitectura-espanola-bucea-por-el-futuro-incierto-en-la-bienal-de-venecia\/\" target=\"_self\" title=\"https:\/\/www.infobae.com\/america\/agencias\/2021\/05\/20\/la-arquitectura-espanola-bucea-por-el-futuro-incierto-en-la-bienal-de-venecia\/\">llenar una ba\u00f1era<\/a>\u201d. La soluci\u00f3n fue recurrir a <b>herrajes y cabos de yate <\/b>para facilitar su tensi\u00f3n y drenaje.<\/p>\n<p class=\"paragraph\">\u201c<b>Vivir aqu\u00ed es como estar en un barco<\/b>. Cada rinc\u00f3n tiene un doble uso, nada est\u00e1 colocado al azar. Incluso utilizo equipo n\u00e1utico para manejar la lona del techo, ajustando cuerdas como si se tratara de velas. Mirar al cielo e interpretar el viento marca el ritmo de cada d\u00eda\u201d, ha admitido Takahashi.<\/p>\n<p class=\"paragraph\">La casa, equipada con<b> televisor, piano y mobiliario exterior<\/b>, se ha convertido en una atracci\u00f3n entre los amigos de sus hijos. \u201c<a rel=\"noopener noreferrer nofollow\" href=\"https:\/\/www.infobae.com\/espana\/2025\/05\/06\/la-distribucion-perfecta-de-una-casa-segun-un-arquitecto-jamas-compres-un-piso-en-el-que-se-entre-asi\/\" target=\"_self\" title=\"https:\/\/www.infobae.com\/espana\/2025\/05\/06\/la-distribucion-perfecta-de-una-casa-segun-un-arquitecto-jamas-compres-un-piso-en-el-que-se-entre-asi\/\">Se quedan asombrados<\/a> cuando vienen aqu\u00ed. Dicen \u2018\u00a1Guau!\u2019, y empiezan a jugar al pilla-pilla\u201d, ha contado Takahashi.<\/p>\n<p class=\"paragraph\">En total, el coste de la construcci\u00f3n ascendi\u00f3 a 30 millones de yenes (unos <b>241.790 euros<\/b>), sin incluir el terreno.<\/p>\n","protected":false},"excerpt":{"rendered":"Un arquitecto construye la casa de sus sue\u00f1os en 57\u202fm\u00b2. (Imagen:\/Youtube: @nevertoosmall) En el coraz\u00f3n del distrito de&hellip;\n","protected":false},"author":2,"featured_media":220544,"comment_status":"","ping_status":"","sticky":false,"template":"","format":"standard","meta":{"footnotes":""},"categories":[173],"tags":[229,233,231,230,232,234,146,147,25,24,23],"class_list":{"0":"post-220543","1":"post","2":"type-post","3":"status-publish","4":"format-standard","5":"has-post-thumbnail","7":"category-arte-y-diseno","8":"tag-arte","9":"tag-arte-y-diseno","10":"tag-arts","11":"tag-arts-and-design","12":"tag-design","13":"tag-diseno","14":"tag-entertainment","15":"tag-entretenimiento","16":"tag-es","17":"tag-espana","18":"tag-spain"},"share_on_mastodon":{"url":"https:\/\/pubeurope.com\/@es\/115499375849236552","error":""},"_links":{"self":[{"href":"https:\/\/www.europesays.com\/es\/wp-json\/wp\/v2\/posts\/220543","targetHints":{"allow":["GET"]}}],"collection":[{"href":"https:\/\/www.europesays.com\/es\/wp-json\/wp\/v2\/posts"}],"about":[{"href":"https:\/\/www.europesays.com\/es\/wp-json\/wp\/v2\/types\/post"}],"author":[{"embeddable":true,"href":"https:\/\/www.europesays.com\/es\/wp-json\/wp\/v2\/users\/2"}],"replies":[{"embeddable":true,"href":"https:\/\/www.europesays.com\/es\/wp-json\/wp\/v2\/comments?post=220543"}],"version-history":[{"count":0,"href":"https:\/\/www.europesays.com\/es\/wp-json\/wp\/v2\/posts\/220543\/revisions"}],"wp:featuredmedia":[{"embeddable":true,"href":"https:\/\/www.europesays.com\/es\/wp-json\/wp\/v2\/media\/220544"}],"wp:attachment":[{"href":"https:\/\/www.europesays.com\/es\/wp-json\/wp\/v2\/media?parent=220543"}],"wp:term":[{"taxonomy":"category","embeddable":true,"href":"https:\/\/www.europesays.com\/es\/wp-json\/wp\/v2\/categories?post=220543"},{"taxonomy":"post_tag","embeddable":true,"href":"https:\/\/www.europesays.com\/es\/wp-json\/wp\/v2\/tags?post=220543"}],"curies":[{"name":"wp","href":"https:\/\/api.w.org\/{rel}","templated":true}]}}