{"id":220547,"date":"2025-11-05T22:11:12","date_gmt":"2025-11-05T22:11:12","guid":{"rendered":"https:\/\/www.europesays.com\/es\/220547\/"},"modified":"2025-11-05T22:11:12","modified_gmt":"2025-11-05T22:11:12","slug":"la-artista-mirari-etxeberria-x-premio-valores-jovenes","status":"publish","type":"post","link":"https:\/\/www.europesays.com\/es\/220547\/","title":{"rendered":"La artista Mirari Etxeberria, X Premio Valores j\u00f3venes"},"content":{"rendered":"<p>Mirari Etxeberria se ha hecho con el Premio Valores J\u00f3venes de Navarra Televisi\u00f3n en su d\u00e9cima gala celebrada este mi\u00e9rcoles en el auditorio principal de Baluarte.<\/p>\n<p>Esta violinista y directora de orquesta fund\u00f3 en 2017, con tan solo 20 a\u00f1os, la Joven Orquesta de Pamplona (JOP). Una iniciativa que surgi\u00f3 de manera desinteresada desde el Conservatorio Superior de M\u00fasica de Navarra con la participaci\u00f3n de una veintena de personas dispuestas a iniciar un nuevo proyecto en el que se ofrecieran oportunidades reales a m\u00fasicos j\u00f3venes. Bajo la direcci\u00f3n de Mirari, la JOP ha crecido hasta contar con cerca de 200 integrantes, convirti\u00e9ndose en un referente cultural en Navarra.<\/p>\n<p>Adem\u00e1s de por su talento musical, esta joven destaca por su visi\u00f3n social de la m\u00fasica como herramienta de inclusi\u00f3n y comunidad. Ha trabajado con directores de prestigio y contin\u00faa form\u00e1ndose internacionalmente. Su liderazgo, compromiso y creatividad, hacen de ella una figura clave en la renovaci\u00f3n del panorama musical joven.<\/p>\n<p><img decoding=\"async\" loading=\"lazy\" src=\"https:\/\/www.europesays.com\/es\/wp-content\/uploads\/2025\/11\/16E31741-2114-4C28-80468DFF513B1FC6.JPG\" alt=\"Mirari Etxeberria, X Premio Valores j\u00f3venes Navarra TV\" border=\"0\"\/>Mirari Etxeberria, X Premio Valores j\u00f3venes Navarra TV &#8211; Foto: DANIEL FERNANDEZ PEREZ<\/p>\n<p>Hac\u00eda entrega del premio Anabel Zariquiegui, directora regional de Hipermercados Eroski. Prviamente, abr\u00edan el sobre con el nombre de la afortunada, Eva L\u00f3pez De Lahoz (Musical Jaso) y Mikel Revuelta del\u00a0Musical Ikastola Jaso, ganadores de la categor\u00eda &#8216;Valores J\u00f3venes&#8217; en los VII Premios Navarra Televisi\u00f3n.<\/p>\n","protected":false},"excerpt":{"rendered":"Mirari Etxeberria se ha hecho con el Premio Valores J\u00f3venes de Navarra Televisi\u00f3n en su d\u00e9cima gala celebrada&hellip;\n","protected":false},"author":2,"featured_media":220548,"comment_status":"","ping_status":"","sticky":false,"template":"","format":"standard","meta":{"footnotes":""},"categories":[170],"tags":[146,147,25,24,184,185,708,1358,23],"class_list":{"0":"post-220547","1":"post","2":"type-post","3":"status-publish","4":"format-standard","5":"has-post-thumbnail","7":"category-musica","8":"tag-entertainment","9":"tag-entretenimiento","10":"tag-es","11":"tag-espana","12":"tag-music","13":"tag-musica","14":"tag-navarra","15":"tag-pamplona","16":"tag-spain"},"share_on_mastodon":{"url":"https:\/\/pubeurope.com\/@es\/115499387523493641","error":""},"_links":{"self":[{"href":"https:\/\/www.europesays.com\/es\/wp-json\/wp\/v2\/posts\/220547","targetHints":{"allow":["GET"]}}],"collection":[{"href":"https:\/\/www.europesays.com\/es\/wp-json\/wp\/v2\/posts"}],"about":[{"href":"https:\/\/www.europesays.com\/es\/wp-json\/wp\/v2\/types\/post"}],"author":[{"embeddable":true,"href":"https:\/\/www.europesays.com\/es\/wp-json\/wp\/v2\/users\/2"}],"replies":[{"embeddable":true,"href":"https:\/\/www.europesays.com\/es\/wp-json\/wp\/v2\/comments?post=220547"}],"version-history":[{"count":0,"href":"https:\/\/www.europesays.com\/es\/wp-json\/wp\/v2\/posts\/220547\/revisions"}],"wp:featuredmedia":[{"embeddable":true,"href":"https:\/\/www.europesays.com\/es\/wp-json\/wp\/v2\/media\/220548"}],"wp:attachment":[{"href":"https:\/\/www.europesays.com\/es\/wp-json\/wp\/v2\/media?parent=220547"}],"wp:term":[{"taxonomy":"category","embeddable":true,"href":"https:\/\/www.europesays.com\/es\/wp-json\/wp\/v2\/categories?post=220547"},{"taxonomy":"post_tag","embeddable":true,"href":"https:\/\/www.europesays.com\/es\/wp-json\/wp\/v2\/tags?post=220547"}],"curies":[{"name":"wp","href":"https:\/\/api.w.org\/{rel}","templated":true}]}}