{"id":220566,"date":"2025-11-05T22:26:13","date_gmt":"2025-11-05T22:26:13","guid":{"rendered":"https:\/\/www.europesays.com\/es\/220566\/"},"modified":"2025-11-05T22:26:13","modified_gmt":"2025-11-05T22:26:13","slug":"filial-caja-rural-alea-asciende-a-sus-dos-primeros-ciclistas-desde-el-kh-7-junior","status":"publish","type":"post","link":"https:\/\/www.europesays.com\/es\/220566\/","title":{"rendered":"Filial Caja Rural-Alea asciende a sus dos primeros ciclistas desde el KH-7 j\u00fanior"},"content":{"rendered":"<p>El acuerdo de colaboraci\u00f3n entre Caja Rural-Seguros RGA y el cuadro j\u00fanior KH-7 Cycling Team comienza a dar sus frutos con los dos primeros ciclistas promocionados desde la formaci\u00f3n catalana hasta Filial Caja Rural-Alea, la plantilla \u00e9lite y sub-23 donde se forman y desarrollan la mayor\u00eda de j\u00f3venes promesas que posteriormente engrosan la plantilla del primer equipo.<\/p>\n<p>Una alianza que permite a los corredores m\u00e1s prometedores del KH-7 Cycling Team continuar creciendo en una estructura que ha demostrado a lo largo de los a\u00f1os su capacidad para formar nuevos profesionales y sacar a relucir el talento y la capacidad de m\u00faltiples promesas del pelot\u00f3n nacional e internacional. De este modo, los catalanes<strong> Narc\u00eds Monturiol<\/strong> y <strong>Sergio G\u00e1mez<\/strong> son los dos primeros ciclistas que recorrer\u00e1n este camino, debutando en el pelot\u00f3n sub-23 vistiendo los colores de <strong>Filial Caja Rural-Alea<\/strong>, que refuerza as\u00ed su apuesta por la juventud y el trabajo de cantera.<\/p>\n<p>Monturiol, natural de Matar\u00f3, ha completado un \u00faltimo a\u00f1o como juvenil muy regular, destacando en una amplia variedad de terrenos a pesar de su envergadura (1,85 m.) y de haber competido en un calendario internacional de mucho nivel. En Francia mostr\u00f3 su combatividad y su interesante punta de velocidad anot\u00e1ndose el jersey de los puntos y el de la monta\u00f1a en la <strong>Fr\u00e9d\u00e9ric Moncassin Classic<\/strong>. Ademas, consigui\u00f3 dos victorias en Catalu\u00f1a (el Trofeu Speed Republik de Lleida y el Trofeu Nat Aran), un tercer puesto en Estella, un quinto en Beasain y un octavo en la general final de <strong>Vuelta a Pamplona<\/strong>, donde concluy\u00f3 segundo en una de sus etapas.<\/p>\n<p>Le acompa\u00f1ar\u00e1 en este salto el tambi\u00e9n barcelonense Sergio G\u00e1mez (Bigues i Riells), un ciclista que ha completado un 2025 muy competitivo como demuestra su hoja de servicios y la enorme cantidad de top 10 en pruebas de primera categor\u00eda y distinto perfil. Vencedor del <strong>Trofeu Enric Armengol<\/strong> y de las metas volantes de la Gipuzkoako Itzulia, carrera que finaliz\u00f3 tercero de su general, adem\u00e1s fue segundo en una etapa de la carrera donostiarra, en Camporrobles, en Beasain y en el Trofeo Julian Borr\u00e1s. Regularidad que tambi\u00e9n exhibi\u00f3 en varias prueba del Trofeo V\u00edctor Cabedo y en la <strong>Vuelta a Pamplona<\/strong>, que concluy\u00f3 cuarto.<\/p>\n<p style=\"text-align: right;\"><a href=\"https:\/\/teamcajarural-segurosrga.com\/filial-caja-rural-alea-asciende-a-sus-dos-primeros-ciclistas-desde-el-kh-7-junior\/\" target=\"_blank\" rel=\"nofollow noopener\">Prensa Caja Rural ALEA<\/a><\/p>\n","protected":false},"excerpt":{"rendered":"El acuerdo de colaboraci\u00f3n entre Caja Rural-Seguros RGA y el cuadro j\u00fanior KH-7 Cycling Team comienza a dar&hellip;\n","protected":false},"author":2,"featured_media":220567,"comment_status":"","ping_status":"","sticky":false,"template":"","format":"standard","meta":{"footnotes":""},"categories":[273],"tags":[313,312,168,25,24,23,167],"class_list":{"0":"post-220566","1":"post","2":"type-post","3":"status-publish","4":"format-standard","5":"has-post-thumbnail","7":"category-ciclismo","8":"tag-ciclismo","9":"tag-cycling","10":"tag-deportes","11":"tag-es","12":"tag-espana","13":"tag-spain","14":"tag-sports"},"share_on_mastodon":{"url":"https:\/\/pubeurope.com\/@es\/115499445990050722","error":""},"_links":{"self":[{"href":"https:\/\/www.europesays.com\/es\/wp-json\/wp\/v2\/posts\/220566","targetHints":{"allow":["GET"]}}],"collection":[{"href":"https:\/\/www.europesays.com\/es\/wp-json\/wp\/v2\/posts"}],"about":[{"href":"https:\/\/www.europesays.com\/es\/wp-json\/wp\/v2\/types\/post"}],"author":[{"embeddable":true,"href":"https:\/\/www.europesays.com\/es\/wp-json\/wp\/v2\/users\/2"}],"replies":[{"embeddable":true,"href":"https:\/\/www.europesays.com\/es\/wp-json\/wp\/v2\/comments?post=220566"}],"version-history":[{"count":0,"href":"https:\/\/www.europesays.com\/es\/wp-json\/wp\/v2\/posts\/220566\/revisions"}],"wp:featuredmedia":[{"embeddable":true,"href":"https:\/\/www.europesays.com\/es\/wp-json\/wp\/v2\/media\/220567"}],"wp:attachment":[{"href":"https:\/\/www.europesays.com\/es\/wp-json\/wp\/v2\/media?parent=220566"}],"wp:term":[{"taxonomy":"category","embeddable":true,"href":"https:\/\/www.europesays.com\/es\/wp-json\/wp\/v2\/categories?post=220566"},{"taxonomy":"post_tag","embeddable":true,"href":"https:\/\/www.europesays.com\/es\/wp-json\/wp\/v2\/tags?post=220566"}],"curies":[{"name":"wp","href":"https:\/\/api.w.org\/{rel}","templated":true}]}}