{"id":220572,"date":"2025-11-05T22:30:09","date_gmt":"2025-11-05T22:30:09","guid":{"rendered":"https:\/\/www.europesays.com\/es\/220572\/"},"modified":"2025-11-05T22:30:09","modified_gmt":"2025-11-05T22:30:09","slug":"lux-la-iluminacion-de-rosalia-en-busca-de-un-pop-trascendente","status":"publish","type":"post","link":"https:\/\/www.europesays.com\/es\/220572\/","title":{"rendered":"\u00abLux\u00bb, la iluminaci\u00f3n de Rosal\u00eda en busca de un pop trascendente"},"content":{"rendered":"<p>\t\t\t\t\t\tEl nuevo disco consagra a la artista catalana como arquitecta de un discurso sin ganchos ni inmediatez, pero lleno de revelaciones<br \/>\n\t\t\t\t\t\t<strong>05 nov 2025<\/strong> . Actualizado a las 22:10 h.\t\t\t\t\t\t<\/p>\n<p class=\"txt first-paragraph\">&#13;<br \/>\n    \t La nueva pirueta de Rosal\u00eda se adelant\u00f3 a la fecha prevista. Despu\u00e9s de una promoci\u00f3n llena de tropezones \u2014ese delirante directo interruptus en Madrid, unas facilidades para la cr\u00edtica extranjera que no tuvo la nacional,&#13;\n\t<\/p>\n<p>&#13;<br \/>\n\t\t\t\t\tContenido exclusivo para suscriptores&#13;\n\t\t\t\t<\/p>\n<p>\t\t\t\t\tContin\u00faa leyendo con un 75% dto.<\/p>\n<p>\t\t\t\t\t\tSuscripci\u00f3n WEB<br \/>\n\t\t\t\t\t\t\t\t\t\t\t\t2\u20ac\/mes<br \/>\n\t\t\t\t\t\tdurante 12 meses\t\t\t\t\t\t<\/p>\n<p>\t\t\t\t\t\t<a href=\"https:\/\/elquiosco.lavozdegalicia.es\/suscripciones\/19-45-suscripcion-webapp.html?dllvdg=0003_202511G6P37994&amp;urlData=https:\/\/www.lavozdegalicia.es\/noticia\/cultura\/2025\/11\/06\/lux-iluminacion-rosalia-busca-pop-trascendente\/0003_202511G6P37994.htm\" class=\"btn-brand btn sz-t-s no-brd t-sserif pd-h-2 btnAddToCart\" data-analytics-event=\"addToCart\" data-product-name=\"Suscripci\u00f3n WEB+APP\" data-product-price=\"2.00 \" data-product-coupon=\"2025_NOVIEMBRE_2E12M_WEB_MES\" data-product-periodicity=\"Mensual\" rel=\"nofollow noopener\" target=\"_blank\">Suscr\u00edbete <\/a>\t\t\t\t\t\t<\/p>\n<p>\t\t\t\t\t&#13;<br \/>\n\t\t\t\t\t\u00bfYa eres suscriptor? <a href=\"https:\/\/miperfil.lavozdegalicia.es\/login.jsp?url=https:\/\/www.lavozdegalicia.es\/noticia\/cultura\/2025\/11\/06\/lux-iluminacion-rosalia-busca-pop-trascendente\/0003_202511G6P37994.htm\" class=\"c-white\" rel=\"nofollow noopener\" target=\"_blank\">Inicia sesi\u00f3n<\/a>&#13;<\/p>\n","protected":false},"excerpt":{"rendered":"El nuevo disco consagra a la artista catalana como arquitecta de un discurso sin ganchos ni inmediatez, pero&hellip;\n","protected":false},"author":2,"featured_media":220573,"comment_status":"","ping_status":"","sticky":false,"template":"","format":"standard","meta":{"footnotes":""},"categories":[174],"tags":[801,229,255,146,147,25,24,256,185,4147,23],"class_list":{"0":"post-220572","1":"post","2":"type-post","3":"status-publish","4":"format-standard","5":"has-post-thumbnail","7":"category-famosos","8":"tag-arquitectura","9":"tag-arte","10":"tag-celebrities","11":"tag-entertainment","12":"tag-entretenimiento","13":"tag-es","14":"tag-espana","15":"tag-famosos","16":"tag-musica","17":"tag-rosalia","18":"tag-spain"},"share_on_mastodon":{"url":"https:\/\/pubeurope.com\/@es\/115499461901878638","error":""},"_links":{"self":[{"href":"https:\/\/www.europesays.com\/es\/wp-json\/wp\/v2\/posts\/220572","targetHints":{"allow":["GET"]}}],"collection":[{"href":"https:\/\/www.europesays.com\/es\/wp-json\/wp\/v2\/posts"}],"about":[{"href":"https:\/\/www.europesays.com\/es\/wp-json\/wp\/v2\/types\/post"}],"author":[{"embeddable":true,"href":"https:\/\/www.europesays.com\/es\/wp-json\/wp\/v2\/users\/2"}],"replies":[{"embeddable":true,"href":"https:\/\/www.europesays.com\/es\/wp-json\/wp\/v2\/comments?post=220572"}],"version-history":[{"count":0,"href":"https:\/\/www.europesays.com\/es\/wp-json\/wp\/v2\/posts\/220572\/revisions"}],"wp:featuredmedia":[{"embeddable":true,"href":"https:\/\/www.europesays.com\/es\/wp-json\/wp\/v2\/media\/220573"}],"wp:attachment":[{"href":"https:\/\/www.europesays.com\/es\/wp-json\/wp\/v2\/media?parent=220572"}],"wp:term":[{"taxonomy":"category","embeddable":true,"href":"https:\/\/www.europesays.com\/es\/wp-json\/wp\/v2\/categories?post=220572"},{"taxonomy":"post_tag","embeddable":true,"href":"https:\/\/www.europesays.com\/es\/wp-json\/wp\/v2\/tags?post=220572"}],"curies":[{"name":"wp","href":"https:\/\/api.w.org\/{rel}","templated":true}]}}