{"id":220578,"date":"2025-11-05T22:34:08","date_gmt":"2025-11-05T22:34:08","guid":{"rendered":"https:\/\/www.europesays.com\/es\/220578\/"},"modified":"2025-11-05T22:34:08","modified_gmt":"2025-11-05T22:34:08","slug":"todo-lo-que-debe-saber-de-tecate-pal-norte-con-guns-n-roses","status":"publish","type":"post","link":"https:\/\/www.europesays.com\/es\/220578\/","title":{"rendered":"Todo lo que debe saber de &#8216;Tecate pal Norte&#8217; con Guns N&#8217; Roses"},"content":{"rendered":"<p>Los festivales musicales cada vez parecen poner la vara m\u00e1s alta, pues en las \u00faltimas horas se dio a conocer<a href=\"https:\/\/www.radioacktiva.com\/2025\/ronnie-wood-rechazo-estar-en-importante-banda-de-rock-antes-de-estar-en-the-rolling-stones-cual-fue-387796.html\" rel=\"nofollow noopener\" target=\"_blank\"><strong> el line up de un importante evento que se va a realizar en el 2026.<\/strong><\/a> All\u00ed, se ven los nombres de <strong>bandas\u00a0 y artistas como Tyler, The Creator, Guns N\u2019 Roses, Los Fabulosos Cadillacs, The Killers,<\/strong> entre otros.<\/p>\n<p>Hace varios meses se hab\u00eda dado a conocer que se iba a realizar este importante evento, por lo que incluso medios internacionales hab\u00edan filtrado el nombre de las bandas que har\u00edan parte de este evento. Sin embargo, solo hasta este mi\u00e9rcoles cinco de noviembre del 2025, se dieron a conocer los artistas oficiales que <strong>participar\u00edan en el importante festival de m\u00fasica en M\u00e9xico \u2018Tecate Pal Norte 2026\u2019.<\/strong><\/p>\n<p><strong>Leer m\u00e1s:\u00a0<a href=\"https:\/\/www.radioacktiva.com\/2025\/las-5-mejores-baladas-de-rock-de-los-80-la-ultima-alcanzo-la-cima-en-el-billboard-hot-100-387824.html\" target=\"_blank\" rel=\"noopener nofollow\">Las 5 mejores baladas de rock de los 80; la \u00faltima alcanz\u00f3 la cima en el Billboard Hot 100<\/a><\/strong><\/p>\n<p><strong>Cu\u00e1ndo, d\u00f3nde y precio de las entradas para \u2018Tecate Pal Norte 2026\u2019<\/strong><\/p>\n<p>El cartel de este festival logr\u00f3 enamorar a cientos de personas en todo el mundo, quienes desde ya est\u00e1n planeando viajar a M\u00e9xico para poder disfrutar de <a href=\"https:\/\/www.radioacktiva.com\/2025\/este-es-el-pais-mas-barato-para-ver-a-ac-dc-desde-colombia-precio-de-los-vuelos-387761.html\" target=\"_blank\" rel=\"noopener nofollow\"><strong>tres d\u00edas llenos de rock y m\u00fasica alternativa. \u2018Tecate pal norte 2026\u2019<\/strong><\/a> presenta en su primer d\u00eda a <strong>Tyler, Interpol, Molotov seguido el s\u00e1bado por Los Fabulosos Cadillacs, Guns N\u2019 Roses,\u00a0 SimplePlan y en el \u00faltimo d\u00eda The Killers, Zo\u00e9,<\/strong> entre otros.<\/p>\n<blockquote class=\"instagram-media\" style=\"background: #FFF; border: 0; border-radius: 3px; box-shadow: 0 0 1px 0 rgba(0,0,0,0.5),0 1px 10px 0 rgba(0,0,0,0.15); margin: 1px; max-width: 540px; min-width: 326px; padding: 0; width: calc(100% - 2px);\" data-instgrm-captioned=\"\" data-instgrm-permalink=\"https:\/\/www.instagram.com\/p\/DQrsLX5DvCS\/?utm_source=ig_embed&amp;utm_campaign=loading\" data-instgrm-version=\"14\">\n<\/blockquote>\n<p><strong>El Festival \u2018Tecate Pal Norte 2026\u2019 se va a realizar el pr\u00f3ximo 27, 28 y 29 de marzo del 2026<\/strong> y los horarios oficiales del evento se van a dar a conocer semanas antes del evento. Adem\u00e1s, va a estar disponible para todas las personas mayores de 18 a\u00f1os y para menores de edad, que est\u00e9n acompa\u00f1ados de un adulto responsable en todo momento.<\/p>\n<p>En esta oportunidad, el <strong>Parque Fundidora en Monterrey, Nuevo Le\u00f3n, ser\u00e1 el escenario perfecto que va a\u00a0 recibir a estas bandas nacionales<\/strong> e internacionales. Por lo que all\u00ed habr\u00e1 espacio para zona de comidas, activaciones de marcas, escenarios VIP, entre otros.<\/p>\n<p><strong>Seguir leyendo:\u00a0<a href=\"https:\/\/www.radioacktiva.com\/2025\/metallica-o-megadeth-kerry-king-de-slayer-revelo-a-cual-banda-de-metal-prefiere-387811.html\" target=\"_blank\" rel=\"noopener nofollow\">\u00bfMetallica o Megadeth? Kerry King de Slayer revel\u00f3 a cu\u00e1l banda de metal prefiere<\/a><\/strong><\/p>\n<p>Precio de las entradas \u2018Tecate Pal Norte 2026\u2019<\/p>\n<p>La venta oficial de las entradas para el festival se har\u00e1 por medio de <strong>Ticketmaster desde el pr\u00f3ximo 11 de noviembre<\/strong> y tendr\u00e1 preventa preferencial para usuarios del bando Citibanamex. Al terminar <a href=\"https:\/\/www.radioacktiva.com\/2025\/las-3-de-canciones-de-guns-n-roses-con-letras-profundas-y-llenas-de-nostalgia-383931.html\" target=\"_blank\" rel=\"noopener nofollow\"><strong>estas entradas, se dar\u00e1 inicio a la venta general.<\/strong><\/a><\/p>\n<p>Habr\u00e1 diferentes tipos de entradas, la general que le dar\u00e1 acceso a todo el evento, la general+ que le <strong>podr\u00eda brindar comodidades como ba\u00f1os exclusivos en el lugar<\/strong>. Tambi\u00e9n la ascendente que tiene ba\u00f1os exclusivos, \u00e1rea de mesas comunes, barra de bebidas, zonas de descanso, entre otros.<\/p>\n<p>Sin embargo, si lo que<a href=\"https:\/\/www.radioacktiva.com\/2025\/cuando-es-el-jingle-bell-rock-2025-esta-es-la-fecha-del-festival-con-mas-corazon-387751.html\" rel=\"nofollow noopener\" target=\"_blank\"><strong> quiere es vivir una experiencia VIP, podr\u00e1 encontrar la entrada m\u00e1s cara<\/strong><\/a> con acceso a las zonas VIP, Pit lateral con vista preferente a los escenarios, guardarropa, entre otros espacios.<\/p>\n<p>Los precios oficiales no se han dado a conocer en redes sociales, <strong>pero hay quienes dicen que las entradas podr\u00edan ser un poco m\u00e1s costosas a la de la edici\u00f3n 2025.<\/strong> En ese momento, la entrada general iba desde los 970.000 m\u00e1s servicio y la m\u00e1s costosa desde los dos millones de pesos m\u00e1s todos los costos adicionales.<\/p>\n<p>                <script async src=\"\/\/www.instagram.com\/embed.js\"><\/script><\/p>\n","protected":false},"excerpt":{"rendered":"Los festivales musicales cada vez parecen poner la vara m\u00e1s alta, pues en las \u00faltimas horas se dio&hellip;\n","protected":false},"author":2,"featured_media":220579,"comment_status":"","ping_status":"","sticky":false,"template":"","format":"standard","meta":{"footnotes":""},"categories":[170],"tags":[146,147,25,24,58760,49154,184,185,23,48844],"class_list":{"0":"post-220578","1":"post","2":"type-post","3":"status-publish","4":"format-standard","5":"has-post-thumbnail","7":"category-musica","8":"tag-entertainment","9":"tag-entretenimiento","10":"tag-es","11":"tag-espana","12":"tag-fabulosos-cadillacs","13":"tag-guns-nroses","14":"tag-music","15":"tag-musica","16":"tag-spain","17":"tag-the-killers"},"share_on_mastodon":{"url":"https:\/\/pubeurope.com\/@es\/115499477891647639","error":""},"_links":{"self":[{"href":"https:\/\/www.europesays.com\/es\/wp-json\/wp\/v2\/posts\/220578","targetHints":{"allow":["GET"]}}],"collection":[{"href":"https:\/\/www.europesays.com\/es\/wp-json\/wp\/v2\/posts"}],"about":[{"href":"https:\/\/www.europesays.com\/es\/wp-json\/wp\/v2\/types\/post"}],"author":[{"embeddable":true,"href":"https:\/\/www.europesays.com\/es\/wp-json\/wp\/v2\/users\/2"}],"replies":[{"embeddable":true,"href":"https:\/\/www.europesays.com\/es\/wp-json\/wp\/v2\/comments?post=220578"}],"version-history":[{"count":0,"href":"https:\/\/www.europesays.com\/es\/wp-json\/wp\/v2\/posts\/220578\/revisions"}],"wp:featuredmedia":[{"embeddable":true,"href":"https:\/\/www.europesays.com\/es\/wp-json\/wp\/v2\/media\/220579"}],"wp:attachment":[{"href":"https:\/\/www.europesays.com\/es\/wp-json\/wp\/v2\/media?parent=220578"}],"wp:term":[{"taxonomy":"category","embeddable":true,"href":"https:\/\/www.europesays.com\/es\/wp-json\/wp\/v2\/categories?post=220578"},{"taxonomy":"post_tag","embeddable":true,"href":"https:\/\/www.europesays.com\/es\/wp-json\/wp\/v2\/tags?post=220578"}],"curies":[{"name":"wp","href":"https:\/\/api.w.org\/{rel}","templated":true}]}}