{"id":220582,"date":"2025-11-05T22:36:12","date_gmt":"2025-11-05T22:36:12","guid":{"rendered":"https:\/\/www.europesays.com\/es\/220582\/"},"modified":"2025-11-05T22:36:12","modified_gmt":"2025-11-05T22:36:12","slug":"el-manchester-city-golea-al-borussia-dortmund-y-el-inter-se-pone-a-la-altura-de-los-lideres-antes-de-visitar-al-atletico-futbol-deportes","status":"publish","type":"post","link":"https:\/\/www.europesays.com\/es\/220582\/","title":{"rendered":"El Manchester City golea al Borussia Dortmund y el Inter se pone a la altura de los l\u00edderes antes de visitar al Atl\u00e9tico | F\u00fatbol | Deportes"},"content":{"rendered":"<p class=\"\">Un calendario amable y su proverbial robustez tienen al Inter, finalista de dos de las tres \u00faltimas Champions, al frente de la actual con un pleno de doce puntos en cuatro jornadas que le sit\u00faa a la altura de Bayern y Arsenal. Este mi\u00e9rcoles se deshizo en el Giuseppe Meazza <a href=\"https:\/\/elpais.com\/deportes\/futbol\/2025-09-30\/la-demoledora-rutina-de-mbappe-tumba-al-fragil-kairat.html\" target=\"_self\" rel=\"nofollow noopener\" title=\"https:\/\/elpais.com\/deportes\/futbol\/2025-09-30\/la-demoledora-rutina-de-mbappe-tumba-al-fragil-kairat.html\">del Kairat kazajo<\/a> (2-1) con susto incluido tras un gol visitante que le exigi\u00f3 una r\u00e1pida respuesta. Lautaro y Carlos Augusto marcaron para el equipo que adiestra el rumano Cristian Chivu. Tras superar a Ajax, Slavia, Saint Gilloise y su d\u00e9bil rival de esta jornada, el panorama cambiar\u00e1 en las pr\u00f3ximas semanas para el Inter, que debe jugar ahora contra Atl\u00e9tico, Liverpool, Arsenal y Borussia Dortmund antes de acabar la primera fase de la competici\u00f3n. En todo caso el a\u00f1o pasado los doce puntos que tiene ahora sobraron para acceder a la eliminatoria de repesca que da paso a los octavos de final.<\/p>\n<p>                                                                                                                                                                                                                                                                                <img decoding=\"async\" title=\"M. City\" loading=\"lazy\" src=\"https:\/\/www.europesays.com\/es\/wp-content\/uploads\/2025\/11\/1762382171_240_66.png\"  width=\"80\" height=\"80\" data-error-image=\"https:\/\/static.prisa.com\/aside\/resizer\/resize\/img\/sports\/football\/teams\/default.png?width=160&amp;height=160\"\/><\/p>\n<p>\n            4<\/p>\n<p>                                                                                                                                                                                                                                                                                                                                                                                                                                                                                                                                                                                                                                                                                                                                                                                                                                                                                                                                                                                                                                                                                                                                                                                                                                                                                                                                                                                                                                                                                                                                                                                                                                                                                                                                                                                                                                                                                                                                                                                                                                                                                                                                                                                                                                                                                                                                                                                                                                                                                                                                                                                                                                                                                                                                                                                                                                                                                                                                                                                                                                                                                                                                                                                                                                                    Gianluigi Donnarumma, Nico O&#8217;Reilly (Rayan A\u00eft-Nouri, min. 85), Josko Gvardiol, John Stones, Matheus Nunes, Phil Foden, J\u00e9r\u00e9my Doku (Rayan Cherki, min. 78), Savinho (Bernardo Silva, min. 78), Tijjani Reijnders (R\u00faben Dias, min. 78), Nico Gonz\u00e1lez y Erling Haaland (Omar Marmoush, min. 85)<\/p>\n<p>\n            1<\/p>\n<p>                                                                                                                                                                                                                                                                                <img decoding=\"async\" title=\"B. Dortmund\" loading=\"lazy\" src=\"https:\/\/www.europesays.com\/es\/wp-content\/uploads\/2025\/11\/87.png\"  width=\"80\" height=\"80\" data-error-image=\"https:\/\/static.prisa.com\/aside\/resizer\/resize\/img\/sports\/football\/teams\/default.png?width=160&amp;height=160\"\/><\/p>\n<p>                                                                                                                                                                                                                                                                                                                                                                                                                                                                                                                                                                                                                                                                                                                                                                                                                                                                                                                                                                                                                                                                                                                                                                                                                                                                                                                                                                                                                                                                                                                                                                                                                                                                                                                                                                                                                                                                                                                                                                                                                                                                                                                                                                                                                                                                                                                                                                                                                                                                                                                                                                                                                                                                                                                                                                                                                                                                                                                                                                                                                                                                                                                                                                                                                                                    Gregor Kobel, Waldemar Anton, Nico Schlotterbeck, Ramy Bensebaini (Emre Can, min. 66), Julian Ryerson, Felix Nmecha, Marcel Sabitzer (Pascal Gro\u00df, min. 66), Daniel Svensson, Karim Adeyemi (F\u00e1bio Silva, min. 80), Maximilian Beier (Carney Chukwuemeka, min. 66) y Serhou Guirassy (Jobe Bellingham, min. 66)<\/p>\n<p>\n            <b>Goles<\/b><br \/>\n                                                                                                        1-0 min. 21: Foden.                                                                                 2-0 min. 28: Erling Braut Haaland.                                                                                 3-0 min. 56: Foden.                                                                                 3-1 min. 71: Waldemar Anton.                                                                                 4-1 min. 90: Mathis Cherki                    <\/p>\n<p>\n            <b>Arbitro<\/b> Szymon Marciniak<\/p>\n<p>Tarjetas amarillas<br \/>\n                                            Daniel Svensson (min. 14),                                             S\u00e1vio (min. 77),                                             Nico O&#8217;Reilly (min. 84)\n                <\/p>\n<p class=\"\">A rebufo del tr\u00edo que encabeza la clasificaci\u00f3n <a href=\"https:\/\/elpais.com\/deportes\/futbol\/2025-10-21\/haaland-y-bernardo-silva-dejan-al-villarreal-en-la-lona.html\" target=\"_self\" rel=\"nofollow noopener\" title=\"https:\/\/elpais.com\/deportes\/futbol\/2025-10-21\/haaland-y-bernardo-silva-dejan-al-villarreal-en-la-lona.html\">est\u00e1 el Manchester City,<\/a> que se deshizo del Borussia Dortmund con una suficiencia que hasta pareci\u00f3 sorprendente porque no precis\u00f3 de mostrar una versi\u00f3n sobresaliente para golear (4-1). Le bast\u00f3 con dos zurdazos de Phil Foden desde la frontal y la habitual aparici\u00f3n de Erling Haaland, que ya suma 54 goles en 52 partidos en Champions. El noruego fue adem\u00e1s el capit\u00e1n del equipo porque Guardiola reserv\u00f3 a Ruben Dias y Bernardo Silva. Tambi\u00e9n a Rodri, sobre el que el entrenador catal\u00e1n indic\u00f3 que no se sent\u00eda \u201cperfecto\u201d tras su fugaz reaparici\u00f3n del domingo pasado en el partido de Premier ante el Bournemouth. El City es cuarto en la tabla, a dos puntos de los l\u00edderes y no se alter\u00f3 cuando el central Anton acort\u00f3 distancias para los germanos en la recta final del partido. Fue casi sobre la bocina cuando Cherki sentenci\u00f3 y rubric\u00f3 la superioridad local.<\/p>\n<p class=\"\">Peor le fue al Chelsea, que acab\u00f3 en fiasco su visita al Qarabaj (2-2). El entrenador del equipo londinense, Enzo Maresca, hizo siete cambios respecto al equipo que venci\u00f3 al Tottenham el pasado fin de semana, guard\u00f3 a varios de sus mejores hombres y se llev\u00f3 un disgusto porque tras adelantarse al poco de empezar se vio a abocado a una remontada porque al descanso lleg\u00f3 con el marcador en contra. Garnacho salv\u00f3 al menos un punto con un gol en la segunda parte. \u201cNo se pueden jugar partidos de manera tan continuada cada tres d\u00edas\u201d, se defendi\u00f3 Maresca tras el partido antes de recordar que vienen de hacer un esfuerzo extra tras ganar el Mundial de clubs y subirse al tren de la nueva temporada casi en marcha. Ahora el Chelsea recibir\u00e1 al Barcelona en un duelo que le llega a ambos, empatados a siete puntos, fuera de una de las ocho primeras plazas que dan el pase directo a los octavos.\u00a0<\/p>\n<p class=\"\">El noveno es el Galatasaray, que empata a puntos con el quinto y gole\u00f3 en su viaje a Amsterdam para cruzarse con un alica\u00eddo colista, el Ajax. Todo qued\u00f3 solventado con un triplete (dos tantos de penalti) del extraordinario Victor Osimhen entre los minutos 59 y 78. Tambi\u00e9n ganaron a domicilio Bayer Leverkusen, al Benfica (0-1) y Atalanta, en Marsella (0-1), con pol\u00e9mica final porque los galos reclamaron al \u00e1rbitro espa\u00f1ol S\u00e1nchez Mart\u00ednez un penalti en la jugada inmediatamente anterior al gol visitante en el minuto 90. No lo pareci\u00f3 porque un mal control de Ederson se fue a golpear en su brazo extendido. En Europa no se castiga, en Espa\u00f1a qui\u00e9n lo sabe.<\/p>\n","protected":false},"excerpt":{"rendered":"Un calendario amable y su proverbial robustez tienen al Inter, finalista de dos de las tres \u00faltimas Champions,&hellip;\n","protected":false},"author":2,"featured_media":220583,"comment_status":"","ping_status":"","sticky":false,"template":"","format":"standard","meta":{"footnotes":""},"categories":[93],"tags":[18012,1241,1540,168,1539,25,24,282,1538,2013,23,167],"class_list":{"0":"post-220582","1":"post","2":"type-post","3":"status-publish","4":"format-standard","5":"has-post-thumbnail","7":"category-deportes","8":"tag-borussia-dortmund","9":"tag-champions-league","10":"tag-competiciones","11":"tag-deportes","12":"tag-entrenadores","13":"tag-es","14":"tag-espana","15":"tag-futbol","16":"tag-futbolistas","17":"tag-manchester-city","18":"tag-spain","19":"tag-sports"},"share_on_mastodon":{"url":"https:\/\/pubeurope.com\/@es\/115499485534839771","error":""},"_links":{"self":[{"href":"https:\/\/www.europesays.com\/es\/wp-json\/wp\/v2\/posts\/220582","targetHints":{"allow":["GET"]}}],"collection":[{"href":"https:\/\/www.europesays.com\/es\/wp-json\/wp\/v2\/posts"}],"about":[{"href":"https:\/\/www.europesays.com\/es\/wp-json\/wp\/v2\/types\/post"}],"author":[{"embeddable":true,"href":"https:\/\/www.europesays.com\/es\/wp-json\/wp\/v2\/users\/2"}],"replies":[{"embeddable":true,"href":"https:\/\/www.europesays.com\/es\/wp-json\/wp\/v2\/comments?post=220582"}],"version-history":[{"count":0,"href":"https:\/\/www.europesays.com\/es\/wp-json\/wp\/v2\/posts\/220582\/revisions"}],"wp:featuredmedia":[{"embeddable":true,"href":"https:\/\/www.europesays.com\/es\/wp-json\/wp\/v2\/media\/220583"}],"wp:attachment":[{"href":"https:\/\/www.europesays.com\/es\/wp-json\/wp\/v2\/media?parent=220582"}],"wp:term":[{"taxonomy":"category","embeddable":true,"href":"https:\/\/www.europesays.com\/es\/wp-json\/wp\/v2\/categories?post=220582"},{"taxonomy":"post_tag","embeddable":true,"href":"https:\/\/www.europesays.com\/es\/wp-json\/wp\/v2\/tags?post=220582"}],"curies":[{"name":"wp","href":"https:\/\/api.w.org\/{rel}","templated":true}]}}