{"id":220589,"date":"2025-11-05T22:41:08","date_gmt":"2025-11-05T22:41:08","guid":{"rendered":"https:\/\/www.europesays.com\/es\/220589\/"},"modified":"2025-11-05T22:41:08","modified_gmt":"2025-11-05T22:41:08","slug":"el-ejercito-israeli-recibio-el-cuerpo-de-otro-rehen-retenido-por-hamas-en-gaza-tras-la-mediacion-de-la-cruz-roja","status":"publish","type":"post","link":"https:\/\/www.europesays.com\/es\/220589\/","title":{"rendered":"El Ej\u00e9rcito israel\u00ed recibi\u00f3 el cuerpo de otro reh\u00e9n retenido por Hamas en Gaza tras la mediaci\u00f3n de la Cruz Roja"},"content":{"rendered":"<p><img alt=\"Se confirm\u00f3 la entrega de\" class=\"global-image\" decoding=\"async\" fetchpriority=\"high\" height=\"3917\" loading=\"eager\" src=\"https:\/\/www.europesays.com\/es\/wp-content\/uploads\/2025\/11\/V2MYOZ4RVJD27NPI65UHC3XK7Q.JPG\" width=\"5876\"\/>Se confirm\u00f3 la entrega de otro reh\u00e9n en Gaza (Reuters)<\/p>\n<p class=\"paragraph\">El <a rel=\"noopener noreferrer nofollow\" href=\"https:\/\/www.infobae.com\/tag\/ejercito-israel\/\" target=\"_blank\" title=\"https:\/\/www.infobae.com\/tag\/ejercito-israel\/\">ej\u00e9rcito israel\u00ed<\/a> confirm\u00f3 el mi\u00e9rcoles por la noche que el cuerpo de un reh\u00e9n retenido en <a rel=\"noopener noreferrer nofollow\" href=\"https:\/\/www.infobae.com\/tag\/gaza\/\" target=\"_blank\" title=\"https:\/\/www.infobae.com\/tag\/gaza\/\">Gaza <\/a>fue entregado a la Cruz Roja Internacional, cumpliendo uno de los puntos del acuerdo de alto el fuego vigente desde octubre. <\/p>\n<p class=\"paragraph\">El anuncio fue realizado por las Fuerzas de Defensa de Israel (FDI) a trav\u00e9s de su canal oficial de X y corroborado por medios internacionales. Este acto se produjo en el marco de intercambios de restos mortales y prisioneros entre Israel y Hamas.<\/p>\n<p class=\"paragraph\">Seg\u00fan la Cruz Roja Internacional, el ata\u00fad con los restos del reh\u00e9n fue trasladado desde Gaza y ya se encuentra en camino hacia posiciones controladas por las FDI en el mismo territorio. Las autoridades israel\u00edes enfatizaron: \u201c<b>Hamas debe respetar el acuerdo y tomar las medidas necesarias para devolver a todos los rehenes fallecidos<\/b>\u201d, se\u00f1alaron fuentes militares en X.<\/p>\n<p><img alt=\"FOTO DE ARCHIVO. Milicianos palestinos\" class=\"global-image\" decoding=\"async\" fetchpriority=\"low\" height=\"1080\" loading=\"lazy\" src=\"https:\/\/www.europesays.com\/es\/wp-content\/uploads\/2025\/11\/Z5ABIJJVBRFOLCQORUJUUVYTOQ.jpg\" width=\"1920\"\/>FOTO DE ARCHIVO. Milicianos palestinos de Ham\u00e1s montan guardia el d\u00eda de la entrega de los rehenes retenidos en Gaza desde el mort\u00edfero ataque del 7 de octubre de 2023, como parte de un alto el fuego y un acuerdo de intercambio de rehenes y prisioneros entre Ham\u00e1s e Israel, en R\u00e1fah, en el sur de la Franja de Gaza. 22 de febrero de 2025. REUTERS\/Hatem Khaled<\/p>\n<p class=\"paragraph\">El d\u00eda de ayer tambi\u00e9n se realiz\u00f3 la entrega del cuerpo de otro reh\u00e9n. Los restos correspondieron a <b>Itay Chen<\/b>, joven de 19 a\u00f1os con doble nacionalidad israel\u00ed-estadounidense, quien prestaba servicio como sargento en la 7\u00aa Brigada Blindada de las FDI. El cuerpo fue entregado el martes, en cumplimiento de un acuerdo <b>negociado por autoridades de Estados Unidos<\/b> durante el alto el fuego del mes pasado. Tras la identificaci\u00f3n oficial, la familia de Chen fue notificada directamente por representantes militares y la oficina del primer ministro.<\/p>\n<p class=\"paragraph\">El acuerdo en vigor obliga a Hamas a devolver todos los rehenes, vivos y fallecidos, secuestrados desde el inicio de las hostilidades. La organizaci\u00f3n palestina se comprometi\u00f3 a liberar a 20 rehenes vivos y a entregar los cuerpos de otros 28 en un plazo de 72 horas desde el inicio del alto el fuego, el 10 de octubre. A cambio, <b>Israel acord\u00f3 liberar 250 prisioneros palestinos y entregar hasta 285 restos de palestinos a Gaza<\/b>.<\/p>\n<p class=\"paragraph\">El intercambio de cuerpos y prisioneros contin\u00faa en medio de episodios de violencia en la franja. Hamas sostiene que la destrucci\u00f3n en Gaza ha complicado la localizaci\u00f3n de restos, mientras que Israel acusa a la organizaci\u00f3n de dificultar la devoluci\u00f3n. Hasta ahora Hamas entreg\u00f3 21 de los 28 cuerpos de rehenes, en paralelo a la devoluci\u00f3n de 285 cuerpos de palestinos por parte de Israel desde octubre.<\/p>\n<p><img alt=\"Equipos m\u00e9dicos rezan junto a\" class=\"global-image\" decoding=\"async\" fetchpriority=\"low\" height=\"3698\" loading=\"lazy\" src=\"https:\/\/www.europesays.com\/es\/wp-content\/uploads\/2025\/11\/WR4XIKATIFCITC6KXYUL7WQAUE.jpg\" width=\"5547\"\/>Equipos m\u00e9dicos rezan junto a los restos y cuerpos de palestinos no identificados, devueltos por Israel, antes de su entierro masivo fuera del Hospital Nasser en Khan Yunis, Franja de Gaza sur, 22 de octubre de 2025. La devoluci\u00f3n de prisioneros palestinos fallecidos por Israel forma parte de un acuerdo de alto el fuego entre Israel y Hamas que entr\u00f3 en vigor el 10 de octubre de 2025. EFE\/EPA\/HAITHAM IMAD&#13;<\/p>\n<p class=\"paragraph\">La mediaci\u00f3n de este proceso incluye a diversos actores internacionales, entre ellos <b>Estados Unidos<\/b>, responsable de impulsar los t\u00e9rminos del acuerdo y tambi\u00e9n de promover iniciativas diplom\u00e1ticas a trav\u00e9s de la <b>ONU <\/b>para implementar un periodo de transici\u00f3n y estabilidad en la zona de <b>Gaza<\/b>. Mientras algunos cuerpos de rehenes a\u00fan no han sido localizados, las autoridades israel\u00edes y los portavoces de Ham\u00e1s reconocen la dificultad de ubicar esos restos por el nivel de destrucci\u00f3n y las condiciones en el territorio.<\/p>\n","protected":false},"excerpt":{"rendered":"Se confirm\u00f3 la entrega de otro reh\u00e9n en Gaza (Reuters) El ej\u00e9rcito israel\u00ed confirm\u00f3 el mi\u00e9rcoles por la&hellip;\n","protected":false},"author":2,"featured_media":220590,"comment_status":"","ping_status":"","sticky":false,"template":"","format":"standard","meta":{"footnotes":""},"categories":[42],"tags":[17,18,13,14,11,26224,61,62,63,64,19,20,2148,9,10,15,16,12,21,22,65,66,67],"class_list":{"0":"post-220589","1":"post","2":"type-post","3":"status-publish","4":"format-standard","5":"has-post-thumbnail","7":"category-internacional","8":"tag-breaking-news","9":"tag-breakingnews","10":"tag-featured-news","11":"tag-featurednews","12":"tag-headlines","13":"tag-human-interest-brights-odd-news","14":"tag-internacional","15":"tag-international","16":"tag-international-news","17":"tag-internationalnews","18":"tag-latest-news","19":"tag-latestnews","20":"tag-middle-east","21":"tag-news","22":"tag-noticias","23":"tag-noticias-destacadas","24":"tag-noticiasdestacadas","25":"tag-titulares","26":"tag-ultimas-noticias","27":"tag-ultimasnoticias","28":"tag-world","29":"tag-world-news","30":"tag-worldnews"},"share_on_mastodon":{"url":"https:\/\/pubeurope.com\/@es\/115499505318201845","error":""},"_links":{"self":[{"href":"https:\/\/www.europesays.com\/es\/wp-json\/wp\/v2\/posts\/220589","targetHints":{"allow":["GET"]}}],"collection":[{"href":"https:\/\/www.europesays.com\/es\/wp-json\/wp\/v2\/posts"}],"about":[{"href":"https:\/\/www.europesays.com\/es\/wp-json\/wp\/v2\/types\/post"}],"author":[{"embeddable":true,"href":"https:\/\/www.europesays.com\/es\/wp-json\/wp\/v2\/users\/2"}],"replies":[{"embeddable":true,"href":"https:\/\/www.europesays.com\/es\/wp-json\/wp\/v2\/comments?post=220589"}],"version-history":[{"count":0,"href":"https:\/\/www.europesays.com\/es\/wp-json\/wp\/v2\/posts\/220589\/revisions"}],"wp:featuredmedia":[{"embeddable":true,"href":"https:\/\/www.europesays.com\/es\/wp-json\/wp\/v2\/media\/220590"}],"wp:attachment":[{"href":"https:\/\/www.europesays.com\/es\/wp-json\/wp\/v2\/media?parent=220589"}],"wp:term":[{"taxonomy":"category","embeddable":true,"href":"https:\/\/www.europesays.com\/es\/wp-json\/wp\/v2\/categories?post=220589"},{"taxonomy":"post_tag","embeddable":true,"href":"https:\/\/www.europesays.com\/es\/wp-json\/wp\/v2\/tags?post=220589"}],"curies":[{"name":"wp","href":"https:\/\/api.w.org\/{rel}","templated":true}]}}