{"id":220597,"date":"2025-11-05T22:49:07","date_gmt":"2025-11-05T22:49:07","guid":{"rendered":"https:\/\/www.europesays.com\/es\/220597\/"},"modified":"2025-11-05T22:49:07","modified_gmt":"2025-11-05T22:49:07","slug":"es-una-leyenda-en-espana-y-compitio-en-seis-tour-de-france-es-mi-primera-vez-en-chile-es-el-sitio-mas-her-as-chile","status":"publish","type":"post","link":"https:\/\/www.europesays.com\/es\/220597\/","title":{"rendered":"Es una leyenda en Espa\u00f1a y compiti\u00f3 en seis Tour de France: \u201cEs mi primera vez en Chile&#8230; Es el sitio m\u00e1s her &#8211; AS Chile"},"content":{"rendered":"<ol>\n<li><a href=\"https:\/\/news.google.com\/rss\/articles\/CBMi_AFBVV95cUxPUEZ1TU9ZZmh5dThtLXJrMUJzeS1OYi0xRGJkeVlMNURidFZEczJKREpxUWg2M215SXc3QmdaVThIR21YWUxoVFhlVGlZbElINEFBdC1WaDVnWHhfdlpKVVpFMDFBbzdheDhCXzQ1dWw2UHd5SER4dGVWX214dTA5YWNVTkw1Sk5yVk9Cc1QxLUZ5Vlh4Q0tBbl9pYkNEdndwNS1Ia05uUFZIeTVmWFhwVHQyUEZMRmUwSTN6SzU5WDJBcm5vSV9Pb0ptUDI5SThHVzhxdnh1ZG1TZmhnLThGSzJiY2IwRXFmT0g5R1hXY3ZQZ1BCMlF4eng4TUrSAZACQVVfeXFMTTROaVNsWVB6b2FQUkEzRy1rb1BYUTVaTmhGREtwWTVtSFBMcE1DUzdHeDltYU9uYmdtYzFOeTNkOXlzVWhDQzBjcnZnUGotWmpxb1psV001dmVpQWNqQmdWbHRGSnBDNWNMWWdGUHl1cUZuVW11SjcxanBiRGx4dmRmdmh3MlZQVTdpLTRuSk4xMGU5VWJkclBGWkFpNUFqSHdweTYwVmlYZDRTT1B1YWRqTTBmenZUa3diTVYzREFjTVhfRkMwVXQ4OTRrSVNpNm5jM1VEOTFCR3FPbHdqU2tyVEtldnBJWWE1ZTFKX3ZhcURFaUhFTzRHcE54LXZtQnlIeFg3NVhWbHNmZUxnNWQ?oc=5\" target=\"_blank\" rel=\"nofollow noopener\">Es una leyenda en Espa\u00f1a y compiti\u00f3 en seis Tour de France: \u201cEs mi primera vez en Chile&#8230; Es el sitio m\u00e1s her<\/a>&nbsp;&nbsp;AS Chile<\/li>\n<li><a href=\"https:\/\/news.google.com\/rss\/articles\/CBMiuAFBVV95cUxNWHBaN2lINTVRR09sT2ZkYVVKenpWSXpsNkpmR2p0WGVCeXUzTDNhMGYtYVR6dW9ETkFOS3pJUkdTQkRZdENpU043MWZFeTQ0bDZRazFvNTdmM0YyTy1sUVJBYWFWMlZMZFpyTE1aMklCZUlXOWJnZXNDRUhvWENJVmR0VWh0aVdwNFoxVEJYMUtKUTZCSll4Z2pFNm5XMXppQmFCeGdVT3c3RkNxWmdEWTdvR3NLYjA1?oc=5\" target=\"_blank\" rel=\"nofollow noopener\">Haimar Zubeldia se apunta la segunda etapa de la Titan Forest Patagonia<\/a>&nbsp;&nbsp;naiz:<\/li>\n<li><a href=\"https:\/\/news.google.com\/rss\/articles\/CBMiiwFBVV95cUxPUXU3b0tlb29XaWNfZ252Nl9CNk5hTnZ2SnFBaWMxVmJIYTd4NkJMUktBN3d5cHVjeW81MnRCNmtYLVpaUGx4dnY3UHJVNXA1R0I5V201UVRNR0trcFZnRVlmckFVNlFtMTRkQlZ0N0tjQURSczZ6UzVHTDZDSElrTXlweVNlODdpOWxJ0gGLAUFVX3lxTE45aTBQSFpVRzVuTnFlVTZsUFJKTlozdktxZTRfVnZma3JoNklvZVFWSUZRU1RTRnRXeWwtZ1h1TFhUTEdSMmdhZmt6NjNuWXhrTElmd3FCTmd2MEw3YnZleEl6eFA0U1BmLVJ3M3BHQ2NNTVJnSW51WVhzNEpNX2U0MXRaemNqRkdkMEU?oc=5\" target=\"_blank\" rel=\"nofollow noopener\">Luis \u00c1ngel Mate y Pilar Fern\u00e1ndez se adjudican la primera etapa en la Patagonia<\/a>&nbsp;&nbsp;SPORT<\/li>\n<li><a href=\"https:\/\/news.google.com\/rss\/articles\/CBMib0FVX3lxTFBsWVlMNGx4dkQ0ODdtY3lHYk9EejhOc1JrN01zN1pldTNENkd5UTQ1czdrMEN3N1J0ZVZFRnNaOGRnMGRGZndwdTlDdE84eEZ4c2tkVjdCV3RjaTBvanlZWGJTR1VzWlhtbm5SeTAyYw?oc=5\" target=\"_blank\" rel=\"nofollow noopener\">Titan Forest Patagonia: &#8216;Pipo&#8217; Rodr\u00edguez da a Chile la primera victoria; el espa\u00f1ol Mat\u00e9 contin\u00faa l\u00edder<\/a>&nbsp;&nbsp;EsCiclismo.com<\/li>\n<li><a href=\"https:\/\/news.google.com\/rss\/articles\/CBMi5gFBVV95cUxQN29yR2ozbEJSbEtqRk96cTVjTmxieGh0cTNzZkZYY0RkZ0VKX2ZkdFBvMmZydm81T0N3d1diSklsODgybTB3TU1hczQ4aUhjM0MwTkVNb3p5XzR0b29CeDIyYWVybDJXX2NNTjRWUTBiN0dtTjZJUUlOX1Y0eDhHUGdQWFlZeVBVdmhqM1k5Z2hUdDNTV0ZNU21rdmZJZkFXdjdxRnpLN3oxV0FUR2l4UW41Wmo5TjFTcllYckcyV0FYcEp1ZVRMMENvbnJlZlRYNlRaUnR3alNDeF9SNXREaHZPeUR2QdIBjAFBVV95cUxNaUh0aXVHWWFMd2FGSWxKMjVZazZtbUw3VmpSZ19HOGZkRS1iby14Q0VSdFRIWHZPbEJoOTlEdVZGc1FlblJNR3cyaVBRbzd4cjVScnpKOWYyWTRxa3dKai1uMlRwczZqS3JwMTdrVFpVT1dUdHRSb0FLeGJ4THJwUFc1WTA3QWQzRm1CeA?oc=5\" target=\"_blank\" rel=\"nofollow noopener\">Chileno Jos\u00e9 Luis Rodr\u00edguez se qued\u00f3 con la tercera etapa de la Titan Forest Patagonia<\/a>&nbsp;&nbsp;Cooperativa.cl<\/li>\n<\/ol>\n","protected":false},"excerpt":{"rendered":"Es una leyenda en Espa\u00f1a y compiti\u00f3 en seis Tour de France: \u201cEs mi primera vez en Chile&#8230;&hellip;\n","protected":false},"author":2,"featured_media":219548,"comment_status":"","ping_status":"","sticky":false,"template":"","format":"standard","meta":{"footnotes":""},"categories":[273],"tags":[313,312,168,25,24,23,167],"class_list":{"0":"post-220597","1":"post","2":"type-post","3":"status-publish","4":"format-standard","5":"has-post-thumbnail","7":"category-ciclismo","8":"tag-ciclismo","9":"tag-cycling","10":"tag-deportes","11":"tag-es","12":"tag-espana","13":"tag-spain","14":"tag-sports"},"share_on_mastodon":{"url":"https:\/\/pubeurope.com\/@es\/115499536389315812","error":""},"_links":{"self":[{"href":"https:\/\/www.europesays.com\/es\/wp-json\/wp\/v2\/posts\/220597","targetHints":{"allow":["GET"]}}],"collection":[{"href":"https:\/\/www.europesays.com\/es\/wp-json\/wp\/v2\/posts"}],"about":[{"href":"https:\/\/www.europesays.com\/es\/wp-json\/wp\/v2\/types\/post"}],"author":[{"embeddable":true,"href":"https:\/\/www.europesays.com\/es\/wp-json\/wp\/v2\/users\/2"}],"replies":[{"embeddable":true,"href":"https:\/\/www.europesays.com\/es\/wp-json\/wp\/v2\/comments?post=220597"}],"version-history":[{"count":0,"href":"https:\/\/www.europesays.com\/es\/wp-json\/wp\/v2\/posts\/220597\/revisions"}],"wp:featuredmedia":[{"embeddable":true,"href":"https:\/\/www.europesays.com\/es\/wp-json\/wp\/v2\/media\/219548"}],"wp:attachment":[{"href":"https:\/\/www.europesays.com\/es\/wp-json\/wp\/v2\/media?parent=220597"}],"wp:term":[{"taxonomy":"category","embeddable":true,"href":"https:\/\/www.europesays.com\/es\/wp-json\/wp\/v2\/categories?post=220597"},{"taxonomy":"post_tag","embeddable":true,"href":"https:\/\/www.europesays.com\/es\/wp-json\/wp\/v2\/tags?post=220597"}],"curies":[{"name":"wp","href":"https:\/\/api.w.org\/{rel}","templated":true}]}}